{"id":9359,"date":"2023-01-12T17:15:28","date_gmt":"2023-01-12T16:15:28","guid":{"rendered":"https:\/\/agora.xtec.cat\/escolademusicsijpc\/?p=9359"},"modified":"2023-01-12T17:15:28","modified_gmt":"2023-01-12T16:15:28","slug":"audicions-de-nadal-del-15-al-21-de-desembre","status":"publish","type":"post","link":"https:\/\/agora.xtec.cat\/escolademusicsijpc\/general\/audicions-de-nadal-del-15-al-21-de-desembre\/","title":{"rendered":"AUDICIONS DE NADAL DEL 15 AL 21 DE DESEMBRE"},"content":{"rendered":"<div class=\"x11i5rnm xat24cr x1mh8g0r x1vvkbs xdj266r x126k92a\">\n<div dir=\"auto\"><span class=\"x3nfvp2 x1j61x8r x1fcty0u xdj266r xhhsvwb xat24cr xgzva0m xxymvpz xlup9mm x1kky2od\"><img loading=\"lazy\" decoding=\"async\" src=\"https:\/\/static.xx.fbcdn.net\/images\/emoji.php\/v9\/t1\/1\/16\/1f3a7.png\" alt=\"\ud83c\udfa7\" width=\"16\" height=\"16\" \/><\/span> A l&#8217;Escola de M\u00fasica i JPC treballem peri\u00f2dicament amb els alumnes portant-los a fer audicions obertes a la mateixa escola.<\/div>\n<\/div>\n<div class=\"x11i5rnm xat24cr x1mh8g0r x1vvkbs xtlvy1s x126k92a\">\n<div dir=\"auto\"><span class=\"x3nfvp2 x1j61x8r x1fcty0u xdj266r xhhsvwb xat24cr xgzva0m xxymvpz xlup9mm x1kky2od\"><img loading=\"lazy\" decoding=\"async\" src=\"https:\/\/static.xx.fbcdn.net\/images\/emoji.php\/v9\/tb7\/1\/16\/1f917.png\" alt=\"\ud83e\udd17\" width=\"16\" height=\"16\" \/><\/span> El nostre objectiu \u00e9s fomentar l&#8217;expressi\u00f3 p\u00fablica dels seus coneixements, afavorint la seva motivaci\u00f3 i suprimint la por a expressar-se en p\u00fablic!<\/div>\n<\/div>\n<div class=\"x11i5rnm xat24cr x1mh8g0r x1vvkbs xtlvy1s x126k92a\">\n<div dir=\"auto\">https:\/\/lescolademusicsijpc.wordpress.com\/<\/div>\n<div dir=\"auto\"><a href=\"https:\/\/agora.xtec.cat\/escolademusicsijpc\/wp-content\/uploads\/usu459\/2023\/01\/316666228_642503714330277_7766596065106484770_n.jpg\"><img loading=\"lazy\" decoding=\"async\" class=\"aligncenter wp-image-9360 size-full\" src=\"https:\/\/agora.xtec.cat\/escolademusicsijpc\/wp-content\/uploads\/usu459\/2023\/01\/316666228_642503714330277_7766596065106484770_n.jpg\" alt=\"\" width=\"828\" height=\"584\" srcset=\"https:\/\/agora.xtec.cat\/escolademusicsijpc\/wp-content\/uploads\/usu459\/2023\/01\/316666228_642503714330277_7766596065106484770_n.jpg 828w, https:\/\/agora.xtec.cat\/escolademusicsijpc\/wp-content\/uploads\/usu459\/2023\/01\/316666228_642503714330277_7766596065106484770_n-300x212.jpg 300w, https:\/\/agora.xtec.cat\/escolademusicsijpc\/wp-content\/uploads\/usu459\/2023\/01\/316666228_642503714330277_7766596065106484770_n-768x542.jpg 768w\" sizes=\"auto, (max-width: 828px) 100vw, 828px\" \/><\/a><\/div>\n<\/div>\n","protected":false},"excerpt":{"rendered":"<p> A l&#8217;Escola de M\u00fasica i JPC treballem peri\u00f2dicament amb els alumnes portant-los a fer audicions obertes a la mateixa escola.<\/p>\n<p> El nostre objectiu \u00e9s fomentar l&#8217;expressi\u00f3 p\u00fablica dels seus coneixements, afavorint la seva motivaci\u00f3 i suprimint la por a expressar-se en p\u00fablic!<\/p>\n<p>https:\/\/lescolademusicsijpc.wordpress.com\/<br \/>\n<a href=\"https:\/\/agora.xtec.cat\/escolademusicsijpc\/wp-content\/uploads\/usu459\/2023\/01\/316666228_642503714330277_7766596065106484770_n.jpg\"><\/a><\/p>\n","protected":false},"author":3,"featured_media":9360,"comment_status":"open","ping_status":"closed","sticky":false,"template":"","format":"standard","meta":{"_bbp_topic_count":0,"_bbp_reply_count":0,"_bbp_total_topic_count":0,"_bbp_total_reply_count":0,"_bbp_voice_count":0,"_bbp_anonymous_reply_count":0,"_bbp_topic_count_hidden":0,"_bbp_reply_count_hidden":0,"_bbp_forum_subforum_count":0,"footnotes":""},"categories":[1,104],"tags":[],"class_list":["post-9359","post","type-post","status-publish","format-standard","has-post-thumbnail","hentry","category-general","category-uncategorized"],"post_mailing_queue_ids":[],"_links":{"self":[{"href":"https:\/\/agora.xtec.cat\/escolademusicsijpc\/wp-json\/wp\/v2\/posts\/9359","targetHints":{"allow":["GET"]}}],"collection":[{"href":"https:\/\/agora.xtec.cat\/escolademusicsijpc\/wp-json\/wp\/v2\/posts"}],"about":[{"href":"https:\/\/agora.xtec.cat\/escolademusicsijpc\/wp-json\/wp\/v2\/types\/post"}],"author":[{"embeddable":true,"href":"https:\/\/agora.xtec.cat\/escolademusicsijpc\/wp-json\/wp\/v2\/users\/3"}],"replies":[{"embeddable":true,"href":"https:\/\/agora.xtec.cat\/escolademusicsijpc\/wp-json\/wp\/v2\/comments?post=9359"}],"version-history":[{"count":1,"href":"https:\/\/agora.xtec.cat\/escolademusicsijpc\/wp-json\/wp\/v2\/posts\/9359\/revisions"}],"predecessor-version":[{"id":9361,"href":"https:\/\/agora.xtec.cat\/escolademusicsijpc\/wp-json\/wp\/v2\/posts\/9359\/revisions\/9361"}],"wp:featuredmedia":[{"embeddable":true,"href":"https:\/\/agora.xtec.cat\/escolademusicsijpc\/wp-json\/wp\/v2\/media\/9360"}],"wp:attachment":[{"href":"https:\/\/agora.xtec.cat\/escolademusicsijpc\/wp-json\/wp\/v2\/media?parent=9359"}],"wp:term":[{"taxonomy":"category","embeddable":true,"href":"https:\/\/agora.xtec.cat\/escolademusicsijpc\/wp-json\/wp\/v2\/categories?post=9359"},{"taxonomy":"post_tag","embeddable":true,"href":"https:\/\/agora.xtec.cat\/escolademusicsijpc\/wp-json\/wp\/v2\/tags?post=9359"}],"curies":[{"name":"wp","href":"https:\/\/api.w.org\/{rel}","templated":true}]}}