{"id":9297,"date":"2022-04-25T19:20:53","date_gmt":"2022-04-25T17:20:53","guid":{"rendered":"https:\/\/agora.xtec.cat\/escolademusicsijpc\/?p=9297"},"modified":"2022-05-11T16:50:57","modified_gmt":"2022-05-11T14:50:57","slug":"preinscripcions-2022-23-2","status":"publish","type":"post","link":"https:\/\/agora.xtec.cat\/escolademusicsijpc\/general\/preinscripcions-2022-23-2\/","title":{"rendered":"PREINSCRIPCIONS 2022\/23 amb descomptes fins el 13 de maig !"},"content":{"rendered":"<p><strong>Benvolguts alumnes, mares i pares de L\u2019Escola de M\u00fasics i JPC.<\/strong><\/p>\n<p><strong>Us recordem que a partir d\u2019avui dilluns 24 d\u2019abril podreu fer la preinscripci\u00f3 2022-23 On-line.<\/strong><\/p>\n<p><strong>Us enviem l\u2019enlla\u00e7 per fer la preinscripci\u00f3 del curs 2022-23 On-line:\u00a0<\/strong><\/p>\n<p><strong><a href=\"https:\/\/forms.gle\/vCvytcmzxJhso8JW6\" target=\"_blank\" rel=\"noreferrer noopener\">https:\/\/forms.gle\/vCvytcmzxJhso8JW6<\/a><\/strong><\/p>\n<p>Si teniu dubtes de com fer la preinscripci\u00f3 o de quines assignatures matricular-vos, us podeu posar en contacte amb el professor\/a d\u2019instrument (tutor) o amb secretaria.<\/p>\n<p>Per qualsevol dubte o informaci\u00f3 podeu trucar a l\u2019escola al 93 301 07 18 de 10 a 21<\/p>\n<p><strong><u>MATRICULACI\u00d3 CURS\u00a02022-23<\/u><\/strong><strong><u>\u00a0<\/u><\/strong><\/p>\n<p><strong><u>Criteris a l\u2019hora de fer els horaris<\/u><\/strong><\/p>\n<p>1.\u00a0\u00a0\u00a0\u00a0Tindran prefer\u00e8ncia els alumnes que facin el programa oficial.<\/p>\n<p>a.\u00a0\u00a0\u00a0<strong>Classes Grupals:\u00a0<\/strong>\u00a0Tindran prefer\u00e8ncia tots aquells antics alumnes que es prescriguin\u00a0en el programa oficial i\u00a0<strong>es tancaranels\u00a0grups per estricte ordre d\u2019arribada.<\/strong><\/p>\n<p>b.\u00a0\u00a0\u00a0<strong>Classes individuals<\/strong>: Tindran prefer\u00e8ncia tots aquells antics alumnes que\u00a0es prescriguin\u00a0en el programa oficial\u00a0i\u00a0<strong>els horaris es confeccionaran segons l\u2019edat de cada alumne<\/strong>\u00a0(els petits m\u00e9s aviat i els grans m\u00e9s tard).<\/p>\n<p>2.\u00a0\u00a0\u00a0\u00a0\u00a0Tindran prefer\u00e8ncia hor\u00e0ria tots aquells alumnes que es matriculin\u00a0abans del 6 de maig.<\/p>\n<p>3.\u00a0\u00a0\u00a0\u00a0\u00a0Germans.<\/p>\n<p>4.\u00a0\u00a0\u00a0\u00a0\u00a0Antiguitat a l\u2019escola.<\/p>\n<p><strong>Preinscripci\u00f3 curs\u00a02022-23<\/strong><\/p>\n<p>Els alumnes que tinguin mensualitats pendents de pagament hauran d\u2019abonar-les abans de fer la\u00a0preinscripci\u00f3.<\/p>\n<p><strong><u>Preus\u00a0preinscripci\u00f3 per alumne<\/u><\/strong><\/p>\n<figure class=\"wp-block-table\">\n<table>\n<tbody>\n<tr>\n<td><strong>Programa oficial\u00a0\u00a0\u00a0\u00a0<\/strong><strong>(No s\u2019inclou Ravals, Musicals\u2019 Choir, cors externs)<\/strong><\/td>\n<td><strong>Programa lliure<\/strong><strong>(amb alguna assignatura grupal)<\/strong><\/td>\n<td><strong>Programa lliure<\/strong><strong>( sense assignatura grupal)<\/strong><\/td>\n<\/tr>\n<tr>\n<td><strong>60\u20ac<\/strong><\/td>\n<td><strong>70\u20ac<\/strong><\/td>\n<td><strong>90\u20ac<\/strong><\/td>\n<\/tr>\n<\/tbody>\n<\/table>\n<\/figure>\n<p><strong>25% Descompte als familiars directes<\/strong><\/p>\n<p><strong><u>Descomptes preinscripci\u00f3 del 25 d\u2019abril al 13 de maig.\u00a0<\/u><\/strong><\/p>\n<p><strong>\u00a0 40%\u00a0\u2013\u00a0Alumnes que estan cursant\u00a0 programa oficial.<\/strong><\/p>\n<p><strong>\u00a0 30%\u00a0\u2013\u00a0Alumnes del programa lliure (amb assignatura de grup)<\/strong><\/p>\n<p><strong>\u00a0 20%\u00a0\u2013\u00a0Alumnes del programa lliure (sense assignatura de grup)<\/strong><\/p>\n<p><strong>Confirmaci\u00f3 d\u2019horaris i matriculaci\u00f3:<\/strong><\/p>\n<p><strong>30 de maig:<\/strong>\u00a0alumnes preinscrits en el programa oficial.<\/p>\n<p><strong>7 de juny:<\/strong>\u00a0alumnes preinscrits en el programa lliure.<\/p>\n<p><strong><u>IMPORTANT! Canviar d\u2019un programa a un inferior implica abonar la difer\u00e8ncia del preu de la matr\u00edcula.<\/u><\/strong><\/p>\n<p>Tots aquells alumnes que no confirmin els horaris de la\u00a0preinscripci\u00f3\u00a0i no signin la matr\u00edcula en el termini marcat, perdran els horaris assignats.<\/p>\n<p>L\u2019escola disposar\u00e0 d\u2019aquests horaris per fer canvis o per\u00a0prescriure\u00a0nous alumnes.<\/p>\n<p>L\u2019Escola aconsella seguir la programaci\u00f3 oficial que us adjuntem a continuaci\u00f3, i que s\u2019acreditar\u00e0 amb els seg\u00fcents diplomes:<\/p>\n<p><strong><u>Diploma acreditatiu de nivell elemental<\/u><\/strong><\/p>\n<p>Assignatures m\u00ednimes que s\u2019han de cursar per l\u2019obtenci\u00f3 del diploma:<\/p>\n<p>6 cursos d\u2019instrument<\/p>\n<p>6 cursos de llenguatge musical<\/p>\n<p>4 cursos: de grup instrumental o d\u2019orquestra<\/p>\n<p><strong><u>Diploma acreditatiu de nivell professional (mitj\u00e0)<\/u><\/strong><\/p>\n<p>Assignatures m\u00ednimes que s\u2019han de cursar per l\u2019obtenci\u00f3 del diploma:<\/p>\n<p>6 cursos d\u2019instrument<\/p>\n<p>4 cursos de Llenguatge musical + 4 cursos d\u2019harmonia<\/p>\n<p>2 cursos de dictat i harmonia aplicada a l\u2019an\u00e0lisi, l\u2019audici\u00f3 i la hist\u00f2ria de la m\u00fasica,\u00a0\u00a0 o d\u2019arranjaments i harmonia moderna<\/p>\n<p>6 cursos de cant coral, grup instrumental o orquestra.<\/p>\n<p>6 cursos de segon instrument<\/p>\n<p>Volem remarcar que aquesta programaci\u00f3 no \u00e9s obligat\u00f2ria. Malgrat tot, l\u2019escola considera que \u00e9s la millor opci\u00f3 \u00a0per aprendre b\u00e9 la m\u00fasica i tenir un bon nivell, si en el futur es vol cursar estudis superiors de m\u00fasica.<\/p>\n<p>L\u2019Escola dona l\u2019opci\u00f3 de seguir el projecte curricular per mitj\u00e0 d\u2019un programa lliure.<\/p>\n<p>L\u2019Escola es caracteritza per la seva flexibilitat, adaptant al m\u00e0xim possible la seva programaci\u00f3 curricular a les caracter\u00edstiques i necessitats particulars de cada alumne.<\/p>\n<p><strong>Assignatures grupals i individuals<\/strong><\/p>\n<figure class=\"wp-block-table\">\n<table>\n<tbody>\n<tr>\n<td><strong>Nivell Iniciaci\u00f3<\/strong><\/td>\n<\/tr>\n<tr>\n<td><strong>Grup<\/strong><\/td>\n<td><strong>Horari\u00a0<\/strong><\/td>\n<td><strong>Grup<\/strong><\/td>\n<td><strong>Horari\u00a0<\/strong><\/td>\n<\/tr>\n<tr>\n<td>Sensibilitzaci\u00f3 2<\/td>\n<td>DL 17:00-18:00<\/td>\n<td>Sensibilitzaci\u00f3 5<\/td>\n<td>DC 17:30-18:30<\/td>\n<\/tr>\n<tr>\n<td>Sensibilitzaci\u00f3 3<\/td>\n<td>DT 18:00-19:00<\/td>\n<td>Sensibilitzaci\u00f3 5<\/td>\n<td>DJ 18:00-19:00<\/td>\n<\/tr>\n<tr>\n<td>Sensibilitzaci\u00f3 4<\/td>\n<td>DL 18:00-19:00<\/td>\n<td><\/td>\n<td><\/td>\n<\/tr>\n<\/tbody>\n<\/table>\n<\/figure>\n<figure class=\"wp-block-table\">\n<table>\n<tbody>\n<tr>\n<td><strong>Nivell Elemental<\/strong><\/td>\n<\/tr>\n<tr>\n<td><strong>Grup<\/strong><\/td>\n<td><strong>Horari<\/strong><\/td>\n<td><strong>Grup<\/strong><\/td>\n<td><strong>Horari<\/strong><\/td>\n<\/tr>\n<tr>\n<td>Llenguatge Musical Elemental 1<\/td>\n<td>DT 17:30-18:30<\/td>\n<td>Llenguatge Musical Elemental 5<\/td>\n<td>DL 19:00-20:30<\/td>\n<\/tr>\n<tr>\n<td>Llenguatge Musical Elemental 1<\/td>\n<td>DC 17:30-18:30<\/td>\n<td>Llenguatge Musical Elemental 6<\/td>\n<td>DL 19:00-20:30<\/td>\n<\/tr>\n<tr>\n<td>Llenguatge Musical Elemental 2<\/td>\n<td>DL 17:30-18:30<\/td>\n<td>Llenguatge Musical Elemental 6<\/td>\n<td>DT 19:00-20:30<\/td>\n<\/tr>\n<tr>\n<td>Llenguatge Musical Elemental 3<\/td>\n<td>DC 17:30-19:00<\/td>\n<td>Llenguatge Musical Joves 1<\/td>\n<td>DJ 19:00-20:30<\/td>\n<\/tr>\n<tr>\n<td>Llenguatge Musical Elemental 3<\/td>\n<td>DJ 17:30-19:00<\/td>\n<td>Llenguatge Musical Joves 2<\/td>\n<td>DM 19:00-20:30<\/td>\n<\/tr>\n<tr>\n<td>Llenguatge Musical Elemental 4<\/td>\n<td>DT 17:30-19:00<\/td>\n<td>Llenguatge Musical Joves 3<\/td>\n<td>DL 19:00-20:30<\/td>\n<\/tr>\n<\/tbody>\n<\/table>\n<\/figure>\n<figure class=\"wp-block-table\">\n<table>\n<tbody>\n<tr>\n<td><strong>Nivell Professional<\/strong><\/td>\n<\/tr>\n<tr>\n<td><strong>Grup<\/strong><\/td>\n<td><strong>Horari<\/strong><\/td>\n<td><\/td>\n<td><\/td>\n<\/tr>\n<tr>\n<td>Llenguatge i Harmonia Moderna Professional 1<\/td>\n<td>DC 17:30-19:30<\/td>\n<td>Llenguatge i Harmonia Cl\u00e0ssica Professional 1<\/td>\n<td>DT 19:00-21:00<\/td>\n<\/tr>\n<tr>\n<td>Llenguatge i Harmonia Moderna Professional 2<\/td>\n<td>DJ 17:30-19:30<\/td>\n<td>Llenguatge i Harmonia Cl\u00e0ssica Professional 3<\/td>\n<td>DJ 18:30-20:30<\/td>\n<\/tr>\n<tr>\n<td>Llenguatge i Harmonia Moderna Professional 3<\/td>\n<td>DV 16:00-18:00<\/td>\n<td>Llenguatge i Harmonia Cl\u00e0ssica Professional 4<\/td>\n<td>DC 16:00-18:00<\/td>\n<\/tr>\n<tr>\n<td>Llenguatge i Harmonia Moderna Professional 3<\/td>\n<td>DV 18:00-20:00<\/td>\n<td>Llenguatge i Harmonia Cl\u00e0ssica Professional 5<\/td>\n<td>DL 17:30-19:30<\/td>\n<\/tr>\n<tr>\n<td>Llenguatge i Harmonia Moderna Professional 4<\/td>\n<td>DL 16:00-18:00<\/td>\n<td><\/td>\n<td><\/td>\n<\/tr>\n<tr>\n<td>Llenguatge i Harmonia Moderna Professional 5<\/td>\n<td>DT 17:30-19:30<\/td>\n<td><\/td>\n<td><\/td>\n<\/tr>\n<\/tbody>\n<\/table>\n<\/figure>\n<figure class=\"wp-block-table\">\n<table>\n<tbody>\n<tr>\n<td><strong>Instruments<\/strong><\/td>\n<\/tr>\n<tr>\n<td>Temps de classe: 30\u2032, 45\u2032, 60\u2032<\/td>\n<\/tr>\n<tr>\n<td>Baix el\u00e8ctric<\/td>\n<td>Clarinet<\/td>\n<td>Flauta travessera<\/td>\n<td>Piano<\/td>\n<td>Tromb\u00f3<\/td>\n<td>Viola<\/td>\n<\/tr>\n<tr>\n<td>Bateria<\/td>\n<td>Contrabaix<\/td>\n<td>Guitarra<\/td>\n<td>Piano modern<\/td>\n<td>Trompeta<\/td>\n<td>Viol\u00ed<\/td>\n<\/tr>\n<tr>\n<td>Cant<\/td>\n<td>Fagot<\/td>\n<td>Guitarra el\u00e8ctrica<\/td>\n<td>Sax\u00f2fon<\/td>\n<td>Ukelele<\/td>\n<td>Violoncel<\/td>\n<\/tr>\n<\/tbody>\n<\/table>\n<\/figure>\n<figure class=\"wp-block-table\">\n<table>\n<tbody>\n<tr>\n<td><strong>Agrupacions<\/strong><\/td>\n<\/tr>\n<tr>\n<td><strong>Grups<\/strong><\/td>\n<td><strong>Horari<\/strong><\/td>\n<td><strong>Grups<\/strong><\/td>\n<td><strong>Horari<\/strong><\/td>\n<\/tr>\n<tr>\n<td>Big Band<\/td>\n<td>DT 20:00-21:30<\/td>\n<td>Improvisaci\u00f3 1<\/td>\n<td>DL 18:00-19:00<\/td>\n<\/tr>\n<tr>\n<td>Combo Dijous A<\/td>\n<td>DJ 19:30-20:30<\/td>\n<td>Improvisaci\u00f3 2<\/td>\n<td>DT 18:00-19:00<\/td>\n<\/tr>\n<tr>\n<td>Combo Dilluns A<\/td>\n<td>DL 18:00-19:00<\/td>\n<td>Llenguatge i t\u00e8cnica coral<\/td>\n<td>DM 19:00 a 21:00<\/td>\n<\/tr>\n<tr>\n<td>Combo Dilluns B<\/td>\n<td>DL 19:00-20:00<\/td>\n<td>Musical Adults<\/td>\n<td>DC 20:30-21:30<\/td>\n<\/tr>\n<tr>\n<td>Combo Dilluns C<\/td>\n<td>DL 20:00-21:00<\/td>\n<td>Musical Elemental juvenil<\/td>\n<td>DT 19:00-20:00<\/td>\n<\/tr>\n<tr>\n<td>Combo Dimarts Adults<\/td>\n<td>DT 20:30-21:30<\/td>\n<td>Musical Elemental infantil<\/td>\n<td>DV 18:00-19:00<\/td>\n<\/tr>\n<tr>\n<td>Combo Dimarts A<\/td>\n<td>DT 19:30-20:30<\/td>\n<td>Musical Professional<\/td>\n<td>DJ 18:30-20:00<\/td>\n<\/tr>\n<tr>\n<td>Combo Dimecres C<\/td>\n<td>DC 18:00-19:00<\/td>\n<td>Orquestra Adults<\/td>\n<td>DL 19:30-20:30<\/td>\n<\/tr>\n<tr>\n<td>Combo Dimecres A<\/td>\n<td>DC 19:30-20:30<\/td>\n<td>Orquestra Elemental<\/td>\n<td>DC 18:00-19:30<\/td>\n<\/tr>\n<tr>\n<td>Combo Dimecres Adults<\/td>\n<td>DC 20:30-21:30<\/td>\n<td>Orquestra Guitarres Adults<\/td>\n<td>DT 20:00-21:00<\/td>\n<\/tr>\n<tr>\n<td>Coral Smiling dijous<\/td>\n<td>DJ 19:00-20:00<\/td>\n<td>Orquestra Guitarres Grans<\/td>\n<td>DJ 18:00-19:00<\/td>\n<\/tr>\n<tr>\n<td>Coral Smiling dimecres<\/td>\n<td>DC 18:30-19:30<\/td>\n<td>Orquestra Guitarres Petits<\/td>\n<td>DL 17:30-18:30<\/td>\n<\/tr>\n<tr>\n<td>Coral Pop Rockers<\/td>\n<td>DL 20:00-21:30<\/td>\n<td>Orquestra Professional<\/td>\n<td>DC 19:30-21:30<\/td>\n<\/tr>\n<tr>\n<td>Grup Instrumental Pianos<\/td>\n<td>DJ 18:00-19:00<\/td>\n<td>Llenguatge i t\u00e8cnica coral<\/td>\n<td>DM 19:00 a 21:00<\/td>\n<\/tr>\n<tr>\n<td>Grup de cambra cordes<\/td>\n<td>DJ 20:30 a 21:30<\/td>\n<td><\/td>\n<td><\/td>\n<\/tr>\n<\/tbody>\n<\/table>\n<\/figure>\n<p>Per a qualsevol dubte, ens podeu trobar en els horaris habituals de secretaria:<\/p>\n<p>C\/ Carme 15-17<\/p>\n<p>Matins: de dilluns a divendres de 10 a 14 h<\/p>\n<p>Tardes: de dilluns a divendres de 16 a 21h<\/p>\n<p>Tel: 93 301 07 18<\/p>\n<div id=\"jp-post-flair\" class=\"sharedaddy sd-like-enabled sd-sharing-enabled\">\n<div class=\"sharedaddy sd-sharing-enabled\"><\/div>\n<\/div>\n","protected":false},"excerpt":{"rendered":"<p>Benvolguts alumnes, mares i pares de L\u2019Escola de M\u00fasics i JPC.<br \/>\nUs recordem que a partir d\u2019avui dilluns 24 d\u2019abril podreu fer la preinscripci\u00f3 2022-23 On-line.<br \/>\nUs enviem l\u2019enlla\u00e7 per fer la preinscripci\u00f3 del curs 2022-23 On-line:\u00a0<br \/>\n<a href=\"https:\/\/forms.gle\/vCvytcmzxJhso8JW6\" target=\"_blank\" rel=\"noreferrer noopener\">https:\/\/forms.gle\/vCvytcmzxJhso8JW6<\/a><br \/>\nSi teniu dubtes de com fer la&hellip;  <a href=\"https:\/\/agora.xtec.cat\/escolademusicsijpc\/general\/preinscripcions-2022-23-2\/\" title=\"Read PREINSCRIPCIONS 2022\/23 amb descomptes fins el 13 de maig !\">Llegeix m\u00e9s\u00bb<\/a><\/p>\n","protected":false},"author":3,"featured_media":9285,"comment_status":"open","ping_status":"closed","sticky":false,"template":"","format":"standard","meta":{"_bbp_topic_count":0,"_bbp_reply_count":0,"_bbp_total_topic_count":0,"_bbp_total_reply_count":0,"_bbp_voice_count":0,"_bbp_anonymous_reply_count":0,"_bbp_topic_count_hidden":0,"_bbp_reply_count_hidden":0,"_bbp_forum_subforum_count":0,"footnotes":""},"categories":[1,104],"tags":[],"class_list":["post-9297","post","type-post","status-publish","format-standard","has-post-thumbnail","hentry","category-general","category-uncategorized"],"post_mailing_queue_ids":[],"_links":{"self":[{"href":"https:\/\/agora.xtec.cat\/escolademusicsijpc\/wp-json\/wp\/v2\/posts\/9297","targetHints":{"allow":["GET"]}}],"collection":[{"href":"https:\/\/agora.xtec.cat\/escolademusicsijpc\/wp-json\/wp\/v2\/posts"}],"about":[{"href":"https:\/\/agora.xtec.cat\/escolademusicsijpc\/wp-json\/wp\/v2\/types\/post"}],"author":[{"embeddable":true,"href":"https:\/\/agora.xtec.cat\/escolademusicsijpc\/wp-json\/wp\/v2\/users\/3"}],"replies":[{"embeddable":true,"href":"https:\/\/agora.xtec.cat\/escolademusicsijpc\/wp-json\/wp\/v2\/comments?post=9297"}],"version-history":[{"count":3,"href":"https:\/\/agora.xtec.cat\/escolademusicsijpc\/wp-json\/wp\/v2\/posts\/9297\/revisions"}],"predecessor-version":[{"id":9305,"href":"https:\/\/agora.xtec.cat\/escolademusicsijpc\/wp-json\/wp\/v2\/posts\/9297\/revisions\/9305"}],"wp:featuredmedia":[{"embeddable":true,"href":"https:\/\/agora.xtec.cat\/escolademusicsijpc\/wp-json\/wp\/v2\/media\/9285"}],"wp:attachment":[{"href":"https:\/\/agora.xtec.cat\/escolademusicsijpc\/wp-json\/wp\/v2\/media?parent=9297"}],"wp:term":[{"taxonomy":"category","embeddable":true,"href":"https:\/\/agora.xtec.cat\/escolademusicsijpc\/wp-json\/wp\/v2\/categories?post=9297"},{"taxonomy":"post_tag","embeddable":true,"href":"https:\/\/agora.xtec.cat\/escolademusicsijpc\/wp-json\/wp\/v2\/tags?post=9297"}],"curies":[{"name":"wp","href":"https:\/\/api.w.org\/{rel}","templated":true}]}}