{"id":9280,"date":"2022-03-24T17:26:43","date_gmt":"2022-03-24T16:26:43","guid":{"rendered":"https:\/\/agora.xtec.cat\/escolademusicsijpc\/?p=9280"},"modified":"2022-03-24T17:27:45","modified_gmt":"2022-03-24T16:27:45","slug":"premis-cors-clave","status":"publish","type":"post","link":"https:\/\/agora.xtec.cat\/escolademusicsijpc\/general\/premis-cors-clave\/","title":{"rendered":"PREMIS CORS CLAVE"},"content":{"rendered":"<blockquote class=\"twitter-tweet\" data-width=\"500\" data-dnt=\"true\">\n<p lang=\"ca\" dir=\"ltr\">Molt contents d&#39;estar nominats als premis <a href=\"https:\/\/twitter.com\/CorsClave?ref_src=twsrc%5Etfw\">@CorsClave<\/a> per transformaci\u00f3 social. La for\u00e7a de la m\u00fasica \u00e9s inmensa i el cant coral \u00e9s un mitj\u00e0 meravell\u00f3s d&#39;uni\u00f3 de cultures, religions i realitats diferents. \u2764\ufe0f <a href=\"https:\/\/twitter.com\/hashtag\/coral?src=hash&amp;ref_src=twsrc%5Etfw\">#coral<\/a> <a href=\"https:\/\/twitter.com\/consorciedubcn?ref_src=twsrc%5Etfw\">@consorciedubcn<\/a> <a href=\"https:\/\/twitter.com\/Bcn_CiutatVella?ref_src=twsrc%5Etfw\">@Bcn_CiutatVella<\/a> <a href=\"https:\/\/twitter.com\/educaciocat?ref_src=twsrc%5Etfw\">@educaciocat<\/a> <a href=\"https:\/\/twitter.com\/EquipTecnicFCEC?ref_src=twsrc%5Etfw\">@EquipTecnicFCEC<\/a> <a href=\"https:\/\/t.co\/phOYyEZnTC\">pic.twitter.com\/phOYyEZnTC<\/a><\/p>\n<p>&mdash; Lescolademusicsijpc (@LEMiJPC) <a href=\"https:\/\/twitter.com\/LEMiJPC\/status\/1507019158818631680?ref_src=twsrc%5Etfw\">March 24, 2022<\/a><\/p><\/blockquote>\n<p><script async src=\"https:\/\/platform.twitter.com\/widgets.js\" charset=\"utf-8\"><\/script><\/p>\n","protected":false},"excerpt":{"rendered":"<p>Molt contents d&#39;estar nominats als premis <a href=\"https:\/\/twitter.com\/CorsClave?ref_src=twsrc%5Etfw\">@CorsClave<\/a> per transformaci\u00f3 social. La for\u00e7a de la m\u00fasica \u00e9s inmensa i el cant coral \u00e9s un mitj\u00e0 meravell\u00f3s d&#39;uni\u00f3 de cultures, religions i realitats diferents. \u2764\ufe0f <a href=\"https:\/\/twitter.com\/hashtag\/coral?src=hash&amp;ref_src=twsrc%5Etfw\">#coral<\/a> <a href=\"https:\/\/twitter.com\/consorciedubcn?ref_src=twsrc%5Etfw\">@consorciedubcn<\/a> <a href=\"https:\/\/twitter.com\/Bcn_CiutatVella?ref_src=twsrc%5Etfw\">@Bcn_CiutatVella<\/a> <a href=\"https:\/\/twitter.com\/educaciocat?ref_src=twsrc%5Etfw\">@educaciocat<\/a> <a href=\"https:\/\/twitter.com\/EquipTecnicFCEC?ref_src=twsrc%5Etfw\">@EquipTecnicFCEC<\/a> <a&hellip;  <a href=\"https:\/\/agora.xtec.cat\/escolademusicsijpc\/general\/premis-cors-clave\/\" title=\"Read PREMIS CORS CLAVE\">Llegeix m\u00e9s\u00bb<\/a><\/p>\n","protected":false},"author":3,"featured_media":9281,"comment_status":"open","ping_status":"closed","sticky":false,"template":"","format":"standard","meta":{"_bbp_topic_count":0,"_bbp_reply_count":0,"_bbp_total_topic_count":0,"_bbp_total_reply_count":0,"_bbp_voice_count":0,"_bbp_anonymous_reply_count":0,"_bbp_topic_count_hidden":0,"_bbp_reply_count_hidden":0,"_bbp_forum_subforum_count":0,"footnotes":""},"categories":[66,1,105,129,136,141,140,132,104],"tags":[],"class_list":["post-9280","post","type-post","status-publish","format-standard","has-post-thumbnail","hentry","category-corals","category-general","category-musicals-choir","category-smiling","category-sons-de-veu","category-the-pop-rockers","category-tocats-de-lala","category-trencacors","category-uncategorized"],"post_mailing_queue_ids":[],"_links":{"self":[{"href":"https:\/\/agora.xtec.cat\/escolademusicsijpc\/wp-json\/wp\/v2\/posts\/9280","targetHints":{"allow":["GET"]}}],"collection":[{"href":"https:\/\/agora.xtec.cat\/escolademusicsijpc\/wp-json\/wp\/v2\/posts"}],"about":[{"href":"https:\/\/agora.xtec.cat\/escolademusicsijpc\/wp-json\/wp\/v2\/types\/post"}],"author":[{"embeddable":true,"href":"https:\/\/agora.xtec.cat\/escolademusicsijpc\/wp-json\/wp\/v2\/users\/3"}],"replies":[{"embeddable":true,"href":"https:\/\/agora.xtec.cat\/escolademusicsijpc\/wp-json\/wp\/v2\/comments?post=9280"}],"version-history":[{"count":2,"href":"https:\/\/agora.xtec.cat\/escolademusicsijpc\/wp-json\/wp\/v2\/posts\/9280\/revisions"}],"predecessor-version":[{"id":9283,"href":"https:\/\/agora.xtec.cat\/escolademusicsijpc\/wp-json\/wp\/v2\/posts\/9280\/revisions\/9283"}],"wp:featuredmedia":[{"embeddable":true,"href":"https:\/\/agora.xtec.cat\/escolademusicsijpc\/wp-json\/wp\/v2\/media\/9281"}],"wp:attachment":[{"href":"https:\/\/agora.xtec.cat\/escolademusicsijpc\/wp-json\/wp\/v2\/media?parent=9280"}],"wp:term":[{"taxonomy":"category","embeddable":true,"href":"https:\/\/agora.xtec.cat\/escolademusicsijpc\/wp-json\/wp\/v2\/categories?post=9280"},{"taxonomy":"post_tag","embeddable":true,"href":"https:\/\/agora.xtec.cat\/escolademusicsijpc\/wp-json\/wp\/v2\/tags?post=9280"}],"curies":[{"name":"wp","href":"https:\/\/api.w.org\/{rel}","templated":true}]}}