{"id":9144,"date":"2022-02-03T15:09:41","date_gmt":"2022-02-03T14:09:41","guid":{"rendered":"https:\/\/agora.xtec.cat\/escolademusicsijpc\/?p=9144"},"modified":"2022-02-03T15:09:41","modified_gmt":"2022-02-03T14:09:41","slug":"tocats-de-lala-de-concert","status":"publish","type":"post","link":"https:\/\/agora.xtec.cat\/escolademusicsijpc\/general\/tocats-de-lala-de-concert\/","title":{"rendered":"Tocats de l&#8217;Ala de concert"},"content":{"rendered":"<p><iframe loading=\"lazy\" title=\"YouTube video player\" src=\"https:\/\/www.youtube.com\/embed\/AsvKISnpa7k\" width=\"560\" height=\"315\" frameborder=\"0\" allowfullscreen=\"allowfullscreen\"><\/iframe><\/p>\n<p>Interpretaci\u00f3 de la can\u00e7\u00f3 Go West del grup Pet Shop Boys a c\u00e0rrec del grup Tocats de l&#8217;Ala de L&#8217;Escola de M\u00fasics i JPC a Calabria 66.<\/p>\n","protected":false},"excerpt":{"rendered":"<p>Interpretaci\u00f3 de la can\u00e7\u00f3 Go West del grup Pet Shop Boys a c\u00e0rrec del grup Tocats de l&#8217;Ala de L&#8217;Escola de M\u00fasics i JPC a Calabria 66.<\/p>\n","protected":false},"author":3,"featured_media":9137,"comment_status":"open","ping_status":"closed","sticky":false,"template":"","format":"standard","meta":{"_bbp_topic_count":0,"_bbp_reply_count":0,"_bbp_total_topic_count":0,"_bbp_total_reply_count":0,"_bbp_voice_count":0,"_bbp_anonymous_reply_count":0,"_bbp_topic_count_hidden":0,"_bbp_reply_count_hidden":0,"_bbp_forum_subforum_count":0,"footnotes":""},"categories":[1,140,104,77],"tags":[],"class_list":["post-9144","post","type-post","status-publish","format-standard","has-post-thumbnail","hentry","category-general","category-tocats-de-lala","category-uncategorized","category-videos"],"post_mailing_queue_ids":[],"_links":{"self":[{"href":"https:\/\/agora.xtec.cat\/escolademusicsijpc\/wp-json\/wp\/v2\/posts\/9144","targetHints":{"allow":["GET"]}}],"collection":[{"href":"https:\/\/agora.xtec.cat\/escolademusicsijpc\/wp-json\/wp\/v2\/posts"}],"about":[{"href":"https:\/\/agora.xtec.cat\/escolademusicsijpc\/wp-json\/wp\/v2\/types\/post"}],"author":[{"embeddable":true,"href":"https:\/\/agora.xtec.cat\/escolademusicsijpc\/wp-json\/wp\/v2\/users\/3"}],"replies":[{"embeddable":true,"href":"https:\/\/agora.xtec.cat\/escolademusicsijpc\/wp-json\/wp\/v2\/comments?post=9144"}],"version-history":[{"count":1,"href":"https:\/\/agora.xtec.cat\/escolademusicsijpc\/wp-json\/wp\/v2\/posts\/9144\/revisions"}],"predecessor-version":[{"id":9145,"href":"https:\/\/agora.xtec.cat\/escolademusicsijpc\/wp-json\/wp\/v2\/posts\/9144\/revisions\/9145"}],"wp:featuredmedia":[{"embeddable":true,"href":"https:\/\/agora.xtec.cat\/escolademusicsijpc\/wp-json\/wp\/v2\/media\/9137"}],"wp:attachment":[{"href":"https:\/\/agora.xtec.cat\/escolademusicsijpc\/wp-json\/wp\/v2\/media?parent=9144"}],"wp:term":[{"taxonomy":"category","embeddable":true,"href":"https:\/\/agora.xtec.cat\/escolademusicsijpc\/wp-json\/wp\/v2\/categories?post=9144"},{"taxonomy":"post_tag","embeddable":true,"href":"https:\/\/agora.xtec.cat\/escolademusicsijpc\/wp-json\/wp\/v2\/tags?post=9144"}],"curies":[{"name":"wp","href":"https:\/\/api.w.org\/{rel}","templated":true}]}}