{"id":9094,"date":"2021-12-16T17:04:09","date_gmt":"2021-12-16T16:04:09","guid":{"rendered":"https:\/\/agora.xtec.cat\/escolademusicsijpc\/?p=9094"},"modified":"2021-12-21T19:29:32","modified_gmt":"2021-12-21T18:29:32","slug":"flor-de-nit-mar-i-cel","status":"publish","type":"post","link":"https:\/\/agora.xtec.cat\/escolademusicsijpc\/general\/flor-de-nit-mar-i-cel\/","title":{"rendered":"Flor de nit Mar i Cel"},"content":{"rendered":"<p><iframe loading=\"lazy\" title=\"YouTube video player\" src=\"https:\/\/www.youtube.com\/embed\/XAXDrDGD2_4\" width=\"560\" height=\"315\" frameborder=\"0\" allowfullscreen=\"allowfullscreen\"><\/iframe><br \/>\nPe\u00e7a final del concert ofert el 12-12-2021 al teatre de l\u2019Alian\u00e7a del Poble Nou a c\u00e0rrec de les corals TrencaCors, Les Flors de Maig I Orfe\u00f3 Sarrianenc sota la direcci\u00f3 d\u2019Albert Cabero i Cristina Colomer.<\/p>\n","protected":false},"excerpt":{"rendered":"<p>Pe\u00e7a final del concert ofert el 12-12-2021 al teatre de l\u2019Alian\u00e7a del Poble Nou a c\u00e0rrec de les corals TrencaCors, Les Flors de Maig I Orfe\u00f3 Sarrianenc sota la direcci\u00f3 d\u2019Albert Cabero i Cristina Colomer.<\/p>\n","protected":false},"author":3,"featured_media":9099,"comment_status":"open","ping_status":"closed","sticky":false,"template":"","format":"standard","meta":{"_bbp_topic_count":0,"_bbp_reply_count":0,"_bbp_total_topic_count":0,"_bbp_total_reply_count":0,"_bbp_voice_count":0,"_bbp_anonymous_reply_count":0,"_bbp_topic_count_hidden":0,"_bbp_reply_count_hidden":0,"_bbp_forum_subforum_count":0,"footnotes":""},"categories":[63,66,1,132,104,77],"tags":[],"class_list":["post-9094","post","type-post","status-publish","format-standard","has-post-thumbnail","hentry","category-concerts","category-corals","category-general","category-trencacors","category-uncategorized","category-videos"],"post_mailing_queue_ids":[],"_links":{"self":[{"href":"https:\/\/agora.xtec.cat\/escolademusicsijpc\/wp-json\/wp\/v2\/posts\/9094","targetHints":{"allow":["GET"]}}],"collection":[{"href":"https:\/\/agora.xtec.cat\/escolademusicsijpc\/wp-json\/wp\/v2\/posts"}],"about":[{"href":"https:\/\/agora.xtec.cat\/escolademusicsijpc\/wp-json\/wp\/v2\/types\/post"}],"author":[{"embeddable":true,"href":"https:\/\/agora.xtec.cat\/escolademusicsijpc\/wp-json\/wp\/v2\/users\/3"}],"replies":[{"embeddable":true,"href":"https:\/\/agora.xtec.cat\/escolademusicsijpc\/wp-json\/wp\/v2\/comments?post=9094"}],"version-history":[{"count":1,"href":"https:\/\/agora.xtec.cat\/escolademusicsijpc\/wp-json\/wp\/v2\/posts\/9094\/revisions"}],"predecessor-version":[{"id":9095,"href":"https:\/\/agora.xtec.cat\/escolademusicsijpc\/wp-json\/wp\/v2\/posts\/9094\/revisions\/9095"}],"wp:featuredmedia":[{"embeddable":true,"href":"https:\/\/agora.xtec.cat\/escolademusicsijpc\/wp-json\/wp\/v2\/media\/9099"}],"wp:attachment":[{"href":"https:\/\/agora.xtec.cat\/escolademusicsijpc\/wp-json\/wp\/v2\/media?parent=9094"}],"wp:term":[{"taxonomy":"category","embeddable":true,"href":"https:\/\/agora.xtec.cat\/escolademusicsijpc\/wp-json\/wp\/v2\/categories?post=9094"},{"taxonomy":"post_tag","embeddable":true,"href":"https:\/\/agora.xtec.cat\/escolademusicsijpc\/wp-json\/wp\/v2\/tags?post=9094"}],"curies":[{"name":"wp","href":"https:\/\/api.w.org\/{rel}","templated":true}]}}