{"id":9068,"date":"2021-10-20T18:22:53","date_gmt":"2021-10-20T16:22:53","guid":{"rendered":"https:\/\/agora.xtec.cat\/escolademusicsijpc\/?p=9068"},"modified":"2021-10-20T18:22:53","modified_gmt":"2021-10-20T16:22:53","slug":"la-ravals-band-a-la-placa-reial","status":"publish","type":"post","link":"https:\/\/agora.xtec.cat\/escolademusicsijpc\/general\/la-ravals-band-a-la-placa-reial\/","title":{"rendered":"La Raval&#8217;s Band a la Pla\u00e7a Reial"},"content":{"rendered":"<p>Aqu\u00ed teniu unes fotos de l&#8217;actuaci\u00f3 de la Raval&#8217;s Band a Barcelona<\/p>\n<p><a href=\"https:\/\/agora.xtec.cat\/escolademusicsijpc\/wp-content\/uploads\/usu459\/2021\/10\/246519132_3005943929672368_7788597533265719148_n.jpg\"><img loading=\"lazy\" decoding=\"async\" class=\"size-medium wp-image-9069 alignleft\" src=\"https:\/\/agora.xtec.cat\/escolademusicsijpc\/wp-content\/uploads\/usu459\/2021\/10\/246519132_3005943929672368_7788597533265719148_n-300x225.jpg\" alt=\"\" width=\"300\" height=\"225\" srcset=\"https:\/\/agora.xtec.cat\/escolademusicsijpc\/wp-content\/uploads\/usu459\/2021\/10\/246519132_3005943929672368_7788597533265719148_n-300x225.jpg 300w, https:\/\/agora.xtec.cat\/escolademusicsijpc\/wp-content\/uploads\/usu459\/2021\/10\/246519132_3005943929672368_7788597533265719148_n-768x576.jpg 768w, https:\/\/agora.xtec.cat\/escolademusicsijpc\/wp-content\/uploads\/usu459\/2021\/10\/246519132_3005943929672368_7788597533265719148_n-200x150.jpg 200w, https:\/\/agora.xtec.cat\/escolademusicsijpc\/wp-content\/uploads\/usu459\/2021\/10\/246519132_3005943929672368_7788597533265719148_n.jpg 960w\" sizes=\"auto, (max-width: 300px) 100vw, 300px\" \/><\/a> <a href=\"https:\/\/agora.xtec.cat\/escolademusicsijpc\/wp-content\/uploads\/usu459\/2021\/10\/246602393_3005943849672376_4877791041947190192_n.jpg\"><img loading=\"lazy\" decoding=\"async\" class=\"size-medium wp-image-9070 alignleft\" src=\"https:\/\/agora.xtec.cat\/escolademusicsijpc\/wp-content\/uploads\/usu459\/2021\/10\/246602393_3005943849672376_4877791041947190192_n-300x225.jpg\" alt=\"\" width=\"300\" height=\"225\" srcset=\"https:\/\/agora.xtec.cat\/escolademusicsijpc\/wp-content\/uploads\/usu459\/2021\/10\/246602393_3005943849672376_4877791041947190192_n-300x225.jpg 300w, https:\/\/agora.xtec.cat\/escolademusicsijpc\/wp-content\/uploads\/usu459\/2021\/10\/246602393_3005943849672376_4877791041947190192_n-768x576.jpg 768w, https:\/\/agora.xtec.cat\/escolademusicsijpc\/wp-content\/uploads\/usu459\/2021\/10\/246602393_3005943849672376_4877791041947190192_n-200x150.jpg 200w, https:\/\/agora.xtec.cat\/escolademusicsijpc\/wp-content\/uploads\/usu459\/2021\/10\/246602393_3005943849672376_4877791041947190192_n.jpg 960w\" sizes=\"auto, (max-width: 300px) 100vw, 300px\" \/><\/a> <a href=\"https:\/\/agora.xtec.cat\/escolademusicsijpc\/wp-content\/uploads\/usu459\/2021\/10\/246758664_3005943793005715_6073921985514596169_n.jpg\"><img loading=\"lazy\" decoding=\"async\" class=\"size-medium wp-image-9071 alignleft\" src=\"https:\/\/agora.xtec.cat\/escolademusicsijpc\/wp-content\/uploads\/usu459\/2021\/10\/246758664_3005943793005715_6073921985514596169_n-300x225.jpg\" alt=\"\" width=\"300\" height=\"225\" srcset=\"https:\/\/agora.xtec.cat\/escolademusicsijpc\/wp-content\/uploads\/usu459\/2021\/10\/246758664_3005943793005715_6073921985514596169_n-300x225.jpg 300w, https:\/\/agora.xtec.cat\/escolademusicsijpc\/wp-content\/uploads\/usu459\/2021\/10\/246758664_3005943793005715_6073921985514596169_n-768x576.jpg 768w, https:\/\/agora.xtec.cat\/escolademusicsijpc\/wp-content\/uploads\/usu459\/2021\/10\/246758664_3005943793005715_6073921985514596169_n-200x150.jpg 200w, https:\/\/agora.xtec.cat\/escolademusicsijpc\/wp-content\/uploads\/usu459\/2021\/10\/246758664_3005943793005715_6073921985514596169_n.jpg 960w\" sizes=\"auto, (max-width: 300px) 100vw, 300px\" \/><\/a> <a href=\"https:\/\/agora.xtec.cat\/escolademusicsijpc\/wp-content\/uploads\/usu459\/2021\/10\/246771061_3005943733005721_3683165465536179427_n.jpg\"><img loading=\"lazy\" decoding=\"async\" class=\"size-medium wp-image-9072 alignleft\" src=\"https:\/\/agora.xtec.cat\/escolademusicsijpc\/wp-content\/uploads\/usu459\/2021\/10\/246771061_3005943733005721_3683165465536179427_n-300x225.jpg\" alt=\"\" width=\"300\" height=\"225\" srcset=\"https:\/\/agora.xtec.cat\/escolademusicsijpc\/wp-content\/uploads\/usu459\/2021\/10\/246771061_3005943733005721_3683165465536179427_n-300x225.jpg 300w, https:\/\/agora.xtec.cat\/escolademusicsijpc\/wp-content\/uploads\/usu459\/2021\/10\/246771061_3005943733005721_3683165465536179427_n-768x576.jpg 768w, https:\/\/agora.xtec.cat\/escolademusicsijpc\/wp-content\/uploads\/usu459\/2021\/10\/246771061_3005943733005721_3683165465536179427_n-200x150.jpg 200w, https:\/\/agora.xtec.cat\/escolademusicsijpc\/wp-content\/uploads\/usu459\/2021\/10\/246771061_3005943733005721_3683165465536179427_n.jpg 960w\" sizes=\"auto, (max-width: 300px) 100vw, 300px\" \/><\/a> <a href=\"https:\/\/agora.xtec.cat\/escolademusicsijpc\/wp-content\/uploads\/usu459\/2021\/10\/246475395_3005943669672394_249674033419572007_n.jpg\"><img loading=\"lazy\" decoding=\"async\" class=\"size-medium wp-image-9073 alignleft\" src=\"https:\/\/agora.xtec.cat\/escolademusicsijpc\/wp-content\/uploads\/usu459\/2021\/10\/246475395_3005943669672394_249674033419572007_n-300x225.jpg\" alt=\"\" width=\"300\" height=\"225\" srcset=\"https:\/\/agora.xtec.cat\/escolademusicsijpc\/wp-content\/uploads\/usu459\/2021\/10\/246475395_3005943669672394_249674033419572007_n-300x225.jpg 300w, https:\/\/agora.xtec.cat\/escolademusicsijpc\/wp-content\/uploads\/usu459\/2021\/10\/246475395_3005943669672394_249674033419572007_n-768x576.jpg 768w, https:\/\/agora.xtec.cat\/escolademusicsijpc\/wp-content\/uploads\/usu459\/2021\/10\/246475395_3005943669672394_249674033419572007_n-200x150.jpg 200w, https:\/\/agora.xtec.cat\/escolademusicsijpc\/wp-content\/uploads\/usu459\/2021\/10\/246475395_3005943669672394_249674033419572007_n.jpg 960w\" sizes=\"auto, (max-width: 300px) 100vw, 300px\" \/><\/a><\/p>\n","protected":false},"excerpt":{"rendered":"<p>Aqu\u00ed teniu unes fotos de l&#8217;actuaci\u00f3 de la Raval&#8217;s Band a Barcelona<br \/>\n<a href=\"https:\/\/agora.xtec.cat\/escolademusicsijpc\/wp-content\/uploads\/usu459\/2021\/10\/246519132_3005943929672368_7788597533265719148_n.jpg\"><\/a> <a href=\"https:\/\/agora.xtec.cat\/escolademusicsijpc\/wp-content\/uploads\/usu459\/2021\/10\/246602393_3005943849672376_4877791041947190192_n.jpg\"><\/a> <a href=\"https:\/\/agora.xtec.cat\/escolademusicsijpc\/wp-content\/uploads\/usu459\/2021\/10\/246758664_3005943793005715_6073921985514596169_n.jpg\"><\/a> <a href=\"https:\/\/agora.xtec.cat\/escolademusicsijpc\/wp-content\/uploads\/usu459\/2021\/10\/246771061_3005943733005721_3683165465536179427_n.jpg\"><\/a> <a href=\"https:\/\/agora.xtec.cat\/escolademusicsijpc\/wp-content\/uploads\/usu459\/2021\/10\/246475395_3005943669672394_249674033419572007_n.jpg\"><\/a><\/p>\n","protected":false},"author":3,"featured_media":9074,"comment_status":"open","ping_status":"closed","sticky":false,"template":"","format":"standard","meta":{"_bbp_topic_count":0,"_bbp_reply_count":0,"_bbp_total_topic_count":0,"_bbp_total_reply_count":0,"_bbp_voice_count":0,"_bbp_anonymous_reply_count":0,"_bbp_topic_count_hidden":0,"_bbp_reply_count_hidden":0,"_bbp_forum_subforum_count":0,"footnotes":""},"categories":[63,1,75,104],"tags":[],"class_list":["post-9068","post","type-post","status-publish","format-standard","has-post-thumbnail","hentry","category-concerts","category-general","category-ravals-band","category-uncategorized"],"post_mailing_queue_ids":[],"_links":{"self":[{"href":"https:\/\/agora.xtec.cat\/escolademusicsijpc\/wp-json\/wp\/v2\/posts\/9068","targetHints":{"allow":["GET"]}}],"collection":[{"href":"https:\/\/agora.xtec.cat\/escolademusicsijpc\/wp-json\/wp\/v2\/posts"}],"about":[{"href":"https:\/\/agora.xtec.cat\/escolademusicsijpc\/wp-json\/wp\/v2\/types\/post"}],"author":[{"embeddable":true,"href":"https:\/\/agora.xtec.cat\/escolademusicsijpc\/wp-json\/wp\/v2\/users\/3"}],"replies":[{"embeddable":true,"href":"https:\/\/agora.xtec.cat\/escolademusicsijpc\/wp-json\/wp\/v2\/comments?post=9068"}],"version-history":[{"count":1,"href":"https:\/\/agora.xtec.cat\/escolademusicsijpc\/wp-json\/wp\/v2\/posts\/9068\/revisions"}],"predecessor-version":[{"id":9075,"href":"https:\/\/agora.xtec.cat\/escolademusicsijpc\/wp-json\/wp\/v2\/posts\/9068\/revisions\/9075"}],"wp:featuredmedia":[{"embeddable":true,"href":"https:\/\/agora.xtec.cat\/escolademusicsijpc\/wp-json\/wp\/v2\/media\/9074"}],"wp:attachment":[{"href":"https:\/\/agora.xtec.cat\/escolademusicsijpc\/wp-json\/wp\/v2\/media?parent=9068"}],"wp:term":[{"taxonomy":"category","embeddable":true,"href":"https:\/\/agora.xtec.cat\/escolademusicsijpc\/wp-json\/wp\/v2\/categories?post=9068"},{"taxonomy":"post_tag","embeddable":true,"href":"https:\/\/agora.xtec.cat\/escolademusicsijpc\/wp-json\/wp\/v2\/tags?post=9068"}],"curies":[{"name":"wp","href":"https:\/\/api.w.org\/{rel}","templated":true}]}}