{"id":9040,"date":"2021-10-06T17:45:01","date_gmt":"2021-10-06T15:45:01","guid":{"rendered":"https:\/\/agora.xtec.cat\/escolademusicsijpc\/?p=9040"},"modified":"2021-10-06T17:45:01","modified_gmt":"2021-10-06T15:45:01","slug":"opera-la-gata-perduda","status":"publish","type":"post","link":"https:\/\/agora.xtec.cat\/escolademusicsijpc\/general\/opera-la-gata-perduda\/","title":{"rendered":"\u00d2pera &#8220;La gata perduda&#8221;"},"content":{"rendered":"<p>Els cors del barri del Raval de Barcelona participaran a The lost cat, una \u00f2pera que forma part de la l\u00ednia de producci\u00f3 comunit\u00e0ria Opera Prima.<\/p>\n<blockquote class=\"twitter-tweet\" data-width=\"500\" data-dnt=\"true\">\n<p lang=\"en\" dir=\"ltr\">Choruses from the Raval neighborhood in Barcelona will participate in The lost cat, an opera as part the community production line Opera Prima with the support of <a href=\"https:\/\/twitter.com\/TRACTION_EU?ref_src=twsrc%5Etfw\">@TRACTION_EU<\/a>. <\/p>\n<p>Rehearsals are underway! \ud83e\udd70<a href=\"https:\/\/twitter.com\/hashtag\/LiceuApropa?src=hash&amp;ref_src=twsrc%5Etfw\">#LiceuApropa<\/a> <a href=\"https:\/\/t.co\/baGEcdCijJ\">pic.twitter.com\/baGEcdCijJ<\/a><\/p>\n<p>&mdash; Gran Teatre del Liceu (@Liceu_cat) <a href=\"https:\/\/twitter.com\/Liceu_cat\/status\/1414153297544556545?ref_src=twsrc%5Etfw\">July 11, 2021<\/a><\/p><\/blockquote>\n<p><script async src=\"https:\/\/platform.twitter.com\/widgets.js\" charset=\"utf-8\"><\/script><\/p>\n","protected":false},"excerpt":{"rendered":"<p>Els cors del barri del Raval de Barcelona participaran a The lost cat, una \u00f2pera que forma part de la l\u00ednia de producci\u00f3 comunit\u00e0ria Opera Prima.<\/p>\n<p>Choruses from the Raval neighborhood in Barcelona will participate in The lost cat, an opera as part the community production&hellip;  <a href=\"https:\/\/agora.xtec.cat\/escolademusicsijpc\/general\/opera-la-gata-perduda\/\" title=\"Read \u00d2pera &#8220;La gata perduda&#8221;\">Llegeix m\u00e9s\u00bb<\/a><\/p>\n","protected":false},"author":3,"featured_media":9042,"comment_status":"open","ping_status":"closed","sticky":false,"template":"","format":"standard","meta":{"_bbp_topic_count":0,"_bbp_reply_count":0,"_bbp_total_topic_count":0,"_bbp_total_reply_count":0,"_bbp_voice_count":0,"_bbp_anonymous_reply_count":0,"_bbp_topic_count_hidden":0,"_bbp_reply_count_hidden":0,"_bbp_forum_subforum_count":0,"footnotes":""},"categories":[66,1,105,132,104],"tags":[],"class_list":["post-9040","post","type-post","status-publish","format-standard","has-post-thumbnail","hentry","category-corals","category-general","category-musicals-choir","category-trencacors","category-uncategorized"],"post_mailing_queue_ids":[],"_links":{"self":[{"href":"https:\/\/agora.xtec.cat\/escolademusicsijpc\/wp-json\/wp\/v2\/posts\/9040","targetHints":{"allow":["GET"]}}],"collection":[{"href":"https:\/\/agora.xtec.cat\/escolademusicsijpc\/wp-json\/wp\/v2\/posts"}],"about":[{"href":"https:\/\/agora.xtec.cat\/escolademusicsijpc\/wp-json\/wp\/v2\/types\/post"}],"author":[{"embeddable":true,"href":"https:\/\/agora.xtec.cat\/escolademusicsijpc\/wp-json\/wp\/v2\/users\/3"}],"replies":[{"embeddable":true,"href":"https:\/\/agora.xtec.cat\/escolademusicsijpc\/wp-json\/wp\/v2\/comments?post=9040"}],"version-history":[{"count":1,"href":"https:\/\/agora.xtec.cat\/escolademusicsijpc\/wp-json\/wp\/v2\/posts\/9040\/revisions"}],"predecessor-version":[{"id":9043,"href":"https:\/\/agora.xtec.cat\/escolademusicsijpc\/wp-json\/wp\/v2\/posts\/9040\/revisions\/9043"}],"wp:featuredmedia":[{"embeddable":true,"href":"https:\/\/agora.xtec.cat\/escolademusicsijpc\/wp-json\/wp\/v2\/media\/9042"}],"wp:attachment":[{"href":"https:\/\/agora.xtec.cat\/escolademusicsijpc\/wp-json\/wp\/v2\/media?parent=9040"}],"wp:term":[{"taxonomy":"category","embeddable":true,"href":"https:\/\/agora.xtec.cat\/escolademusicsijpc\/wp-json\/wp\/v2\/categories?post=9040"},{"taxonomy":"post_tag","embeddable":true,"href":"https:\/\/agora.xtec.cat\/escolademusicsijpc\/wp-json\/wp\/v2\/tags?post=9040"}],"curies":[{"name":"wp","href":"https:\/\/api.w.org\/{rel}","templated":true}]}}