{"id":9000,"date":"2021-05-11T18:45:56","date_gmt":"2021-05-11T16:45:56","guid":{"rendered":"http:\/\/agora.xtec.cat\/escolademusicsijpc\/?p=9000"},"modified":"2021-05-11T18:45:56","modified_gmt":"2021-05-11T16:45:56","slug":"musics-amb-la-pell-de-papallona","status":"publish","type":"post","link":"https:\/\/agora.xtec.cat\/escolademusicsijpc\/general\/musics-amb-la-pell-de-papallona\/","title":{"rendered":"M\u00fasics amb la Pell de Papallona"},"content":{"rendered":"<p class=\"MsoNormal\" style=\"margin: 0cm 0cm 8pt; background-image: initial; background-position: initial; background-size: initial; background-repeat: initial; background-origin: initial; background-clip: initial; line-height: 15.6933px; font-size: 11pt; font-family: Calibri, sans-serif;\"><span style=\"font-size: 12pt; font-family: Verdana, sans-serif;\">Benvolguts pares, mares i alumnes de L&#8217;Escola de M\u00fasics i JPC,<\/span><\/p>\n<p class=\"MsoNormal\" style=\"margin: 0cm 0cm 8pt; line-height: 15.6933px; font-size: 11pt; font-family: Calibri, sans-serif;\"><span style=\"font-size: 12pt; line-height: 17.12px; font-family: Verdana, sans-serif;\">Us comuniquem que ja estan a la venda les entrades del concert M\u00fasics amb la Pell de Papallona que farem el 18 de juny al Palau de la m\u00fasica Catalana.<\/span><\/p>\n<p class=\"MsoNormal\" style=\"margin: 0cm 0cm 8pt; line-height: 15.6933px; font-size: 11pt; font-family: Calibri, sans-serif;\"><span style=\"font-size: 12pt; line-height: 17.12px; font-family: Verdana, sans-serif;\">Si voleu entrades les podeu comprar al seg\u00fcent enlla\u00e7:<\/span><\/p>\n<p class=\"MsoNormal\" style=\"margin: 0cm; line-height: 15.6933px; font-size: 11pt; font-family: Calibri, sans-serif;\"><span style=\"font-size: 12pt; line-height: 17.12px; font-family: Verdana, sans-serif; color: #ff0000;\">(Si voleu que no us cobrin comissi\u00f3 les heu de comprar directament a taquilla)<\/span><\/p>\n<p>&nbsp;<\/p>\n<p class=\"MsoNormal\" style=\"margin: 0cm; line-height: 15.6933px; font-size: 11pt; font-family: Calibri, sans-serif;\"><span style=\"font-size: 12pt; line-height: 17.12px; font-family: Verdana, sans-serif;\"><a style=\"color: #1155cc;\" title=\"Protegit per l'Outlook: https:\/\/www.palaumusica.cat\/ca\/musics-amb-la-pell-de-papallona_893179. Per seguir l'enlla\u00e7, feu-hi clic o premeu-lo.\" href=\"https:\/\/emea01.safelinks.protection.outlook.com\/?url=https%3A%2F%2Fwww.palaumusica.cat%2Fca%2Fmusics-amb-la-pell-de-papallona_893179&amp;data=04%7C01%7C%7Ca6c3959d29f54820f71308d91465ae9c%7C84df9e7fe9f640afb435aaaaaaaaaaaa%7C1%7C0%7C637563249219056350%7CUnknown%7CTWFpbGZsb3d8eyJWIjoiMC4wLjAwMDAiLCJQIjoiV2luMzIiLCJBTiI6Ik1haWwiLCJXVCI6Mn0%3D%7C1000&amp;sdata=RO1GtMsylPMllCMQpGVO1hQbshQ0viqcJBnjPdI2PUk%3D&amp;reserved=0\" target=\"_blank\" rel=\"noopener noreferrer\" data-saferedirecturl=\"https:\/\/www.google.com\/url?q=https:\/\/emea01.safelinks.protection.outlook.com\/?url%3Dhttps%253A%252F%252Fwww.palaumusica.cat%252Fca%252Fmusics-amb-la-pell-de-papallona_893179%26data%3D04%257C01%257C%257Ca6c3959d29f54820f71308d91465ae9c%257C84df9e7fe9f640afb435aaaaaaaaaaaa%257C1%257C0%257C637563249219056350%257CUnknown%257CTWFpbGZsb3d8eyJWIjoiMC4wLjAwMDAiLCJQIjoiV2luMzIiLCJBTiI6Ik1haWwiLCJXVCI6Mn0%253D%257C1000%26sdata%3DRO1GtMsylPMllCMQpGVO1hQbshQ0viqcJBnjPdI2PUk%253D%26reserved%3D0&amp;source=gmail&amp;ust=1620835568753000&amp;usg=AFQjCNEAMy4T1atk-5DEGN6VmOwtNAv-6A\"><span style=\"color: blue; border: 1pt none windowtext; padding: 0cm; background-image: initial; background-position: initial; background-size: initial; background-repeat: initial; background-origin: initial; background-clip: initial;\">https:\/\/www.palaumusica.cat\/<wbr \/>ca\/musics-amb-la-pell-de-<wbr \/>papallona_893179<\/span><\/a><\/span><\/p>\n<p>&nbsp;<\/p>\n<p class=\"MsoNormal\" style=\"margin: 0cm; line-height: 15.6933px; font-size: 11pt; font-family: Calibri, sans-serif;\"><span style=\"font-size: 12pt; line-height: 17.12px; font-family: Verdana, sans-serif;\">Us adjunto el cartell i la informaci\u00f3 del concert.<\/span><\/p>\n<div style=\"font-family: Arial, Helvetica, sans-serif; font-size: small;\"><img loading=\"lazy\" decoding=\"async\" class=\"CToWUd a6T\" style=\"cursor: pointer; outline: 0px; margin-right: 0px;\" tabindex=\"0\" src=\"https:\/\/mail.google.com\/mail\/u\/0?ui=2&amp;ik=185b4dbcce&amp;attid=0.1&amp;permmsgid=msg-a:r1627231524587834093&amp;th=1795bb8a7426999c&amp;view=fimg&amp;sz=s0-l75-ft&amp;attbid=ANGjdJ8d4YYNRxO132G9X_0VCHBlaGuLttBRYnIHtrlMSauJmKzlkZpUk_fS7RADeKgZw_oy_C5M1Mp282GgsqiZ875aTemAOGI7SBVzZTeHxJ41yV0P9dJziVBnU90&amp;disp=emb&amp;realattid=ii_kok3bkap1\" alt=\"image.png\" width=\"406\" height=\"507\" data-image-whitelisted=\"\" \/><\/div>\n<div style=\"font-family: Arial, Helvetica, sans-serif; font-size: small;\"><\/div>\n<p class=\"MsoNormal\" style=\"margin: 0cm; line-height: 16.8pt; font-size: 11pt; font-family: Calibri, sans-serif;\"><span style=\"font-size: 12pt; font-family: Verdana, sans-serif;\">L\u2019Escola de M\u00fasics i JPC del Raval organitza aquest concert solidari a favor de l\u2019associaci\u00f3 DEBRA-Pell de Papallona, una malaltia que afecta a m\u00e9s de 1000 nens i nenes a tota Espanya i que al ser minorit\u00e0ria necessita recursos per la seva investigaci\u00f3 i difusi\u00f3.<\/span><\/p>\n<p class=\"MsoNormal\" style=\"margin: 0cm; line-height: 16.8pt; font-size: 11pt; font-family: Calibri, sans-serif;\"><span style=\"font-size: 12pt; font-family: Verdana, sans-serif;\">\u00a0<\/span><\/p>\n<p class=\"MsoNormal\" style=\"margin: 0cm; line-height: 16.8pt; font-size: 11pt; font-family: Calibri, sans-serif;\"><span style=\"font-size: 12pt; font-family: Verdana, sans-serif;\">Si voleu gaudir d\u2019una tarda amb bona m\u00fasica, no ho dubteu, veniu a sentir aquestes agrupacions que s\u2019han unit en aquest concert ben\u00e8fic.<\/span><\/p>\n<p class=\"MsoNormal\" style=\"margin: 0cm; line-height: 16.8pt; font-size: 11pt; font-family: Calibri, sans-serif;\"><span style=\"font-size: 12pt; font-family: Verdana, sans-serif;\">\u00a0<\/span><\/p>\n<p class=\"MsoNormal\" style=\"margin: 0cm; line-height: 16.8pt; font-size: 11pt; font-family: Calibri, sans-serif;\"><span style=\"font-size: 12pt; font-family: Verdana, sans-serif;\">Aquest concert no us deixar\u00e0 indiferents, tot el contrari, estem ben segurs que no els oblidareu. Seguiu les passes d\u2019aquestes agrupacions musicals, donaran molt que parlar.<\/span><\/p>\n<p class=\"MsoNormal\" style=\"margin: 0cm; line-height: 16.8pt; font-size: 11pt; font-family: Calibri, sans-serif;\"><span style=\"font-size: 12pt; font-family: Verdana, sans-serif;\">\u00a0<\/span><\/p>\n<p class=\"MsoNormal\" style=\"margin: 0cm; line-height: 16.8pt; font-size: 11pt; font-family: Calibri, sans-serif;\"><b><span style=\"font-size: 12pt; font-family: Verdana, sans-serif;\">Comptem amb la vostra generosa aportaci\u00f3<\/span><\/b><span style=\"font-size: 12pt; font-family: Verdana, sans-serif;\">.<\/span><\/p>\n<p class=\"MsoNormal\" style=\"margin: 0cm 0cm 8pt; font-family: Arial, Helvetica, sans-serif; font-size: small; background-image: initial; background-position: initial; background-size: initial; background-repeat: initial; background-origin: initial; background-clip: initial; line-height: 13.91px;\">\n<p class=\"MsoNormal\" style=\"margin: 0cm; line-height: 16.8pt; font-size: 11pt; font-family: Calibri, sans-serif;\"><b><span style=\"font-size: 12pt; font-family: Verdana, sans-serif;\">Agra\u00efm la col\u00b7laboraci\u00f3 i la participaci\u00f3 de la Big L&#8217;EM Band, Grupcello.Cat,\u00a0Les Flors de maig, Musicals&#8217; Choir, Raval Simf\u00f2nic, Raval&#8217;s Band i Trencacors.<\/span><\/b><\/p>\n<p class=\"MsoNormal\" style=\"margin: 0cm; line-height: 16.8pt; font-size: 11pt; font-family: Calibri, sans-serif;\">\n<p class=\"MsoNormal\" style=\"margin: 0cm 0cm 8pt; line-height: 15.6933px; font-size: 11pt; font-family: Calibri, sans-serif;\"><span style=\"font-size: 12pt; font-family: Verdana, sans-serif;\">Per qualsevol dubte us podeu comunicar amb nosaltres via correu electr\u00f2nic.<\/span><\/p>\n<p class=\"MsoNormal\" style=\"margin: 0cm 0cm 8pt; line-height: 15.6933px; font-size: 11pt; font-family: Calibri, sans-serif;\"><span style=\"font-size: 12pt; font-family: Verdana, sans-serif;\">A l&#8217;espera de noves i actualitzades informacions, desitgem que estigueu tots b\u00e9, que us cuideu molt i que la m\u00fasica sigui la millor companyia.<\/span><\/p>\n<p class=\"MsoNormal\" style=\"margin: 0cm; line-height: 15.6933px; font-size: 11pt; font-family: Calibri, sans-serif;\"><span style=\"font-size: 12pt; font-family: Verdana, sans-serif;\">Jordi Farr\u00e9s Xirinachs<\/span><\/p>\n<p class=\"MsoNormal\" style=\"margin: 0cm; line-height: 15.6933px; font-size: 11pt; font-family: Calibri, sans-serif;\"><span style=\"font-size: 12pt; font-family: Verdana, sans-serif;\">La Direcci\u00f3<\/span><\/p>\n<p class=\"MsoNormal\" style=\"margin: 0cm; line-height: 15.6933px; font-size: 11pt; font-family: Calibri, sans-serif;\"><span style=\"font-size: 12pt; font-family: Verdana, sans-serif;\">L&#8217;Escola de M\u00fasics i JPC<\/span><\/p>\n<p class=\"MsoNormal\" style=\"margin: 0cm; line-height: 15.6933px; font-size: 11pt; font-family: Calibri, sans-serif;\"><span style=\"font-size: 12pt; font-family: Verdana, sans-serif;\">Tel.619 84 65 65<\/span><\/p>\n<p class=\"MsoNormal\" style=\"margin: 0cm; line-height: 16.8pt; font-size: 11pt; font-family: Calibri, sans-serif;\">\n<p class=\"MsoNormal\" style=\"margin: 0cm; line-height: 15.6933px; font-size: 11pt; font-family: Calibri, sans-serif;\"><span style=\"font-size: 12pt; font-family: Verdana, sans-serif;\"><a style=\"color: #1155cc;\" href=\"mailto:escolademusics@gmail.com\" target=\"_blank\" rel=\"noopener noreferrer\"><span style=\"color: #0563c1;\">escolademusics@gmail.com<\/span><\/a><\/span><\/p>\n","protected":false},"excerpt":{"rendered":"<p>Benvolguts pares, mares i alumnes de L&#8217;Escola de M\u00fasics i JPC,<br \/>\nUs comuniquem que ja estan a la venda les entrades del concert M\u00fasics amb la Pell de Papallona que farem el 18 de juny al Palau de la m\u00fasica Catalana.<br \/>\nSi voleu entrades les podeu comprar&hellip;  <a href=\"https:\/\/agora.xtec.cat\/escolademusicsijpc\/general\/musics-amb-la-pell-de-papallona\/\" title=\"Read M\u00fasics amb la Pell de Papallona\">Llegeix m\u00e9s\u00bb<\/a><\/p>\n","protected":false},"author":3,"featured_media":9004,"comment_status":"open","ping_status":"closed","sticky":false,"template":"","format":"standard","meta":{"_bbp_topic_count":0,"_bbp_reply_count":0,"_bbp_total_topic_count":0,"_bbp_total_reply_count":0,"_bbp_voice_count":0,"_bbp_anonymous_reply_count":0,"_bbp_topic_count_hidden":0,"_bbp_reply_count_hidden":0,"_bbp_forum_subforum_count":0,"footnotes":""},"categories":[135,63,66,1,105,74,75,132,104],"tags":[],"class_list":["post-9000","post","type-post","status-publish","format-standard","has-post-thumbnail","hentry","category-big-lem-band","category-concerts","category-corals","category-general","category-musicals-choir","category-raval-simfonic","category-ravals-band","category-trencacors","category-uncategorized"],"post_mailing_queue_ids":[],"_links":{"self":[{"href":"https:\/\/agora.xtec.cat\/escolademusicsijpc\/wp-json\/wp\/v2\/posts\/9000","targetHints":{"allow":["GET"]}}],"collection":[{"href":"https:\/\/agora.xtec.cat\/escolademusicsijpc\/wp-json\/wp\/v2\/posts"}],"about":[{"href":"https:\/\/agora.xtec.cat\/escolademusicsijpc\/wp-json\/wp\/v2\/types\/post"}],"author":[{"embeddable":true,"href":"https:\/\/agora.xtec.cat\/escolademusicsijpc\/wp-json\/wp\/v2\/users\/3"}],"replies":[{"embeddable":true,"href":"https:\/\/agora.xtec.cat\/escolademusicsijpc\/wp-json\/wp\/v2\/comments?post=9000"}],"version-history":[{"count":3,"href":"https:\/\/agora.xtec.cat\/escolademusicsijpc\/wp-json\/wp\/v2\/posts\/9000\/revisions"}],"predecessor-version":[{"id":9003,"href":"https:\/\/agora.xtec.cat\/escolademusicsijpc\/wp-json\/wp\/v2\/posts\/9000\/revisions\/9003"}],"wp:featuredmedia":[{"embeddable":true,"href":"https:\/\/agora.xtec.cat\/escolademusicsijpc\/wp-json\/wp\/v2\/media\/9004"}],"wp:attachment":[{"href":"https:\/\/agora.xtec.cat\/escolademusicsijpc\/wp-json\/wp\/v2\/media?parent=9000"}],"wp:term":[{"taxonomy":"category","embeddable":true,"href":"https:\/\/agora.xtec.cat\/escolademusicsijpc\/wp-json\/wp\/v2\/categories?post=9000"},{"taxonomy":"post_tag","embeddable":true,"href":"https:\/\/agora.xtec.cat\/escolademusicsijpc\/wp-json\/wp\/v2\/tags?post=9000"}],"curies":[{"name":"wp","href":"https:\/\/api.w.org\/{rel}","templated":true}]}}