{"id":8958,"date":"2021-04-29T17:39:08","date_gmt":"2021-04-29T15:39:08","guid":{"rendered":"http:\/\/agora.xtec.cat\/escolademusicsijpc\/?p=8958"},"modified":"2021-05-17T17:19:25","modified_gmt":"2021-05-17T15:19:25","slug":"ja-us-podeu-apuntar-als-casals-destiu-de-lescola-de-musics","status":"publish","type":"post","link":"https:\/\/agora.xtec.cat\/escolademusicsijpc\/general\/ja-us-podeu-apuntar-als-casals-destiu-de-lescola-de-musics\/","title":{"rendered":"Ja us podeu apuntar als casals d&#8217;estiu de l&#8217;Escola de M\u00fasics"},"content":{"rendered":"\r\n<p>Benvolgudes fam\u00edlies, Aquest any ja tenim el casal d&#8217;estiu en marxa. Dues propostes molt divertides: un cl\u00e0ssic per als petits i un musical nou per als adolescents. Mary Poppins de 6 a 11 anys i The Prom de 12 a 16 anys. Les dates seran del 28 de juny al 9 de juliol. El casal de petits ser\u00e0 al mat\u00ed i el d&#8217;adolescents a la tarda. Trobareu tota la informaci\u00f3 en els\u00a0pdf\u00a0adjunts:<\/p>\r\n\r\n\r\n\r\n<div class=\"wp-block-file\"><a href=\"https:\/\/lescolademusicsijpc.files.wordpress.com\/2021\/04\/mary-poppins-casal-estiu-2021.pdf\">Mary Poppins Casal d&#8217;estiu 2021<\/a><a class=\"wp-block-file__button\" href=\"https:\/\/lescolademusicsijpc.files.wordpress.com\/2021\/04\/mary-poppins-casal-estiu-2021.pdf\" download=\"\">Descarga<\/a><\/div>\r\n<div>\u00a0<\/div>\r\n<div>\u00a0<\/div>\r\n<div class=\"wp-block-file\"><a href=\"https:\/\/lescolademusicsijpc.files.wordpress.com\/2021\/04\/the-prom-casal-estiu-2021.pdf\">The Prom Casal d&#8217;estiu 2021<\/a><a class=\"wp-block-file__button\" href=\"https:\/\/lescolademusicsijpc.files.wordpress.com\/2021\/04\/the-prom-casal-estiu-2021.pdf\" download=\"\">Descarga<\/a><\/div>\r\n<div>\u00a0<\/div>\r\n<p>Acabarem el curs fent el que m\u00e9s ens agrada: UN SUPERESPECTACLE!<\/p>\r\n<p>Atentament,<\/p>\r\n<p>Cristina i Yolanda<\/p>\r\n<p>Directores del Casal<\/p>\r\n\r\n\r\n\r\n<p><a href=\"https:\/\/agora.xtec.cat\/escolademusicsijpc\/wp-content\/uploads\/usu459\/2021\/04\/MARY-POPPINS-CASAL-ESTIU-2021-1.gif\"><img loading=\"lazy\" decoding=\"async\" class=\"size-medium wp-image-8963 alignleft\" src=\"https:\/\/agora.xtec.cat\/escolademusicsijpc\/wp-content\/uploads\/usu459\/2021\/04\/MARY-POPPINS-CASAL-ESTIU-2021-1-212x300.gif\" alt=\"\" width=\"212\" height=\"300\" \/><\/a> <a href=\"https:\/\/agora.xtec.cat\/escolademusicsijpc\/wp-content\/uploads\/usu459\/2021\/04\/THE-PROM-CASAL-ESTIU-2021-1.gif\"><img loading=\"lazy\" decoding=\"async\" class=\"size-medium wp-image-8962 alignleft\" src=\"https:\/\/agora.xtec.cat\/escolademusicsijpc\/wp-content\/uploads\/usu459\/2021\/04\/THE-PROM-CASAL-ESTIU-2021-1-212x300.gif\" alt=\"\" width=\"212\" height=\"300\" \/><\/a><\/p>\r\n","protected":false},"excerpt":{"rendered":"<p>Benvolgudes fam\u00edlies, Aquest any ja tenim el casal d&#8217;estiu en marxa. Dues propostes molt divertides: un cl\u00e0ssic per als petits i un musical nou per als adolescents. Mary Poppins de 6 a 11 anys i The Prom de 12 a 16 anys. Les dates seran&hellip;  <a href=\"https:\/\/agora.xtec.cat\/escolademusicsijpc\/general\/ja-us-podeu-apuntar-als-casals-destiu-de-lescola-de-musics\/\" title=\"Read Ja us podeu apuntar als casals d&#8217;estiu de l&#8217;Escola de M\u00fasics\">Llegeix m\u00e9s\u00bb<\/a><\/p>\n","protected":false},"author":3,"featured_media":8963,"comment_status":"open","ping_status":"closed","sticky":false,"template":"","format":"standard","meta":{"_bbp_topic_count":0,"_bbp_reply_count":0,"_bbp_total_topic_count":0,"_bbp_total_reply_count":0,"_bbp_voice_count":0,"_bbp_anonymous_reply_count":0,"_bbp_topic_count_hidden":0,"_bbp_reply_count_hidden":0,"_bbp_forum_subforum_count":0,"footnotes":""},"categories":[137,66,1,104],"tags":[],"class_list":["post-8958","post","type-post","status-publish","format-standard","has-post-thumbnail","hentry","category-casals","category-corals","category-general","category-uncategorized"],"post_mailing_queue_ids":[],"_links":{"self":[{"href":"https:\/\/agora.xtec.cat\/escolademusicsijpc\/wp-json\/wp\/v2\/posts\/8958","targetHints":{"allow":["GET"]}}],"collection":[{"href":"https:\/\/agora.xtec.cat\/escolademusicsijpc\/wp-json\/wp\/v2\/posts"}],"about":[{"href":"https:\/\/agora.xtec.cat\/escolademusicsijpc\/wp-json\/wp\/v2\/types\/post"}],"author":[{"embeddable":true,"href":"https:\/\/agora.xtec.cat\/escolademusicsijpc\/wp-json\/wp\/v2\/users\/3"}],"replies":[{"embeddable":true,"href":"https:\/\/agora.xtec.cat\/escolademusicsijpc\/wp-json\/wp\/v2\/comments?post=8958"}],"version-history":[{"count":3,"href":"https:\/\/agora.xtec.cat\/escolademusicsijpc\/wp-json\/wp\/v2\/posts\/8958\/revisions"}],"predecessor-version":[{"id":8970,"href":"https:\/\/agora.xtec.cat\/escolademusicsijpc\/wp-json\/wp\/v2\/posts\/8958\/revisions\/8970"}],"wp:featuredmedia":[{"embeddable":true,"href":"https:\/\/agora.xtec.cat\/escolademusicsijpc\/wp-json\/wp\/v2\/media\/8963"}],"wp:attachment":[{"href":"https:\/\/agora.xtec.cat\/escolademusicsijpc\/wp-json\/wp\/v2\/media?parent=8958"}],"wp:term":[{"taxonomy":"category","embeddable":true,"href":"https:\/\/agora.xtec.cat\/escolademusicsijpc\/wp-json\/wp\/v2\/categories?post=8958"},{"taxonomy":"post_tag","embeddable":true,"href":"https:\/\/agora.xtec.cat\/escolademusicsijpc\/wp-json\/wp\/v2\/tags?post=8958"}],"curies":[{"name":"wp","href":"https:\/\/api.w.org\/{rel}","templated":true}]}}