{"id":8955,"date":"2021-04-26T20:08:26","date_gmt":"2021-04-26T18:08:26","guid":{"rendered":"http:\/\/agora.xtec.cat\/escolademusicsijpc\/?p=8955"},"modified":"2021-04-26T20:09:24","modified_gmt":"2021-04-26T18:09:24","slug":"preinscripcions-2021-22","status":"publish","type":"post","link":"https:\/\/agora.xtec.cat\/escolademusicsijpc\/general\/preinscripcions-2021-22\/","title":{"rendered":"Preinscripcions 2021\/22"},"content":{"rendered":"<p>Benvolguts alumnes, mares i pares de L\u2019Escola de M\u00fasics i JPC.<\/p>\n<p>Desitgem i esperem que tots\/es, familiars i amistats, estigueu b\u00e9.<\/p>\n<p><strong>Us comuniquem que a partir del 3 de maig ja podreu fer la\u00a0preinscripci\u00f3\u00a0per al curs 2021-22 On-line.<\/strong><\/p>\n<p>Us enviarem l&#8217;enlla\u00e7 per fer la preinscripci\u00f3\u00a0On-line el dilluns 3 de maig per correu electr\u00f2nic.<\/p>\n<p>Us fem arribar la normativa, dies i horaris de\u00a0preinscripci\u00f3\u00a0i matriculaci\u00f3 perqu\u00e8 podeu anar pensant quines assignatures i quines disponibilitats hor\u00e0ries voldreu fer el curs 2021-22.<\/p>\n<p><strong>Tamb\u00e9 us volem informar que el dissabte 8 de maig farem proves d\u2019instrument per a tots aquells alumnes que encara no toquen un instrument, que volen provar un segon instrument pel curs vinent o que tenen algun amic o conegut que els agradaria provar-ho.<\/strong><\/p>\n<p>Teniu temps fins al 5 de maig per apuntar-vos, places limitades ja que els grups son molt redu\u00efts.<\/p>\n<p>Activitat gratu\u00efta! Us podeu apuntar omplint el seg\u00fcent formulari.\u00a0<a href=\"https:\/\/forms.gle\/NRMQECRSBmopwwb39\" data-saferedirecturl=\"https:\/\/www.google.com\/url?q=https:\/\/forms.gle\/NRMQECRSBmopwwb39&amp;source=gmail&amp;ust=1619546603221000&amp;usg=AFQjCNE3IQyPswaQLtnj7gQz_ewg2OgcCQ\">https:\/\/forms.gle\/NRMQECRSBmopwwb39<\/a><\/p>\n<p>Per qualsevol dubte o informaci\u00f3 podeu trucar a l&#8217;escola al 93 301 07 18 de 10 a 21<\/p>\n<p><strong><u>MATRICULACI\u00d3 CURS 2021-22<\/u><\/strong><strong>\u00a0<\/strong><\/p>\n<p><strong><u>Criteris a l\u2019hora de fer els horaris<\/u><\/strong><\/p>\n<ol>\n<li>Tindran prefer\u00e8ncia els alumnes que facin el programa oficial.<\/li>\n<li><strong>Classes Grupals:\u00a0<\/strong>Tindran prefer\u00e8ncia tots aquells antics alumnes que es prescriguin\u00a0en el programa oficial\u00a0 \u00a0 \u00a0 \u00a0 \u00a0 i\u00a0<strong>es tancaran els grups per estricte ordre d\u2019arribada.<\/strong><\/li>\n<li><strong>Classes individuals<\/strong>: Tindran prefer\u00e8ncia tots aquells antics alumnes que es prescriguin\u00a0en el programa oficial\u00a0 \u00a0 \u00a0 i\u00a0<strong>els horaris es confeccionaran segons l\u2019edat de cada alumne<\/strong>(els petits m\u00e9s aviat i els grans m\u00e9s tard).<\/li>\n<li>Tindran prefer\u00e8ncia hor\u00e0ria tots aquells alumnes que es matriculin abans del 17 de maig.<\/li>\n<li>Germans.<\/li>\n<li>Antiguitat a l\u2019escola.<\/li>\n<\/ol>\n<p><strong><u>Preinscripci\u00f3 curs 2021-22<\/u><\/strong><\/p>\n<p>Els alumnes que tinguin mensualitats pendents de pagament hauran d\u2019abonar-les abans de fer la\u00a0preinscripci\u00f3.<\/p>\n<p><strong><u>Preus\u00a0preinscripci\u00f3 per alumne<\/u><\/strong><\/p>\n<table width=\"666\">\n<tbody>\n<tr>\n<td width=\"234\"><strong>Programa oficial\u00a0\u00a0\u00a0\u00a0<\/strong><\/p>\n<p><strong>(No s\u2019inclou Ravals, Musicals Choir, Batucada junior, cors externs)<\/strong><\/td>\n<td width=\"230\"><strong>Programa lliure<\/strong><\/p>\n<p><strong>(amb alguna assignatura grupal)<\/strong><\/td>\n<td width=\"202\"><strong>Programa lliure<\/strong><\/p>\n<p><strong>( sense assignatura grupal)<\/strong><\/td>\n<\/tr>\n<tr>\n<td width=\"234\"><strong>60\u20ac<\/strong><\/td>\n<td width=\"230\"><strong>70\u20ac<\/strong><\/td>\n<td width=\"202\"><strong>90\u20ac<\/strong><\/td>\n<\/tr>\n<\/tbody>\n<\/table>\n<p><strong>50% Descompte als familiars directes si fan alguna activitat grupal<\/strong><\/p>\n<p><strong><u>Descomptes\u00a0preinscripci\u00f3\u00a0del 3 al 16 de maig.\u00a0<\/u><\/strong><\/p>\n<p><strong>\u00a0 40%\u00a0&#8211;\u00a0Alumnes que estan cursant\u00a0 programa oficial.<\/strong><\/p>\n<p><strong>\u00a0 30%\u00a0&#8211;\u00a0Alumnes del programa lliure (amb assignatura de grup)<\/strong><\/p>\n<p><strong>\u00a0 20%\u00a0&#8211;\u00a0Alumnes del programa lliure (sense assignatura de grup)<\/strong><\/p>\n<p><strong>Confirmaci\u00f3 d\u2019horaris i matriculaci\u00f3:<\/strong><\/p>\n<p><strong>14 de juny:<\/strong>\u00a0alumnes preinscrits en el programa oficial.<\/p>\n<p><strong>21 de juny:<\/strong>\u00a0alumnes preinscrits en el programa lliure.<\/p>\n<p><strong><u>IMPORTANT! Canviar d\u2019un programa a un inferior implica abonar la difer\u00e8ncia del preu de la matr\u00edcula.<\/u><\/strong><\/p>\n<p>Tots aquells alumnes que no confirmin els horaris de la\u00a0preinscripci\u00f3\u00a0i no signin la matr\u00edcula en el termini marcat, perdran els horaris assignats.<\/p>\n<p>L\u2019escola disposar\u00e0 d\u2019aquests horaris per fer canvis o per\u00a0prescriure\u00a0nous alumnes.<\/p>\n<p>L\u2019Escola aconsella seguir la programaci\u00f3 oficial que us adjuntem a continuaci\u00f3, i que s\u2019acreditar\u00e0 amb els seg\u00fcents diplomes:<\/p>\n<p><strong><u>Diploma acreditatiu de nivell elemental<\/u><\/strong><\/p>\n<p>Assignatures m\u00ednimes que s\u2019han de cursar per l\u2019obtenci\u00f3 del diploma:<\/p>\n<p>6 cursos d\u2019instrument<\/p>\n<p>6 cursos de llenguatge musical<\/p>\n<p>4 cursos: de grup instrumental o d\u2019orquestra<\/p>\n<p><strong><u>Diploma acreditatiu de nivell professional (mitj\u00e0)<\/u><\/strong><\/p>\n<p>Assignatures m\u00ednimes que s\u2019han de cursar per l\u2019obtenci\u00f3 del diploma:<\/p>\n<p>6 cursos d\u2019instrument<\/p>\n<p>4 cursos de Llenguatge musical + 4 cursos d\u2019 harmonia<\/p>\n<p>2 cursos de dictat i harmonia aplicada a l\u2019an\u00e0lisi, l\u2019audici\u00f3 i la hist\u00f2ria de la m\u00fasica,\u00a0\u00a0 o d\u2019arranjaments i harmonia moderna<\/p>\n<p>6 cursos de cant coral, grup instrumental o orquestra.<\/p>\n<p>6 cursos de segon instrument<\/p>\n<p>Volem remarcar que aquesta programaci\u00f3 no \u00e9s obligat\u00f2ria. Malgrat tot l\u2019escola considera que \u00e9s la millor opci\u00f3 \u00a0per aprendre b\u00e9 la m\u00fasica i tenir un bon nivell, si en el futur es vol cursar estudis superior de m\u00fasica.<\/p>\n<p>L\u2019Escola d\u00f3na l\u2019opci\u00f3 de seguir el projecte curricular per mitj\u00e0 d\u2019un programa lliure.<\/p>\n<p>L\u2019Escola es caracteritza per la seva flexibilitat, adaptant al m\u00e0xim possible la seva<\/p>\n<p>programaci\u00f3 curricular a les caracter\u00edstiques i necessitats particulars de cada alumne.<\/p>\n<p>Si teniu dubtes de com fer la\u00a0preinscripci\u00f3\u00a0o de quines assignatures matricular-vos, us podeu posar en contacte amb el professor\/a d\u2019instrument (tutor), amb secretaria o concretar una reuni\u00f3 individual amb direcci\u00f3. Tamb\u00e9 us adjuntem un dossier, on trobareu informaci\u00f3 de l\u2019Escola (ideari, programaci\u00f3, assignatures, professorat, activitats i d&#8217;altres).<\/p>\n<p>Per a qualsevol dubte, ens podeu trobar en els horaris habituals de secretaria:<\/p>\n<p>C\/ Carme 15-17<\/p>\n<p>Matins: de dilluns a divendres de 10 a 14 h<\/p>\n<p>Tardes: de dilluns a divendres de 16 a 21h<\/p>\n<p>Tel: 93 301 07 18<\/p>\n","protected":false},"excerpt":{"rendered":"<p>Benvolguts alumnes, mares i pares de L\u2019Escola de M\u00fasics i JPC.<br \/>\nDesitgem i esperem que tots\/es, familiars i amistats, estigueu b\u00e9.<br \/>\nUs comuniquem que a partir del 3 de maig ja podreu fer la\u00a0preinscripci\u00f3\u00a0per al curs 2021-22 On-line.<br \/>\nUs enviarem l&#8217;enlla\u00e7 per fer la preinscripci\u00f3\u00a0On-line el dilluns 3&hellip;  <a href=\"https:\/\/agora.xtec.cat\/escolademusicsijpc\/general\/preinscripcions-2021-22\/\" title=\"Read Preinscripcions 2021\/22\">Llegeix m\u00e9s\u00bb<\/a><\/p>\n","protected":false},"author":3,"featured_media":8925,"comment_status":"open","ping_status":"closed","sticky":false,"template":"","format":"standard","meta":{"_bbp_topic_count":0,"_bbp_reply_count":0,"_bbp_total_topic_count":0,"_bbp_total_reply_count":0,"_bbp_voice_count":0,"_bbp_anonymous_reply_count":0,"_bbp_topic_count_hidden":0,"_bbp_reply_count_hidden":0,"_bbp_forum_subforum_count":0,"footnotes":""},"categories":[1,104],"tags":[],"class_list":["post-8955","post","type-post","status-publish","format-standard","has-post-thumbnail","hentry","category-general","category-uncategorized"],"post_mailing_queue_ids":[],"_links":{"self":[{"href":"https:\/\/agora.xtec.cat\/escolademusicsijpc\/wp-json\/wp\/v2\/posts\/8955","targetHints":{"allow":["GET"]}}],"collection":[{"href":"https:\/\/agora.xtec.cat\/escolademusicsijpc\/wp-json\/wp\/v2\/posts"}],"about":[{"href":"https:\/\/agora.xtec.cat\/escolademusicsijpc\/wp-json\/wp\/v2\/types\/post"}],"author":[{"embeddable":true,"href":"https:\/\/agora.xtec.cat\/escolademusicsijpc\/wp-json\/wp\/v2\/users\/3"}],"replies":[{"embeddable":true,"href":"https:\/\/agora.xtec.cat\/escolademusicsijpc\/wp-json\/wp\/v2\/comments?post=8955"}],"version-history":[{"count":2,"href":"https:\/\/agora.xtec.cat\/escolademusicsijpc\/wp-json\/wp\/v2\/posts\/8955\/revisions"}],"predecessor-version":[{"id":8957,"href":"https:\/\/agora.xtec.cat\/escolademusicsijpc\/wp-json\/wp\/v2\/posts\/8955\/revisions\/8957"}],"wp:featuredmedia":[{"embeddable":true,"href":"https:\/\/agora.xtec.cat\/escolademusicsijpc\/wp-json\/wp\/v2\/media\/8925"}],"wp:attachment":[{"href":"https:\/\/agora.xtec.cat\/escolademusicsijpc\/wp-json\/wp\/v2\/media?parent=8955"}],"wp:term":[{"taxonomy":"category","embeddable":true,"href":"https:\/\/agora.xtec.cat\/escolademusicsijpc\/wp-json\/wp\/v2\/categories?post=8955"},{"taxonomy":"post_tag","embeddable":true,"href":"https:\/\/agora.xtec.cat\/escolademusicsijpc\/wp-json\/wp\/v2\/tags?post=8955"}],"curies":[{"name":"wp","href":"https:\/\/api.w.org\/{rel}","templated":true}]}}