{"id":8939,"date":"2021-04-26T19:58:48","date_gmt":"2021-04-26T17:58:48","guid":{"rendered":"http:\/\/agora.xtec.cat\/escolademusicsijpc\/?p=8939"},"modified":"2021-04-26T20:04:04","modified_gmt":"2021-04-26T18:04:04","slug":"sant-jordi","status":"publish","type":"post","link":"https:\/\/agora.xtec.cat\/escolademusicsijpc\/general\/sant-jordi\/","title":{"rendered":"Sant Jordi"},"content":{"rendered":"<p>8 alumnes de l&#8217;escola han cantat al jard\u00ed de l&#8217;Ateneu Barcelon\u00e8s. La Sibyla, Silvana, Raquel, Mariona, Mafalda, Cl\u00e0udia, Paula i Greta acompanyades del pianista V\u00edctor Oller.<\/p>\n<p><a href=\"https:\/\/agora.xtec.cat\/escolademusicsijpc\/wp-content\/uploads\/usu459\/2021\/04\/img-20210423-wa0019-1.gif\"><img loading=\"lazy\" decoding=\"async\" class=\"size-full wp-image-8940 alignleft\" src=\"https:\/\/agora.xtec.cat\/escolademusicsijpc\/wp-content\/uploads\/usu459\/2021\/04\/img-20210423-wa0019-1.gif\" alt=\"\" width=\"219\" height=\"219\" \/><\/a> <a href=\"https:\/\/agora.xtec.cat\/escolademusicsijpc\/wp-content\/uploads\/usu459\/2021\/04\/img-20210423-wa0020.gif\"><img loading=\"lazy\" decoding=\"async\" class=\"size-medium wp-image-8941 alignleft\" src=\"https:\/\/agora.xtec.cat\/escolademusicsijpc\/wp-content\/uploads\/usu459\/2021\/04\/img-20210423-wa0020.gif\" alt=\"\" width=\"219\" height=\"219\" \/><\/a> <a href=\"https:\/\/agora.xtec.cat\/escolademusicsijpc\/wp-content\/uploads\/usu459\/2021\/04\/img-20210423-wa0021.gif\"><img loading=\"lazy\" decoding=\"async\" class=\"size-medium wp-image-8942 alignleft\" src=\"https:\/\/agora.xtec.cat\/escolademusicsijpc\/wp-content\/uploads\/usu459\/2021\/04\/img-20210423-wa0021.gif\" alt=\"\" width=\"219\" height=\"219\" \/><\/a> <a href=\"https:\/\/agora.xtec.cat\/escolademusicsijpc\/wp-content\/uploads\/usu459\/2021\/04\/img-20210423-wa0022.gif\"><img loading=\"lazy\" decoding=\"async\" class=\"size-medium wp-image-8943 alignleft\" src=\"https:\/\/agora.xtec.cat\/escolademusicsijpc\/wp-content\/uploads\/usu459\/2021\/04\/img-20210423-wa0022.gif\" alt=\"\" width=\"219\" height=\"219\" \/><\/a> <a href=\"https:\/\/agora.xtec.cat\/escolademusicsijpc\/wp-content\/uploads\/usu459\/2021\/04\/img-20210423-wa0024.gif\"><img loading=\"lazy\" decoding=\"async\" class=\"size-medium wp-image-8945 alignleft\" src=\"https:\/\/agora.xtec.cat\/escolademusicsijpc\/wp-content\/uploads\/usu459\/2021\/04\/img-20210423-wa0024.gif\" alt=\"\" width=\"219\" height=\"219\" \/><\/a> <a href=\"https:\/\/agora.xtec.cat\/escolademusicsijpc\/wp-content\/uploads\/usu459\/2021\/04\/img-20210423-wa0025.gif\"><img loading=\"lazy\" decoding=\"async\" class=\"size-medium wp-image-8946 alignleft\" src=\"https:\/\/agora.xtec.cat\/escolademusicsijpc\/wp-content\/uploads\/usu459\/2021\/04\/img-20210423-wa0025.gif\" alt=\"\" width=\"219\" height=\"219\" \/><\/a> <a href=\"https:\/\/agora.xtec.cat\/escolademusicsijpc\/wp-content\/uploads\/usu459\/2021\/04\/img-20210423-wa0027.gif\"><img loading=\"lazy\" decoding=\"async\" class=\"size-medium wp-image-8947 alignleft\" src=\"https:\/\/agora.xtec.cat\/escolademusicsijpc\/wp-content\/uploads\/usu459\/2021\/04\/img-20210423-wa0027.gif\" alt=\"\" width=\"219\" height=\"219\" \/><\/a> <a href=\"https:\/\/agora.xtec.cat\/escolademusicsijpc\/wp-content\/uploads\/usu459\/2021\/04\/img-20210423-wa0028.gif\"><img loading=\"lazy\" decoding=\"async\" class=\"size-medium wp-image-8948 alignleft\" src=\"https:\/\/agora.xtec.cat\/escolademusicsijpc\/wp-content\/uploads\/usu459\/2021\/04\/img-20210423-wa0028.gif\" alt=\"\" width=\"219\" height=\"219\" \/><\/a> <a href=\"https:\/\/agora.xtec.cat\/escolademusicsijpc\/wp-content\/uploads\/usu459\/2021\/04\/img-20210423-wa0026.gif\"><img loading=\"lazy\" decoding=\"async\" class=\"size-medium wp-image-8949 alignleft\" src=\"https:\/\/agora.xtec.cat\/escolademusicsijpc\/wp-content\/uploads\/usu459\/2021\/04\/img-20210423-wa0026.gif\" alt=\"\" width=\"219\" height=\"219\" \/><\/a> <a href=\"https:\/\/agora.xtec.cat\/escolademusicsijpc\/wp-content\/uploads\/usu459\/2021\/04\/img-20210423-wa0029.gif\"><img loading=\"lazy\" decoding=\"async\" class=\"size-medium wp-image-8950 alignleft\" src=\"https:\/\/agora.xtec.cat\/escolademusicsijpc\/wp-content\/uploads\/usu459\/2021\/04\/img-20210423-wa0029.gif\" alt=\"\" width=\"219\" height=\"219\" \/><\/a> <a href=\"https:\/\/agora.xtec.cat\/escolademusicsijpc\/wp-content\/uploads\/usu459\/2021\/04\/img-20210423-wa0030.gif\"><img loading=\"lazy\" decoding=\"async\" class=\"size-medium wp-image-8951 alignleft\" src=\"https:\/\/agora.xtec.cat\/escolademusicsijpc\/wp-content\/uploads\/usu459\/2021\/04\/img-20210423-wa0030.gif\" alt=\"\" width=\"219\" height=\"219\" \/><\/a> <a href=\"https:\/\/agora.xtec.cat\/escolademusicsijpc\/wp-content\/uploads\/usu459\/2021\/04\/img-20210423-wa0031.gif\"><img loading=\"lazy\" decoding=\"async\" class=\"size-full wp-image-8952 alignleft\" src=\"https:\/\/agora.xtec.cat\/escolademusicsijpc\/wp-content\/uploads\/usu459\/2021\/04\/img-20210423-wa0031.gif\" alt=\"\" width=\"219\" height=\"219\" \/><\/a><\/p>\n","protected":false},"excerpt":{"rendered":"<p>8 alumnes de l&#8217;escola han cantat al jard\u00ed de l&#8217;Ateneu Barcelon\u00e8s. La Sibyla, Silvana, Raquel, Mariona, Mafalda, Cl\u00e0udia, Paula i Greta acompanyades del pianista V\u00edctor Oller.<br \/>\n<a href=\"https:\/\/agora.xtec.cat\/escolademusicsijpc\/wp-content\/uploads\/usu459\/2021\/04\/img-20210423-wa0019-1.gif\"><\/a> <a href=\"https:\/\/agora.xtec.cat\/escolademusicsijpc\/wp-content\/uploads\/usu459\/2021\/04\/img-20210423-wa0020.gif\"><\/a> <a href=\"https:\/\/agora.xtec.cat\/escolademusicsijpc\/wp-content\/uploads\/usu459\/2021\/04\/img-20210423-wa0021.gif\"><\/a> <a href=\"https:\/\/agora.xtec.cat\/escolademusicsijpc\/wp-content\/uploads\/usu459\/2021\/04\/img-20210423-wa0022.gif\"><\/a> <a href=\"https:\/\/agora.xtec.cat\/escolademusicsijpc\/wp-content\/uploads\/usu459\/2021\/04\/img-20210423-wa0024.gif\"><\/a> <a href=\"https:\/\/agora.xtec.cat\/escolademusicsijpc\/wp-content\/uploads\/usu459\/2021\/04\/img-20210423-wa0025.gif\"><\/a> <a href=\"https:\/\/agora.xtec.cat\/escolademusicsijpc\/wp-content\/uploads\/usu459\/2021\/04\/img-20210423-wa0027.gif\"><\/a> <a href=\"https:\/\/agora.xtec.cat\/escolademusicsijpc\/wp-content\/uploads\/usu459\/2021\/04\/img-20210423-wa0028.gif\"><\/a> <a href=\"https:\/\/agora.xtec.cat\/escolademusicsijpc\/wp-content\/uploads\/usu459\/2021\/04\/img-20210423-wa0026.gif\"><\/a> <a href=\"https:\/\/agora.xtec.cat\/escolademusicsijpc\/wp-content\/uploads\/usu459\/2021\/04\/img-20210423-wa0029.gif\"><\/a>&hellip;  <a href=\"https:\/\/agora.xtec.cat\/escolademusicsijpc\/general\/sant-jordi\/\" title=\"Read Sant Jordi\">Llegeix m\u00e9s\u00bb<\/a><\/p>\n","protected":false},"author":3,"featured_media":8944,"comment_status":"open","ping_status":"closed","sticky":false,"template":"","format":"standard","meta":{"_bbp_topic_count":0,"_bbp_reply_count":0,"_bbp_total_topic_count":0,"_bbp_total_reply_count":0,"_bbp_voice_count":0,"_bbp_anonymous_reply_count":0,"_bbp_topic_count_hidden":0,"_bbp_reply_count_hidden":0,"_bbp_forum_subforum_count":0,"footnotes":""},"categories":[63,1,104],"tags":[],"class_list":["post-8939","post","type-post","status-publish","format-standard","has-post-thumbnail","hentry","category-concerts","category-general","category-uncategorized"],"post_mailing_queue_ids":[],"_links":{"self":[{"href":"https:\/\/agora.xtec.cat\/escolademusicsijpc\/wp-json\/wp\/v2\/posts\/8939","targetHints":{"allow":["GET"]}}],"collection":[{"href":"https:\/\/agora.xtec.cat\/escolademusicsijpc\/wp-json\/wp\/v2\/posts"}],"about":[{"href":"https:\/\/agora.xtec.cat\/escolademusicsijpc\/wp-json\/wp\/v2\/types\/post"}],"author":[{"embeddable":true,"href":"https:\/\/agora.xtec.cat\/escolademusicsijpc\/wp-json\/wp\/v2\/users\/3"}],"replies":[{"embeddable":true,"href":"https:\/\/agora.xtec.cat\/escolademusicsijpc\/wp-json\/wp\/v2\/comments?post=8939"}],"version-history":[{"count":1,"href":"https:\/\/agora.xtec.cat\/escolademusicsijpc\/wp-json\/wp\/v2\/posts\/8939\/revisions"}],"predecessor-version":[{"id":8953,"href":"https:\/\/agora.xtec.cat\/escolademusicsijpc\/wp-json\/wp\/v2\/posts\/8939\/revisions\/8953"}],"wp:featuredmedia":[{"embeddable":true,"href":"https:\/\/agora.xtec.cat\/escolademusicsijpc\/wp-json\/wp\/v2\/media\/8944"}],"wp:attachment":[{"href":"https:\/\/agora.xtec.cat\/escolademusicsijpc\/wp-json\/wp\/v2\/media?parent=8939"}],"wp:term":[{"taxonomy":"category","embeddable":true,"href":"https:\/\/agora.xtec.cat\/escolademusicsijpc\/wp-json\/wp\/v2\/categories?post=8939"},{"taxonomy":"post_tag","embeddable":true,"href":"https:\/\/agora.xtec.cat\/escolademusicsijpc\/wp-json\/wp\/v2\/tags?post=8939"}],"curies":[{"name":"wp","href":"https:\/\/api.w.org\/{rel}","templated":true}]}}