{"id":888,"date":"2010-06-08T21:09:28","date_gmt":"2010-06-08T20:09:28","guid":{"rendered":"http:\/\/lescolademusicsijpc.wordpress.com\/?p=888"},"modified":"2016-01-29T19:46:51","modified_gmt":"2016-01-29T18:46:51","slug":"el-raval-amb-mes-harmonia","status":"publish","type":"post","link":"https:\/\/agora.xtec.cat\/escolademusicsijpc\/general\/el-raval-amb-mes-harmonia\/","title":{"rendered":"El Raval amb m\u00e9s harmonia"},"content":{"rendered":"<p><img loading=\"lazy\" decoding=\"async\" class=\"alignleft size-full wp-image-895\" title=\"Coordinats 8 Alumnes de l'escola Collaso i Gil interpreten el musical 'Mamma mia!'\" src=\"http:\/\/agora.xtec.cat\/escolademusicsijpc\/wp-content\/uploads\/usu459\/2010\/06\/condal.gif\" alt=\"\" width=\"200\" height=\"116\" \/>Els nens van donar ahir una nova lli\u00e7\u00f3 als grans. El catal\u00e0, aquella llaminera arma que tot bur\u00f2crata sap b\u00e9 quan i com desenfundar, es va convertir en festa i il\u00b7lusi\u00f3 al Teatre Condal, on set escoles del Raval van protagonitzar set musicals tradu\u00efts a la llengua de Mart\u00ed Pol. Pakistanesos, filipins, indis, equatorians, bolivians, xinesos, catalans&#8230;; canalla de tot el m\u00f3n va entonar i va ballar en un exemplar exercici de normalitzaci\u00f3 ling\u00fc\u00edstica. Cal tenir en compte que la poblaci\u00f3 immigrant de Ciutat Vella supera el 40,5% del total. I cal destacar que el somriure, els nervis i la passi\u00f3 sobre l&#8217;escenari van transcendir tota pol\u00e8mica sobre dogmatismes o imposicions; un debat, com es va demostrar a la sala del Paral\u00b7lel, m\u00e9s present als hemicicles que al carrer. <a href=\"http:\/\/www.elperiodico.es\/ca\/noticias\/barcelona\/20100608\/raval-amb-mes-harmonia\/306154.shtml\" target=\"_blank\">M\u00e9s informaci\u00f3 feu clic al Peri\u00f3dico de Catalunya&#8230;<\/a><\/p>\n","protected":false},"excerpt":{"rendered":"<p>Els nens van donar ahir una nova lli\u00e7\u00f3 als grans. El catal\u00e0, aquella llaminera arma que tot bur\u00f2crata sap b\u00e9 quan i com desenfundar, es va convertir en festa i il\u00b7lusi\u00f3 al Teatre Condal, on set escoles del Raval van protagonitzar set musicals tradu\u00efts a&hellip;  <a href=\"https:\/\/agora.xtec.cat\/escolademusicsijpc\/general\/el-raval-amb-mes-harmonia\/\" title=\"Read El Raval amb m\u00e9s harmonia\">Llegeix m\u00e9s\u00bb<\/a><\/p>\n","protected":false},"author":1,"featured_media":895,"comment_status":"open","ping_status":"open","sticky":false,"template":"","format":"standard","meta":{"_bbp_topic_count":0,"_bbp_reply_count":0,"_bbp_total_topic_count":0,"_bbp_total_reply_count":0,"_bbp_voice_count":0,"_bbp_anonymous_reply_count":0,"_bbp_topic_count_hidden":0,"_bbp_reply_count_hidden":0,"_bbp_forum_subforum_count":0,"footnotes":""},"categories":[1],"tags":[90],"class_list":["post-888","post","type-post","status-publish","format-standard","has-post-thumbnail","hentry","category-general","tag-musicals"],"post_mailing_queue_ids":[],"_links":{"self":[{"href":"https:\/\/agora.xtec.cat\/escolademusicsijpc\/wp-json\/wp\/v2\/posts\/888","targetHints":{"allow":["GET"]}}],"collection":[{"href":"https:\/\/agora.xtec.cat\/escolademusicsijpc\/wp-json\/wp\/v2\/posts"}],"about":[{"href":"https:\/\/agora.xtec.cat\/escolademusicsijpc\/wp-json\/wp\/v2\/types\/post"}],"author":[{"embeddable":true,"href":"https:\/\/agora.xtec.cat\/escolademusicsijpc\/wp-json\/wp\/v2\/users\/1"}],"replies":[{"embeddable":true,"href":"https:\/\/agora.xtec.cat\/escolademusicsijpc\/wp-json\/wp\/v2\/comments?post=888"}],"version-history":[{"count":2,"href":"https:\/\/agora.xtec.cat\/escolademusicsijpc\/wp-json\/wp\/v2\/posts\/888\/revisions"}],"predecessor-version":[{"id":4955,"href":"https:\/\/agora.xtec.cat\/escolademusicsijpc\/wp-json\/wp\/v2\/posts\/888\/revisions\/4955"}],"wp:featuredmedia":[{"embeddable":true,"href":"https:\/\/agora.xtec.cat\/escolademusicsijpc\/wp-json\/wp\/v2\/media\/895"}],"wp:attachment":[{"href":"https:\/\/agora.xtec.cat\/escolademusicsijpc\/wp-json\/wp\/v2\/media?parent=888"}],"wp:term":[{"taxonomy":"category","embeddable":true,"href":"https:\/\/agora.xtec.cat\/escolademusicsijpc\/wp-json\/wp\/v2\/categories?post=888"},{"taxonomy":"post_tag","embeddable":true,"href":"https:\/\/agora.xtec.cat\/escolademusicsijpc\/wp-json\/wp\/v2\/tags?post=888"}],"curies":[{"name":"wp","href":"https:\/\/api.w.org\/{rel}","templated":true}]}}