{"id":8866,"date":"2020-12-21T18:32:09","date_gmt":"2020-12-21T17:32:09","guid":{"rendered":"http:\/\/agora.xtec.cat\/escolademusicsijpc\/?p=8866"},"modified":"2020-12-21T18:32:09","modified_gmt":"2020-12-21T17:32:09","slug":"fins-el-30-de-desembre-canco-de-nadal-a-placa-catalunya","status":"publish","type":"post","link":"https:\/\/agora.xtec.cat\/escolademusicsijpc\/general\/fins-el-30-de-desembre-canco-de-nadal-a-placa-catalunya\/","title":{"rendered":"Fins el 30 de desembre, can\u00e7\u00f3 de Nadal a Pla\u00e7a Catalunya"},"content":{"rendered":"<p>Insectotr\u00f2pics reinventa el &#8216;Conte de Nadal&#8217; de Charles Dickens al Festival de Nadal de Barcelona.<\/p>\n<blockquote class=\"twitter-tweet\" data-width=\"500\" data-dnt=\"true\">\n<p lang=\"ca\" dir=\"ltr\">La companyia barcelonina <a href=\"https:\/\/twitter.com\/Insectotropics?ref_src=twsrc%5Etfw\">@Insectotropics<\/a> estrena ara a la pla\u00e7a de Catalunya l&#39;espectacle \u2018Can\u00e7\u00f3 de Nadal\u2019 <a href=\"https:\/\/t.co\/tnzts3hVnv\">https:\/\/t.co\/tnzts3hVnv<\/a> <a href=\"https:\/\/t.co\/Mo5Rs255R5\">pic.twitter.com\/Mo5Rs255R5<\/a><\/p>\n<p>&mdash; btv not\u00edcies (@btvnoticies) <a href=\"https:\/\/twitter.com\/btvnoticies\/status\/1340389120498130944?ref_src=twsrc%5Etfw\">December 19, 2020<\/a><\/p><\/blockquote>\n<p><script async src=\"https:\/\/platform.twitter.com\/widgets.js\" charset=\"utf-8\"><\/script><\/p>\n","protected":false},"excerpt":{"rendered":"<p>Insectotr\u00f2pics reinventa el &#8216;Conte de Nadal&#8217; de Charles Dickens al Festival de Nadal de Barcelona.<\/p>\n<p>La companyia barcelonina <a href=\"https:\/\/twitter.com\/Insectotropics?ref_src=twsrc%5Etfw\">@Insectotropics<\/a> estrena ara a la pla\u00e7a de Catalunya l&#39;espectacle \u2018Can\u00e7\u00f3 de Nadal\u2019 <a href=\"https:\/\/t.co\/tnzts3hVnv\">https:\/\/t.co\/tnzts3hVnv<\/a> <a href=\"https:\/\/t.co\/Mo5Rs255R5\">pic.twitter.com\/Mo5Rs255R5<\/a><br \/>\n&mdash; btv not\u00edcies (@btvnoticies) <a href=\"https:\/\/twitter.com\/btvnoticies\/status\/1340389120498130944?ref_src=twsrc%5Etfw\">December 19, 2020<\/a><\/p>\n","protected":false},"author":3,"featured_media":8867,"comment_status":"open","ping_status":"closed","sticky":false,"template":"","format":"standard","meta":{"_bbp_topic_count":0,"_bbp_reply_count":0,"_bbp_total_topic_count":0,"_bbp_total_reply_count":0,"_bbp_voice_count":0,"_bbp_anonymous_reply_count":0,"_bbp_topic_count_hidden":0,"_bbp_reply_count_hidden":0,"_bbp_forum_subforum_count":0,"footnotes":""},"categories":[66,1,105,104],"tags":[],"class_list":["post-8866","post","type-post","status-publish","format-standard","has-post-thumbnail","hentry","category-corals","category-general","category-musicals-choir","category-uncategorized"],"post_mailing_queue_ids":[],"_links":{"self":[{"href":"https:\/\/agora.xtec.cat\/escolademusicsijpc\/wp-json\/wp\/v2\/posts\/8866","targetHints":{"allow":["GET"]}}],"collection":[{"href":"https:\/\/agora.xtec.cat\/escolademusicsijpc\/wp-json\/wp\/v2\/posts"}],"about":[{"href":"https:\/\/agora.xtec.cat\/escolademusicsijpc\/wp-json\/wp\/v2\/types\/post"}],"author":[{"embeddable":true,"href":"https:\/\/agora.xtec.cat\/escolademusicsijpc\/wp-json\/wp\/v2\/users\/3"}],"replies":[{"embeddable":true,"href":"https:\/\/agora.xtec.cat\/escolademusicsijpc\/wp-json\/wp\/v2\/comments?post=8866"}],"version-history":[{"count":1,"href":"https:\/\/agora.xtec.cat\/escolademusicsijpc\/wp-json\/wp\/v2\/posts\/8866\/revisions"}],"predecessor-version":[{"id":8868,"href":"https:\/\/agora.xtec.cat\/escolademusicsijpc\/wp-json\/wp\/v2\/posts\/8866\/revisions\/8868"}],"wp:featuredmedia":[{"embeddable":true,"href":"https:\/\/agora.xtec.cat\/escolademusicsijpc\/wp-json\/wp\/v2\/media\/8867"}],"wp:attachment":[{"href":"https:\/\/agora.xtec.cat\/escolademusicsijpc\/wp-json\/wp\/v2\/media?parent=8866"}],"wp:term":[{"taxonomy":"category","embeddable":true,"href":"https:\/\/agora.xtec.cat\/escolademusicsijpc\/wp-json\/wp\/v2\/categories?post=8866"},{"taxonomy":"post_tag","embeddable":true,"href":"https:\/\/agora.xtec.cat\/escolademusicsijpc\/wp-json\/wp\/v2\/tags?post=8866"}],"curies":[{"name":"wp","href":"https:\/\/api.w.org\/{rel}","templated":true}]}}