{"id":8851,"date":"2020-12-15T17:39:55","date_gmt":"2020-12-15T16:39:55","guid":{"rendered":"http:\/\/agora.xtec.cat\/escolademusicsijpc\/?p=8851"},"modified":"2020-12-15T17:39:55","modified_gmt":"2020-12-15T16:39:55","slug":"insectotropics-2","status":"publish","type":"post","link":"https:\/\/agora.xtec.cat\/escolademusicsijpc\/general\/insectotropics-2\/","title":{"rendered":"Insectotr\u00f2pics"},"content":{"rendered":"<p><span class=\"css-901oao css-16my406 r-1qd0xha r-ad9z0x r-bcqeeo r-qvutc0\">&#8230;preparats???? Ja teniu les entrades? <\/span><span class=\"r-18u37iz\"><a class=\"css-4rbku5 css-18t94o4 css-901oao css-16my406 r-1n1174f r-1loqt21 r-1qd0xha r-ad9z0x r-bcqeeo r-qvutc0\" role=\"link\" href=\"https:\/\/twitter.com\/Insectotropics\">@Insectotropics<\/a><\/span><\/p>\n<blockquote class=\"twitter-tweet\" data-width=\"500\" data-dnt=\"true\">\n<p lang=\"ca\" dir=\"ltr\">\ud83c\udf20 A partir d&#39;avui ja es poden reservar entrades per veure l&#39;espectacle &#39;Can\u00e7\u00f3 de Nadal&#39; a la pla\u00e7a de Catalunya.<\/p>\n<p>Una versi\u00f3 de la hist\u00f2ria de Charles Dickens amb la mirada d&#39;<a href=\"https:\/\/twitter.com\/Insectotropics?ref_src=twsrc%5Etfw\">@Insectotropics<\/a>.<a href=\"https:\/\/t.co\/i83EgbxUMX\">https:\/\/t.co\/i83EgbxUMX<\/a> <a href=\"https:\/\/t.co\/HhuIxQLR1W\">pic.twitter.com\/HhuIxQLR1W<\/a><\/p>\n<p>&mdash; betev\u00e9 (@beteve) <a href=\"https:\/\/twitter.com\/beteve\/status\/1338412412337233922?ref_src=twsrc%5Etfw\">December 14, 2020<\/a><\/p><\/blockquote>\n<p><script async src=\"https:\/\/platform.twitter.com\/widgets.js\" charset=\"utf-8\"><\/script><\/p>\n","protected":false},"excerpt":{"rendered":"<p>&#8230;preparats???? Ja teniu les entrades? <a class=\"css-4rbku5 css-18t94o4 css-901oao css-16my406 r-1n1174f r-1loqt21 r-1qd0xha r-ad9z0x r-bcqeeo r-qvutc0\" role=\"link\" href=\"https:\/\/twitter.com\/Insectotropics\">@Insectotropics<\/a><\/p>\n<p>\ud83c\udf20 A partir d&#39;avui ja es poden reservar entrades per veure l&#39;espectacle &#39;Can\u00e7\u00f3 de Nadal&#39; a la pla\u00e7a de Catalunya.<br \/>\nUna versi\u00f3 de la hist\u00f2ria de Charles Dickens amb&hellip;  <a href=\"https:\/\/agora.xtec.cat\/escolademusicsijpc\/general\/insectotropics-2\/\" title=\"Read Insectotr\u00f2pics\">Llegeix m\u00e9s\u00bb<\/a><\/p>\n","protected":false},"author":3,"featured_media":8852,"comment_status":"open","ping_status":"closed","sticky":false,"template":"","format":"standard","meta":{"_bbp_topic_count":0,"_bbp_reply_count":0,"_bbp_total_topic_count":0,"_bbp_total_reply_count":0,"_bbp_voice_count":0,"_bbp_anonymous_reply_count":0,"_bbp_topic_count_hidden":0,"_bbp_reply_count_hidden":0,"_bbp_forum_subforum_count":0,"footnotes":""},"categories":[1,105,104],"tags":[],"class_list":["post-8851","post","type-post","status-publish","format-standard","has-post-thumbnail","hentry","category-general","category-musicals-choir","category-uncategorized"],"post_mailing_queue_ids":[],"_links":{"self":[{"href":"https:\/\/agora.xtec.cat\/escolademusicsijpc\/wp-json\/wp\/v2\/posts\/8851","targetHints":{"allow":["GET"]}}],"collection":[{"href":"https:\/\/agora.xtec.cat\/escolademusicsijpc\/wp-json\/wp\/v2\/posts"}],"about":[{"href":"https:\/\/agora.xtec.cat\/escolademusicsijpc\/wp-json\/wp\/v2\/types\/post"}],"author":[{"embeddable":true,"href":"https:\/\/agora.xtec.cat\/escolademusicsijpc\/wp-json\/wp\/v2\/users\/3"}],"replies":[{"embeddable":true,"href":"https:\/\/agora.xtec.cat\/escolademusicsijpc\/wp-json\/wp\/v2\/comments?post=8851"}],"version-history":[{"count":1,"href":"https:\/\/agora.xtec.cat\/escolademusicsijpc\/wp-json\/wp\/v2\/posts\/8851\/revisions"}],"predecessor-version":[{"id":8853,"href":"https:\/\/agora.xtec.cat\/escolademusicsijpc\/wp-json\/wp\/v2\/posts\/8851\/revisions\/8853"}],"wp:featuredmedia":[{"embeddable":true,"href":"https:\/\/agora.xtec.cat\/escolademusicsijpc\/wp-json\/wp\/v2\/media\/8852"}],"wp:attachment":[{"href":"https:\/\/agora.xtec.cat\/escolademusicsijpc\/wp-json\/wp\/v2\/media?parent=8851"}],"wp:term":[{"taxonomy":"category","embeddable":true,"href":"https:\/\/agora.xtec.cat\/escolademusicsijpc\/wp-json\/wp\/v2\/categories?post=8851"},{"taxonomy":"post_tag","embeddable":true,"href":"https:\/\/agora.xtec.cat\/escolademusicsijpc\/wp-json\/wp\/v2\/tags?post=8851"}],"curies":[{"name":"wp","href":"https:\/\/api.w.org\/{rel}","templated":true}]}}