{"id":8843,"date":"2020-12-14T18:12:00","date_gmt":"2020-12-14T17:12:00","guid":{"rendered":"http:\/\/agora.xtec.cat\/escolademusicsijpc\/?p=8843"},"modified":"2020-12-14T18:12:00","modified_gmt":"2020-12-14T17:12:00","slug":"insectotropic-i-musicals-choir","status":"publish","type":"post","link":"https:\/\/agora.xtec.cat\/escolademusicsijpc\/general\/insectotropic-i-musicals-choir\/","title":{"rendered":"Insectotr\u00f2pic i Musicals&#8217; Choir"},"content":{"rendered":"<p><span class=\"css-901oao css-16my406 r-1qd0xha r-ad9z0x r-bcqeeo r-qvutc0\">Tenim molt\u00edssimes ganes de fer un s\u00faper espectacle! Els <\/span><span class=\"r-18u37iz\"><a class=\"css-4rbku5 css-18t94o4 css-901oao css-16my406 r-1n1174f r-1loqt21 r-1qd0xha r-ad9z0x r-bcqeeo r-qvutc0\" role=\"link\" href=\"https:\/\/twitter.com\/MusicalsChoir\">@MusicalsChoir <\/a><\/span><span style=\"font-size: 1.0625rem;\">s&#8217;estan preparant!<\/span><\/p>\n<blockquote class=\"twitter-tweet\" data-width=\"500\" data-dnt=\"true\">\n<p lang=\"ca\" dir=\"ltr\">Nova c\u00e1psula de making of del nostre proc\u00e9s de creaci\u00f3, en 9 dies ens veiem a Pla\u00e7a Catalunya \ud83e\udd29<a href=\"https:\/\/twitter.com\/hashtag\/teatre?src=hash&amp;ref_src=twsrc%5Etfw\">#teatre<\/a> <a href=\"https:\/\/twitter.com\/hashtag\/cat?src=hash&amp;ref_src=twsrc%5Etfw\">#cat<\/a> <a href=\"https:\/\/twitter.com\/hashtag\/nadal?src=hash&amp;ref_src=twsrc%5Etfw\">#nadal<\/a> <a href=\"https:\/\/twitter.com\/hashtag\/dickens?src=hash&amp;ref_src=twsrc%5Etfw\">#dickens<\/a> <a href=\"https:\/\/twitter.com\/hashtag\/bcn?src=hash&amp;ref_src=twsrc%5Etfw\">#bcn<\/a> <a href=\"https:\/\/twitter.com\/hashtag\/act?src=hash&amp;ref_src=twsrc%5Etfw\">#act<\/a> <a href=\"https:\/\/t.co\/XjuN0eEH1H\">pic.twitter.com\/XjuN0eEH1H<\/a><\/p>\n<p>&mdash; Insectotr\u00f2pics (@Insectotropics) <a href=\"https:\/\/twitter.com\/Insectotropics\/status\/1337132674138431492?ref_src=twsrc%5Etfw\">December 10, 2020<\/a><\/p><\/blockquote>\n<p><script async src=\"https:\/\/platform.twitter.com\/widgets.js\" charset=\"utf-8\"><\/script><\/p>\n<p>&nbsp;<\/p>\n","protected":false},"excerpt":{"rendered":"<p>Tenim molt\u00edssimes ganes de fer un s\u00faper espectacle! Els <a class=\"css-4rbku5 css-18t94o4 css-901oao css-16my406 r-1n1174f r-1loqt21 r-1qd0xha r-ad9z0x r-bcqeeo r-qvutc0\" role=\"link\" href=\"https:\/\/twitter.com\/MusicalsChoir\">@MusicalsChoir <\/a>s&#8217;estan preparant!<\/p>\n<p>Nova c\u00e1psula de making of del nostre proc\u00e9s de creaci\u00f3, en 9 dies ens veiem a Pla\u00e7a Catalunya \ud83e\udd29<a href=\"https:\/\/twitter.com\/hashtag\/teatre?src=hash&amp;ref_src=twsrc%5Etfw\">#teatre<\/a> <a href=\"https:\/\/twitter.com\/hashtag\/cat?src=hash&amp;ref_src=twsrc%5Etfw\">#cat<\/a>&hellip;  <a href=\"https:\/\/agora.xtec.cat\/escolademusicsijpc\/general\/insectotropic-i-musicals-choir\/\" title=\"Read Insectotr\u00f2pic i Musicals&#8217; Choir\">Llegeix m\u00e9s\u00bb<\/a><\/p>\n","protected":false},"author":3,"featured_media":8844,"comment_status":"open","ping_status":"closed","sticky":false,"template":"","format":"standard","meta":{"_bbp_topic_count":0,"_bbp_reply_count":0,"_bbp_total_topic_count":0,"_bbp_total_reply_count":0,"_bbp_voice_count":0,"_bbp_anonymous_reply_count":0,"_bbp_topic_count_hidden":0,"_bbp_reply_count_hidden":0,"_bbp_forum_subforum_count":0,"footnotes":""},"categories":[66,1,105,104],"tags":[],"class_list":["post-8843","post","type-post","status-publish","format-standard","has-post-thumbnail","hentry","category-corals","category-general","category-musicals-choir","category-uncategorized"],"post_mailing_queue_ids":[],"_links":{"self":[{"href":"https:\/\/agora.xtec.cat\/escolademusicsijpc\/wp-json\/wp\/v2\/posts\/8843","targetHints":{"allow":["GET"]}}],"collection":[{"href":"https:\/\/agora.xtec.cat\/escolademusicsijpc\/wp-json\/wp\/v2\/posts"}],"about":[{"href":"https:\/\/agora.xtec.cat\/escolademusicsijpc\/wp-json\/wp\/v2\/types\/post"}],"author":[{"embeddable":true,"href":"https:\/\/agora.xtec.cat\/escolademusicsijpc\/wp-json\/wp\/v2\/users\/3"}],"replies":[{"embeddable":true,"href":"https:\/\/agora.xtec.cat\/escolademusicsijpc\/wp-json\/wp\/v2\/comments?post=8843"}],"version-history":[{"count":2,"href":"https:\/\/agora.xtec.cat\/escolademusicsijpc\/wp-json\/wp\/v2\/posts\/8843\/revisions"}],"predecessor-version":[{"id":8846,"href":"https:\/\/agora.xtec.cat\/escolademusicsijpc\/wp-json\/wp\/v2\/posts\/8843\/revisions\/8846"}],"wp:featuredmedia":[{"embeddable":true,"href":"https:\/\/agora.xtec.cat\/escolademusicsijpc\/wp-json\/wp\/v2\/media\/8844"}],"wp:attachment":[{"href":"https:\/\/agora.xtec.cat\/escolademusicsijpc\/wp-json\/wp\/v2\/media?parent=8843"}],"wp:term":[{"taxonomy":"category","embeddable":true,"href":"https:\/\/agora.xtec.cat\/escolademusicsijpc\/wp-json\/wp\/v2\/categories?post=8843"},{"taxonomy":"post_tag","embeddable":true,"href":"https:\/\/agora.xtec.cat\/escolademusicsijpc\/wp-json\/wp\/v2\/tags?post=8843"}],"curies":[{"name":"wp","href":"https:\/\/api.w.org\/{rel}","templated":true}]}}