{"id":8815,"date":"2020-11-30T18:07:37","date_gmt":"2020-11-30T17:07:37","guid":{"rendered":"http:\/\/agora.xtec.cat\/escolademusicsijpc\/?p=8815"},"modified":"2020-11-30T18:07:37","modified_gmt":"2020-11-30T17:07:37","slug":"smiling-5","status":"publish","type":"post","link":"https:\/\/agora.xtec.cat\/escolademusicsijpc\/general\/smiling-5\/","title":{"rendered":"Smiling"},"content":{"rendered":"<p>Tenim moltes ganes de veure el v\u00eddeo de la gravaci\u00f3 on van col.laborar els nostres petits Smiling<\/p>\n<p>&#8220;Avui hem presentat la campanya de Nadal de la ciutat de BCN i he parlat de &#8216;\u00c9s Nadal&#8217;, la can\u00e7\u00f3 que he fet per acompanyar aquestes festes. Estic infinitament agra\u00efda per la confian\u00e7a que @bcn_ajuntament m&#8217;ha donat i feli\u00e7 de formar part d&#8217;aquest projecte tan especial i bonic.&#8221;<\/p>\n<p>Paula Valls<\/p>\n<p><a href=\"https:\/\/agora.xtec.cat\/escolademusicsijpc\/wp-content\/uploads\/usu459\/2020\/11\/En6oqCZWMAEPc4C.jpg\"><img loading=\"lazy\" decoding=\"async\" class=\"size-medium wp-image-8816 alignleft\" src=\"https:\/\/agora.xtec.cat\/escolademusicsijpc\/wp-content\/uploads\/usu459\/2020\/11\/En6oqCZWMAEPc4C-300x200.jpg\" alt=\"\" width=\"300\" height=\"200\" srcset=\"https:\/\/agora.xtec.cat\/escolademusicsijpc\/wp-content\/uploads\/usu459\/2020\/11\/En6oqCZWMAEPc4C-300x200.jpg 300w, https:\/\/agora.xtec.cat\/escolademusicsijpc\/wp-content\/uploads\/usu459\/2020\/11\/En6oqCZWMAEPc4C-768x513.jpg 768w, https:\/\/agora.xtec.cat\/escolademusicsijpc\/wp-content\/uploads\/usu459\/2020\/11\/En6oqCZWMAEPc4C-1024x684.jpg 1024w, https:\/\/agora.xtec.cat\/escolademusicsijpc\/wp-content\/uploads\/usu459\/2020\/11\/En6oqCZWMAEPc4C.jpg 2048w\" sizes=\"auto, (max-width: 300px) 100vw, 300px\" \/><\/a> <a href=\"https:\/\/agora.xtec.cat\/escolademusicsijpc\/wp-content\/uploads\/usu459\/2020\/11\/En6oqCYXUAAUTXr.jpg\"><img loading=\"lazy\" decoding=\"async\" class=\"size-medium wp-image-8817 alignleft\" src=\"https:\/\/agora.xtec.cat\/escolademusicsijpc\/wp-content\/uploads\/usu459\/2020\/11\/En6oqCYXUAAUTXr-300x199.jpg\" alt=\"\" width=\"300\" height=\"199\" srcset=\"https:\/\/agora.xtec.cat\/escolademusicsijpc\/wp-content\/uploads\/usu459\/2020\/11\/En6oqCYXUAAUTXr-300x199.jpg 300w, https:\/\/agora.xtec.cat\/escolademusicsijpc\/wp-content\/uploads\/usu459\/2020\/11\/En6oqCYXUAAUTXr-768x510.jpg 768w, https:\/\/agora.xtec.cat\/escolademusicsijpc\/wp-content\/uploads\/usu459\/2020\/11\/En6oqCYXUAAUTXr-1024x680.jpg 1024w, https:\/\/agora.xtec.cat\/escolademusicsijpc\/wp-content\/uploads\/usu459\/2020\/11\/En6oqCYXUAAUTXr.jpg 2048w\" sizes=\"auto, (max-width: 300px) 100vw, 300px\" \/><\/a><\/p>\n","protected":false},"excerpt":{"rendered":"<p>Tenim moltes ganes de veure el v\u00eddeo de la gravaci\u00f3 on van col.laborar els nostres petits Smiling<br \/>\n&#8220;Avui hem presentat la campanya de Nadal de la ciutat de BCN i he parlat de &#8216;\u00c9s Nadal&#8217;, la can\u00e7\u00f3 que he fet per acompanyar aquestes festes. Estic infinitament&hellip;  <a href=\"https:\/\/agora.xtec.cat\/escolademusicsijpc\/general\/smiling-5\/\" title=\"Read Smiling\">Llegeix m\u00e9s\u00bb<\/a><\/p>\n","protected":false},"author":3,"featured_media":8816,"comment_status":"open","ping_status":"closed","sticky":false,"template":"","format":"standard","meta":{"_bbp_topic_count":0,"_bbp_reply_count":0,"_bbp_total_topic_count":0,"_bbp_total_reply_count":0,"_bbp_voice_count":0,"_bbp_anonymous_reply_count":0,"_bbp_topic_count_hidden":0,"_bbp_reply_count_hidden":0,"_bbp_forum_subforum_count":0,"footnotes":""},"categories":[66,1,129,104],"tags":[],"class_list":["post-8815","post","type-post","status-publish","format-standard","has-post-thumbnail","hentry","category-corals","category-general","category-smiling","category-uncategorized"],"post_mailing_queue_ids":[],"_links":{"self":[{"href":"https:\/\/agora.xtec.cat\/escolademusicsijpc\/wp-json\/wp\/v2\/posts\/8815","targetHints":{"allow":["GET"]}}],"collection":[{"href":"https:\/\/agora.xtec.cat\/escolademusicsijpc\/wp-json\/wp\/v2\/posts"}],"about":[{"href":"https:\/\/agora.xtec.cat\/escolademusicsijpc\/wp-json\/wp\/v2\/types\/post"}],"author":[{"embeddable":true,"href":"https:\/\/agora.xtec.cat\/escolademusicsijpc\/wp-json\/wp\/v2\/users\/3"}],"replies":[{"embeddable":true,"href":"https:\/\/agora.xtec.cat\/escolademusicsijpc\/wp-json\/wp\/v2\/comments?post=8815"}],"version-history":[{"count":1,"href":"https:\/\/agora.xtec.cat\/escolademusicsijpc\/wp-json\/wp\/v2\/posts\/8815\/revisions"}],"predecessor-version":[{"id":8818,"href":"https:\/\/agora.xtec.cat\/escolademusicsijpc\/wp-json\/wp\/v2\/posts\/8815\/revisions\/8818"}],"wp:featuredmedia":[{"embeddable":true,"href":"https:\/\/agora.xtec.cat\/escolademusicsijpc\/wp-json\/wp\/v2\/media\/8816"}],"wp:attachment":[{"href":"https:\/\/agora.xtec.cat\/escolademusicsijpc\/wp-json\/wp\/v2\/media?parent=8815"}],"wp:term":[{"taxonomy":"category","embeddable":true,"href":"https:\/\/agora.xtec.cat\/escolademusicsijpc\/wp-json\/wp\/v2\/categories?post=8815"},{"taxonomy":"post_tag","embeddable":true,"href":"https:\/\/agora.xtec.cat\/escolademusicsijpc\/wp-json\/wp\/v2\/tags?post=8815"}],"curies":[{"name":"wp","href":"https:\/\/api.w.org\/{rel}","templated":true}]}}