{"id":8809,"date":"2020-11-30T17:46:59","date_gmt":"2020-11-30T16:46:59","guid":{"rendered":"http:\/\/agora.xtec.cat\/escolademusicsijpc\/?p=8809"},"modified":"2020-11-30T17:46:59","modified_gmt":"2020-11-30T16:46:59","slug":"comenca-el-compte-enrere","status":"publish","type":"post","link":"https:\/\/agora.xtec.cat\/escolademusicsijpc\/general\/comenca-el-compte-enrere\/","title":{"rendered":"Comen\u00e7a el compte enrere"},"content":{"rendered":"<ul>\n<li class=\"css-1dbjc4n r-xoduu5 r-1mlwlqe r-1d2f490 r-1udh08x r-u8s1d r-h9hxbl r-417010\" title=\"Xinxeta de bola\" aria-label=\"Xinxeta de bola\"><img loading=\"lazy\" decoding=\"async\" class=\"css-9pa8cd alignleft\" src=\"https:\/\/abs-0.twimg.com\/emoji\/v2\/svg\/1f4cd.svg\" alt=\"Xinxeta de bola\" width=\"27\" height=\"27\" \/><span style=\"font-size: 1.0625rem;\">La pla\u00e7a de Catalunya tornar\u00e0 ser l&#8217;epicentre de la celebraci\u00f3 amb el nou Festival de Nadal de Barcelona. Del 19 al 30 de desembre, en tres franges hor\u00e0ries, oferir\u00e0 una programaci\u00f3 amb m\u00e9s de:<\/span><\/li>\n<\/ul>\n<div title=\"Xinxeta de bola\" aria-label=\"Xinxeta de bola\"><\/div>\n<ul>\n<li class=\"css-1dbjc4n r-xoduu5 r-1mlwlqe r-1d2f490 r-1udh08x r-u8s1d r-h9hxbl r-417010\" title=\"Arts esc\u00e8niques\" aria-label=\"Arts esc\u00e8niques\"><img loading=\"lazy\" decoding=\"async\" class=\"css-9pa8cd alignleft\" src=\"https:\/\/abs-0.twimg.com\/emoji\/v2\/svg\/1f3ad.svg\" alt=\"Arts esc\u00e8niques\" width=\"27\" height=\"27\" \/><span style=\"font-size: 1.0625rem;\">20 projectes de diverses disciplines<\/span><\/li>\n<\/ul>\n<div title=\"Arts esc\u00e8niques\" aria-label=\"Arts esc\u00e8niques\"><\/div>\n<div title=\"Arts esc\u00e8niques\" aria-label=\"Arts esc\u00e8niques\"><\/div>\n<ul>\n<li class=\"css-1dbjc4n r-xoduu5 r-1mlwlqe r-1d2f490 r-1udh08x r-u8s1d r-h9hxbl r-417010\" title=\"Aplaudiment\" aria-label=\"Aplaudiment\"><img loading=\"lazy\" decoding=\"async\" class=\"css-9pa8cd alignleft\" src=\"https:\/\/abs-0.twimg.com\/emoji\/v2\/svg\/1f44f.svg\" alt=\"Aplaudiment\" width=\"23\" height=\"23\" \/><span style=\"font-size: 1.0625rem;\">100 sessions<\/span><\/li>\n<\/ul>\n<div title=\"Aplaudiment\" aria-label=\"Aplaudiment\"><\/div>\n<div class=\"css-1dbjc4n r-xoduu5 r-1mlwlqe r-1d2f490 r-1udh08x r-u8s1d r-h9hxbl r-417010\" title=\"Persona que fa malabarismes\" aria-label=\"Persona que fa malabarismes\">\n<div class=\"css-1dbjc4n r-1niwhzg r-vvn4in r-u6sd8q r-x3cy2q r-1p0dtai r-xoduu5 r-1pi2tsx r-1d2f490 r-u8s1d r-zchlnj r-ipm5af r-13qz1uu r-1wyyakw\"><\/div>\n<ul>\n<li><img loading=\"lazy\" decoding=\"async\" class=\"css-9pa8cd alignleft\" src=\"https:\/\/abs-0.twimg.com\/emoji\/v2\/svg\/1f939.svg\" alt=\"Persona que fa malabarismes\" width=\"26\" height=\"26\" \/><span style=\"font-size: 1.0625rem;\">140 artistes<\/span><\/li>\n<\/ul>\n<p>&nbsp;<\/p>\n<p><a href=\"https:\/\/agora.xtec.cat\/escolademusicsijpc\/wp-content\/uploads\/usu459\/2020\/11\/En5ya76XEAETpUT.jpg\"><img loading=\"lazy\" decoding=\"async\" class=\"aligncenter wp-image-8810 size-large\" src=\"https:\/\/agora.xtec.cat\/escolademusicsijpc\/wp-content\/uploads\/usu459\/2020\/11\/En5ya76XEAETpUT-1024x714.jpg\" alt=\"\" width=\"1024\" height=\"714\" srcset=\"https:\/\/agora.xtec.cat\/escolademusicsijpc\/wp-content\/uploads\/usu459\/2020\/11\/En5ya76XEAETpUT-1024x714.jpg 1024w, https:\/\/agora.xtec.cat\/escolademusicsijpc\/wp-content\/uploads\/usu459\/2020\/11\/En5ya76XEAETpUT-300x209.jpg 300w, https:\/\/agora.xtec.cat\/escolademusicsijpc\/wp-content\/uploads\/usu459\/2020\/11\/En5ya76XEAETpUT-768x535.jpg 768w, https:\/\/agora.xtec.cat\/escolademusicsijpc\/wp-content\/uploads\/usu459\/2020\/11\/En5ya76XEAETpUT.jpg 1280w\" sizes=\"auto, (max-width: 1024px) 100vw, 1024px\" \/><\/a><\/p>\n<\/div>\n","protected":false},"excerpt":{"rendered":"<ul>\n<li class=\"css-1dbjc4n r-xoduu5 r-1mlwlqe r-1d2f490 r-1udh08x r-u8s1d r-h9hxbl r-417010\" title=\"Xinxeta de bola\" aria-label=\"Xinxeta de bola\">La pla\u00e7a de Catalunya tornar\u00e0 ser l&#8217;epicentre de la celebraci\u00f3 amb el nou Festival de Nadal de Barcelona. Del 19 al 30 de desembre, en tres franges hor\u00e0ries, oferir\u00e0 una programaci\u00f3&hellip;  <a href=\"https:\/\/agora.xtec.cat\/escolademusicsijpc\/general\/comenca-el-compte-enrere\/\" title=\"Read Comen\u00e7a el compte enrere\">Llegeix m\u00e9s\u00bb<\/a><br \/>\n","protected":false},"author":3,"featured_media":8810,"comment_status":"open","ping_status":"closed","sticky":false,"template":"","format":"standard","meta":{"_bbp_topic_count":0,"_bbp_reply_count":0,"_bbp_total_topic_count":0,"_bbp_total_reply_count":0,"_bbp_voice_count":0,"_bbp_anonymous_reply_count":0,"_bbp_topic_count_hidden":0,"_bbp_reply_count_hidden":0,"_bbp_forum_subforum_count":0,"footnotes":""},"categories":[63,66,1,105,104],"tags":[],"class_list":["post-8809","post","type-post","status-publish","format-standard","has-post-thumbnail","hentry","category-concerts","category-corals","category-general","category-musicals-choir","category-uncategorized"],"post_mailing_queue_ids":[],"_links":{"self":[{"href":"https:\/\/agora.xtec.cat\/escolademusicsijpc\/wp-json\/wp\/v2\/posts\/8809","targetHints":{"allow":["GET"]}}],"collection":[{"href":"https:\/\/agora.xtec.cat\/escolademusicsijpc\/wp-json\/wp\/v2\/posts"}],"about":[{"href":"https:\/\/agora.xtec.cat\/escolademusicsijpc\/wp-json\/wp\/v2\/types\/post"}],"author":[{"embeddable":true,"href":"https:\/\/agora.xtec.cat\/escolademusicsijpc\/wp-json\/wp\/v2\/users\/3"}],"replies":[{"embeddable":true,"href":"https:\/\/agora.xtec.cat\/escolademusicsijpc\/wp-json\/wp\/v2\/comments?post=8809"}],"version-history":[{"count":4,"href":"https:\/\/agora.xtec.cat\/escolademusicsijpc\/wp-json\/wp\/v2\/posts\/8809\/revisions"}],"predecessor-version":[{"id":8814,"href":"https:\/\/agora.xtec.cat\/escolademusicsijpc\/wp-json\/wp\/v2\/posts\/8809\/revisions\/8814"}],"wp:featuredmedia":[{"embeddable":true,"href":"https:\/\/agora.xtec.cat\/escolademusicsijpc\/wp-json\/wp\/v2\/media\/8810"}],"wp:attachment":[{"href":"https:\/\/agora.xtec.cat\/escolademusicsijpc\/wp-json\/wp\/v2\/media?parent=8809"}],"wp:term":[{"taxonomy":"category","embeddable":true,"href":"https:\/\/agora.xtec.cat\/escolademusicsijpc\/wp-json\/wp\/v2\/categories?post=8809"},{"taxonomy":"post_tag","embeddable":true,"href":"https:\/\/agora.xtec.cat\/escolademusicsijpc\/wp-json\/wp\/v2\/tags?post=8809"}],"curies":[{"name":"wp","href":"https:\/\/api.w.org\/{rel}","templated":true}]}}