{"id":8665,"date":"2020-10-02T15:56:30","date_gmt":"2020-10-02T13:56:30","guid":{"rendered":"http:\/\/agora.xtec.cat\/escolademusicsijpc\/?p=8665"},"modified":"2020-10-02T15:56:30","modified_gmt":"2020-10-02T13:56:30","slug":"musiquem-lescola","status":"publish","type":"post","link":"https:\/\/agora.xtec.cat\/escolademusicsijpc\/general\/musiquem-lescola\/","title":{"rendered":"&#8220;MUSIQUEM L&#8217;ESCOLA&#8221;"},"content":{"rendered":"<p>Amb el musical &#8220;musiquem l&#8217;escola&#8221; avui hem apr\u00e8s a cantar els colors en angl\u00e8s i la relaci\u00f3 dels euros.<\/p>\n<p><a href=\"https:\/\/agora.xtec.cat\/escolademusicsijpc\/wp-content\/uploads\/usu459\/2020\/10\/Eil3o6lWsAE7eDH.jpg\"><img loading=\"lazy\" decoding=\"async\" class=\"aligncenter wp-image-8666 size-full\" src=\"https:\/\/agora.xtec.cat\/escolademusicsijpc\/wp-content\/uploads\/usu459\/2020\/10\/Eil3o6lWsAE7eDH.jpg\" alt=\"\" width=\"680\" height=\"510\" srcset=\"https:\/\/agora.xtec.cat\/escolademusicsijpc\/wp-content\/uploads\/usu459\/2020\/10\/Eil3o6lWsAE7eDH.jpg 680w, https:\/\/agora.xtec.cat\/escolademusicsijpc\/wp-content\/uploads\/usu459\/2020\/10\/Eil3o6lWsAE7eDH-300x225.jpg 300w, https:\/\/agora.xtec.cat\/escolademusicsijpc\/wp-content\/uploads\/usu459\/2020\/10\/Eil3o6lWsAE7eDH-200x150.jpg 200w\" sizes=\"auto, (max-width: 680px) 100vw, 680px\" \/><\/a> <a href=\"https:\/\/agora.xtec.cat\/escolademusicsijpc\/wp-content\/uploads\/usu459\/2020\/10\/Eil3o6iWsAYZhsj.jpg\"><img loading=\"lazy\" decoding=\"async\" class=\"aligncenter wp-image-8667 size-full\" src=\"https:\/\/agora.xtec.cat\/escolademusicsijpc\/wp-content\/uploads\/usu459\/2020\/10\/Eil3o6iWsAYZhsj.jpg\" alt=\"\" width=\"680\" height=\"510\" srcset=\"https:\/\/agora.xtec.cat\/escolademusicsijpc\/wp-content\/uploads\/usu459\/2020\/10\/Eil3o6iWsAYZhsj.jpg 680w, https:\/\/agora.xtec.cat\/escolademusicsijpc\/wp-content\/uploads\/usu459\/2020\/10\/Eil3o6iWsAYZhsj-300x225.jpg 300w, https:\/\/agora.xtec.cat\/escolademusicsijpc\/wp-content\/uploads\/usu459\/2020\/10\/Eil3o6iWsAYZhsj-200x150.jpg 200w\" sizes=\"auto, (max-width: 680px) 100vw, 680px\" \/><\/a><a href=\"https:\/\/twitter.com\/educadiba\" data-rich-text-format-boundary=\"true\">@educadiba<\/a><a href=\"https:\/\/twitter.com\/educacio360\">@educacio360<\/a><a href=\"https:\/\/twitter.com\/TVCiutatVella\">@TVCiutatVella<\/a><a href=\"https:\/\/twitter.com\/Bcn_CiutatVella\">@Bcn_CiutatVella<\/a><a href=\"https:\/\/twitter.com\/jquintelag\">@jquintelag<\/a> Les classes de coral amb la Cristina ens encanten! <span class=\"atwho-query\">@LEMiJPC<\/span><\/p>\n","protected":false},"excerpt":{"rendered":"<p>Amb el musical &#8220;musiquem l&#8217;escola&#8221; avui hem apr\u00e8s a cantar els colors en angl\u00e8s i la relaci\u00f3 dels euros.<br \/>\n<a href=\"https:\/\/agora.xtec.cat\/escolademusicsijpc\/wp-content\/uploads\/usu459\/2020\/10\/Eil3o6lWsAE7eDH.jpg\"><\/a> <a href=\"https:\/\/agora.xtec.cat\/escolademusicsijpc\/wp-content\/uploads\/usu459\/2020\/10\/Eil3o6iWsAYZhsj.jpg\"><\/a><a href=\"https:\/\/twitter.com\/educadiba\" data-rich-text-format-boundary=\"true\">@educadiba<\/a><a href=\"https:\/\/twitter.com\/educacio360\">@educacio360<\/a><a href=\"https:\/\/twitter.com\/TVCiutatVella\">@TVCiutatVella<\/a><a href=\"https:\/\/twitter.com\/Bcn_CiutatVella\">@Bcn_CiutatVella<\/a><a href=\"https:\/\/twitter.com\/jquintelag\">@jquintelag<\/a> Les classes de coral amb la Cristina ens encanten! @LEMiJPC<\/p>\n","protected":false},"author":3,"featured_media":8667,"comment_status":"open","ping_status":"closed","sticky":false,"template":"","format":"standard","meta":{"_bbp_topic_count":0,"_bbp_reply_count":0,"_bbp_total_topic_count":0,"_bbp_total_reply_count":0,"_bbp_voice_count":0,"_bbp_anonymous_reply_count":0,"_bbp_topic_count_hidden":0,"_bbp_reply_count_hidden":0,"_bbp_forum_subforum_count":0,"footnotes":""},"categories":[66,1,104],"tags":[],"class_list":["post-8665","post","type-post","status-publish","format-standard","has-post-thumbnail","hentry","category-corals","category-general","category-uncategorized"],"post_mailing_queue_ids":[],"_links":{"self":[{"href":"https:\/\/agora.xtec.cat\/escolademusicsijpc\/wp-json\/wp\/v2\/posts\/8665","targetHints":{"allow":["GET"]}}],"collection":[{"href":"https:\/\/agora.xtec.cat\/escolademusicsijpc\/wp-json\/wp\/v2\/posts"}],"about":[{"href":"https:\/\/agora.xtec.cat\/escolademusicsijpc\/wp-json\/wp\/v2\/types\/post"}],"author":[{"embeddable":true,"href":"https:\/\/agora.xtec.cat\/escolademusicsijpc\/wp-json\/wp\/v2\/users\/3"}],"replies":[{"embeddable":true,"href":"https:\/\/agora.xtec.cat\/escolademusicsijpc\/wp-json\/wp\/v2\/comments?post=8665"}],"version-history":[{"count":1,"href":"https:\/\/agora.xtec.cat\/escolademusicsijpc\/wp-json\/wp\/v2\/posts\/8665\/revisions"}],"predecessor-version":[{"id":8668,"href":"https:\/\/agora.xtec.cat\/escolademusicsijpc\/wp-json\/wp\/v2\/posts\/8665\/revisions\/8668"}],"wp:featuredmedia":[{"embeddable":true,"href":"https:\/\/agora.xtec.cat\/escolademusicsijpc\/wp-json\/wp\/v2\/media\/8667"}],"wp:attachment":[{"href":"https:\/\/agora.xtec.cat\/escolademusicsijpc\/wp-json\/wp\/v2\/media?parent=8665"}],"wp:term":[{"taxonomy":"category","embeddable":true,"href":"https:\/\/agora.xtec.cat\/escolademusicsijpc\/wp-json\/wp\/v2\/categories?post=8665"},{"taxonomy":"post_tag","embeddable":true,"href":"https:\/\/agora.xtec.cat\/escolademusicsijpc\/wp-json\/wp\/v2\/tags?post=8665"}],"curies":[{"name":"wp","href":"https:\/\/api.w.org\/{rel}","templated":true}]}}