{"id":8631,"date":"2020-03-05T17:28:23","date_gmt":"2020-03-05T16:28:23","guid":{"rendered":"http:\/\/agora.xtec.cat\/escolademusicsijpc\/?p=8631"},"modified":"2020-03-05T17:28:44","modified_gmt":"2020-03-05T16:28:44","slug":"preinscripcio-2020-2021","status":"publish","type":"post","link":"https:\/\/agora.xtec.cat\/escolademusicsijpc\/uncategorized\/preinscripcio-2020-2021\/","title":{"rendered":"Preinscripci\u00f3 2020-2021"},"content":{"rendered":"<p><strong><u><a href=\"https:\/\/lescolademusicsijpc.files.wordpress.com\/2020\/03\/88112651_2537318713201561_9214833848028758016_o.jpg\"><img loading=\"lazy\" decoding=\"async\" class=\"alignleft size-medium wp-image-8990\" src=\"https:\/\/lescolademusicsijpc.files.wordpress.com\/2020\/03\/88112651_2537318713201561_9214833848028758016_o.jpg?w=225\" alt=\"\" width=\"225\" height=\"300\" \/><\/a>MATRICULACI\u00d3 CURS 20<\/u><\/strong><strong><u>20-21<\/u><\/strong><\/p>\n<ul>\n<li>Benvolguts alumnes, mares i pares de l\u2019Escola de M\u00fasics i JPC.<\/li>\n<li>Us comuniquem que a partir del 16 de mar\u00e7 ja podreu fer la\u00a0<strong><u>preinscripci\u00f3\u00a0per al curs 20<\/u><\/strong><strong><u>20-21<\/u><\/strong><\/li>\n<li>Us fem arribar la normativa, dies i horaris de\u00a0preinscripci\u00f3\u00a0i matriculaci\u00f3.<\/li>\n<\/ul>\n<p><strong><u>Criteris a l\u2019hora de fer els horaris<\/u><\/strong><\/p>\n<ol>\n<li>Tindran prefer\u00e8ncia els alumnes que facin el programa oficial.<\/li>\n<\/ol>\n<p><strong style=\"font-size: 1.0625rem;\">a\/Classes Grupals: <\/strong><span style=\"font-size: 1.0625rem;\">Tindran prefer\u00e8ncia tots aquells antics alumnes que es prescriuen en el programa oficial i\u00a0<\/span><strong style=\"font-size: 1.0625rem;\">es tancaran els grups per estricte ordre d\u2019arribada.<\/strong><\/p>\n<p><strong>b\/Classes individuals<\/strong>: Tindran prefer\u00e8ncia tots aquells antics alumnes que es prescriuen en el programa oficial i\u00a0<strong>els horaris es confeccionaran segons l\u2019edat de cada alumne <\/strong>(els petits m\u00e9s aviat i els grans m\u00e9s tard).<\/p>\n<ol start=\"2\">\n<li>Tindran prhor\u00e0ria tots aquells alumnes que es matriculin abans del 27 de mar\u00e7.<\/li>\n<li>Germans.<\/li>\n<li>Antiguitat a l\u2019escola.<\/li>\n<\/ol>\n<p><strong><u>Preinscripci\u00f3 curs 20<\/u><\/strong><strong><u>20-21<\/u><\/strong><\/p>\n<p>Els alumnes que tinguin mensualitats pendents de pagament hauran d\u2019abonar-les abans de fer la preinscripci\u00f3.<\/p>\n<p><strong><u>Preus\u00a0preinscripci\u00f3 per alumn<\/u><\/strong><strong><u>e <\/u><\/strong><\/p>\n<table width=\"0\">\n<tbody>\n<tr>\n<td width=\"234\"><strong>Programa oficial\u00a0\u00a0\u00a0\u00a0 <\/strong><\/p>\n<p><strong>(No s\u2019inclou Ravals, Musicals Choir, Batucada junior, cors externs)<\/strong><\/td>\n<td width=\"230\"><strong>Programa lliure<\/strong><\/p>\n<p><strong>(amb alguna assignatura grupal)<\/strong><\/td>\n<td width=\"202\"><strong>Programa lliure<\/strong><\/p>\n<p><strong>( sense assignatura grupal)<\/strong><\/td>\n<\/tr>\n<tr>\n<td width=\"234\"><strong>60\u20ac<\/strong><\/td>\n<td width=\"230\"><strong>70\u20ac<\/strong><\/td>\n<td width=\"202\"><strong>90\u20ac<\/strong><\/td>\n<\/tr>\n<\/tbody>\n<\/table>\n<p><strong>\u00a0<\/strong><strong>50% Descompte als familiars directes<\/strong><strong> si fan alguna activitat grupal<\/strong><\/p>\n<p><strong><u>Descomptes\u00a0preinscripci\u00f3\u00a0del <\/u><\/strong><strong><u>16 al 27 de mar\u00e7<\/u><\/strong><\/p>\n<ul>\n<li><strong>\u00a0 60%\u00a0&#8211;\u00a0Alumnes <\/strong><strong>del programa oficial.<\/strong><\/li>\n<li><strong>\u00a0 30%\u00a0&#8211;\u00a0Alumnes del programa lliure (amb assignatura de grup)<\/strong><\/li>\n<li><strong>\u00a0 <\/strong><strong>20%\u00a0&#8211;\u00a0Alumnes del programa lliure (sense assignatura de grup)<\/strong><\/li>\n<\/ul>\n<p><strong>Confirmaci\u00f3 d\u2019horaris i matriculaci\u00f3:<\/strong><\/p>\n<ul>\n<li><strong>18 de maig:<\/strong>\u00a0alumnes preinscrits en el programa oficial.<\/li>\n<li><strong>2<\/strong><strong>5 de maig:<\/strong>\u00a0alumnes preinscrits en el programa lliure.<\/li>\n<\/ul>\n<p><strong><u>El canvi de qualsevol programa a un d\u2019inferior despr\u00e9s de fer la preinscripci\u00f3, tindr\u00e0 un cost 30\u20ac<\/u><\/strong><\/p>\n<p><strong>Tots aquells alumnes que no confirmin els horaris de la\u00a0preinscripci\u00f3\u00a0i no signin la matr\u00edcula en el termini marcat, perdran els horaris assignats. L\u2019escola disposar\u00e0 d\u2019aquests horaris per fer canvis o per preinscriure nous alumnes.<\/strong><\/p>\n<p><strong>Horaris de secretaria<\/strong><\/p>\n<table width=\"0\">\n<tbody>\n<tr>\n<td width=\"302\">Matins:<\/p>\n<p>de dilluns a divendres de 10 a 14h<\/p>\n<p>C\/ Carme 15-17<\/p>\n<p>Tel: 93 301 07 18<\/td>\n<td width=\"265\">Tardes:<\/p>\n<p>de dilluns a divendres de 16 a 21 h<\/p>\n<p>C\/ Riera Alta 10, 43 i C\/ Carme 15-17<\/p>\n<p>Tel: 93 441 00 31<\/td>\n<\/tr>\n<\/tbody>\n<\/table>\n<p>L\u2019Escola aconsella seguir la programaci\u00f3 oficial que us adjuntem a continuaci\u00f3, i que s\u2019acreditar\u00e0 amb els seg\u00fcents diplomes:<\/p>\n<p><strong><u>Diploma acreditatiu de nivell elemental<\/u><\/strong><\/p>\n<ul>\n<li>Assignatures m\u00ednimes que s\u2019han de cursar per l\u2019obtenci\u00f3 del diploma:<\/li>\n<li>6 cursos d\u2019instrument<\/li>\n<li>6 cursos de llenguatge musical<\/li>\n<li>4 cursos: de grup instrumental o d\u2019orquestra<\/li>\n<\/ul>\n<p><strong style=\"font-size: 1.0625rem;\"><u>Diploma acreditatiu de nivell professional (mitj\u00e0)<\/u><\/strong><\/p>\n<ul>\n<li>Assignatures m\u00ednimes que s\u2019han de cursar per l\u2019obtenci\u00f3 del diploma:<\/li>\n<li>6 cursos d\u2019instrument<\/li>\n<li>4 cursos de Llenguatge musical + 4 cursos d&#8217;harmonia<\/li>\n<li>2 cursos de dictat i harmonia aplicada a l\u2019an\u00e0lisi, l\u2019audici\u00f3 i la hist\u00f2ria de la m\u00fasica,\u00a0\u00a0 o d\u2019arranjaments i harmonia moderna<\/li>\n<li>6 cursos de cant coral, grup instrumental o orquestra.<\/li>\n<li>6 cursos de segon instrument<\/li>\n<\/ul>\n<p>Volem remarcar que aquesta programaci\u00f3 no \u00e9s obligat\u00f2ria. Malgrat tot, l\u2019escola considera que \u00e9s la millor opci\u00f3\u00a0 per aprendre b\u00e9 la m\u00fasica i tenir un bon nivell, si en el futur es vol cursar estudis superiors de m\u00fasica.<\/p>\n<p>L\u2019Escola d\u00f3na l\u2019opci\u00f3 de seguir el projecte curricular per mitj\u00e0 d\u2019un programa lliure.<\/p>\n<p>L\u2019Escola es caracteritza per la seva flexibilitat, adaptant al m\u00e0xim possible la seva programaci\u00f3 curricular a les caracter\u00edstiques i necessitats particulars de cada alumne.<\/p>\n<p>Si teniu dubtes de com fer la\u00a0preinscripci\u00f3\u00a0o de quines assignatures matricular-vos, us podeu posar en contacte amb el professor\/a d\u2019instrument (tutor), amb secretaria o concretar una reuni\u00f3 individual amb direcci\u00f3. Tamb\u00e9 us adjuntem un dossier, on trobareu informaci\u00f3 de l\u2019Escola (ideari, programaci\u00f3, assignatures, professorat, activitats i d&#8217;altres).<\/p>\n<p>Per a qualsevol dubte, ens podeu trobar en els horaris habituals de secretaria:<\/p>\n<ul>\n<li>C\/ Carme 15-17<\/li>\n<li>Matins: de dilluns a divendres de 10 a 14 h<\/li>\n<li>Tardes: de dilluns a divendres de 16 a 21h<\/li>\n<li>Dissabte: de 9 a 14h<\/li>\n<li>Tel: 93 301 07 18<\/li>\n<li>C\/ Riera Alta 10 i 43<\/li>\n<li>Tardes: de dilluns a divendres\u00a0 de 16 a 21 h<\/li>\n<li>Tel: 93 441 00 31<\/li>\n<\/ul>\n<p><strong>\u00a0<\/strong>Cordialment,<\/p>\n<p>L\u2019Escola de M\u00fasics i Escola de M\u00fasica JPC<\/p>\n<p>&nbsp;<\/p>\n","protected":false},"excerpt":{"rendered":"<p><a href=\"https:\/\/lescolademusicsijpc.files.wordpress.com\/2020\/03\/88112651_2537318713201561_9214833848028758016_o.jpg\"><\/a>MATRICULACI\u00d3 CURS 2020-21<\/p>\n<ul>\n<li>Benvolguts alumnes, mares i pares de l\u2019Escola de M\u00fasics i JPC.<\/li>\n<li>Us comuniquem que a partir del 16 de mar\u00e7 ja podreu fer la\u00a0preinscripci\u00f3\u00a0per al curs 2020-21<\/li>\n<li>Us fem arribar la normativa, dies i horaris de\u00a0preinscripci\u00f3\u00a0i matriculaci\u00f3.<\/li>\n<\/ul>\n<p>Criteris a l\u2019hora de fer els horaris<\/p>\n<ol>\n<li>Tindran prefer\u00e8ncia&hellip;  <a href=\"https:\/\/agora.xtec.cat\/escolademusicsijpc\/uncategorized\/preinscripcio-2020-2021\/\" title=\"Read Preinscripci\u00f3 2020-2021\">Llegeix m\u00e9s\u00bb<\/a><br \/>\n","protected":false},"author":3,"featured_media":8629,"comment_status":"open","ping_status":"closed","sticky":false,"template":"","format":"standard","meta":{"_bbp_topic_count":0,"_bbp_reply_count":0,"_bbp_total_topic_count":0,"_bbp_total_reply_count":0,"_bbp_voice_count":0,"_bbp_anonymous_reply_count":0,"_bbp_topic_count_hidden":0,"_bbp_reply_count_hidden":0,"_bbp_forum_subforum_count":0,"footnotes":""},"categories":[104],"tags":[],"class_list":["post-8631","post","type-post","status-publish","format-standard","has-post-thumbnail","hentry","category-uncategorized"],"post_mailing_queue_ids":[],"_links":{"self":[{"href":"https:\/\/agora.xtec.cat\/escolademusicsijpc\/wp-json\/wp\/v2\/posts\/8631","targetHints":{"allow":["GET"]}}],"collection":[{"href":"https:\/\/agora.xtec.cat\/escolademusicsijpc\/wp-json\/wp\/v2\/posts"}],"about":[{"href":"https:\/\/agora.xtec.cat\/escolademusicsijpc\/wp-json\/wp\/v2\/types\/post"}],"author":[{"embeddable":true,"href":"https:\/\/agora.xtec.cat\/escolademusicsijpc\/wp-json\/wp\/v2\/users\/3"}],"replies":[{"embeddable":true,"href":"https:\/\/agora.xtec.cat\/escolademusicsijpc\/wp-json\/wp\/v2\/comments?post=8631"}],"version-history":[{"count":1,"href":"https:\/\/agora.xtec.cat\/escolademusicsijpc\/wp-json\/wp\/v2\/posts\/8631\/revisions"}],"predecessor-version":[{"id":8632,"href":"https:\/\/agora.xtec.cat\/escolademusicsijpc\/wp-json\/wp\/v2\/posts\/8631\/revisions\/8632"}],"wp:featuredmedia":[{"embeddable":true,"href":"https:\/\/agora.xtec.cat\/escolademusicsijpc\/wp-json\/wp\/v2\/media\/8629"}],"wp:attachment":[{"href":"https:\/\/agora.xtec.cat\/escolademusicsijpc\/wp-json\/wp\/v2\/media?parent=8631"}],"wp:term":[{"taxonomy":"category","embeddable":true,"href":"https:\/\/agora.xtec.cat\/escolademusicsijpc\/wp-json\/wp\/v2\/categories?post=8631"},{"taxonomy":"post_tag","embeddable":true,"href":"https:\/\/agora.xtec.cat\/escolademusicsijpc\/wp-json\/wp\/v2\/tags?post=8631"}],"curies":[{"name":"wp","href":"https:\/\/api.w.org\/{rel}","templated":true}]}}