{"id":8593,"date":"2020-02-25T18:33:47","date_gmt":"2020-02-25T17:33:47","guid":{"rendered":"http:\/\/agora.xtec.cat\/escolademusicsijpc\/?p=8593"},"modified":"2020-02-25T18:36:55","modified_gmt":"2020-02-25T17:36:55","slug":"taller-de-body-percussion-amb-anna-llombart","status":"publish","type":"post","link":"https:\/\/agora.xtec.cat\/escolademusicsijpc\/master-classes\/taller-de-body-percussion-amb-anna-llombart\/","title":{"rendered":"Taller de Body  Percussi\u00f3n  amb  Anna Llombart"},"content":{"rendered":"<p><a href=\"https:\/\/agora.xtec.cat\/escolademusicsijpc\/wp-content\/uploads\/usu459\/2020\/02\/percussio-neus.gif\"><img loading=\"lazy\" decoding=\"async\" class=\"alignright size-medium wp-image-8594\" src=\"https:\/\/agora.xtec.cat\/escolademusicsijpc\/wp-content\/uploads\/usu459\/2020\/02\/percussio-neus-212x300.gif\" alt=\"\" width=\"212\" height=\"300\" \/><br \/>\n<\/a><\/p>\n<style type=\"text\/css\"><!--td {border: 1px solid #ccc;}br {mso-data-placement:same-cell;}--><\/style>\n<p><span data-sheets-value=\"{&quot;1&quot;:2,&quot;2&quot;:&quot;El proper dia 7 de mar\u00e7 torna el taller de Body Percussion! La ballarina i core\u00f2grafa Anna Llombart ser\u00e0 l'encarregada de l'activitat.&quot;}\" data-sheets-userformat=\"{&quot;2&quot;:513,&quot;3&quot;:{&quot;1&quot;:0},&quot;12&quot;:0}\">El proper dia 7 de mar\u00e7 torna el taller de Body Percussion! La ballarina i core\u00f2grafa Anna Llombart ser\u00e0 l&#8217;encarregada de l&#8217;activitat.<\/span><\/p>\n<ul>\n<li>Dissabte 7 de mar\u00e7 de 10 a 13h<\/li>\n<li>Preu: 10\u20ac<\/li>\n<li>Escola Mil\u00e0 i Fontanals Carrer dels \u00c0ngels s\/n<\/li>\n<li>Taller obert a infants de 6 a 12 anys.<\/li>\n<li>Cal portar aigua i esmorzar.<\/li>\n<li>Inscripcions a Secretaria C\/Riera Alta 10<\/li>\n<\/ul>\n","protected":false},"excerpt":{"rendered":"<p><a href=\"https:\/\/agora.xtec.cat\/escolademusicsijpc\/wp-content\/uploads\/usu459\/2020\/02\/percussio-neus.gif\"><br \/>\n<\/a><\/p>\n<p>El proper dia 7 de mar\u00e7 torna el taller de Body Percussion! La ballarina i core\u00f2grafa Anna Llombart ser\u00e0 l&#8217;encarregada de l&#8217;activitat.<\/p>\n<ul>\n<li>Dissabte 7 de mar\u00e7 de 10 a 13h<\/li>\n<li>Preu: 10\u20ac<\/li>\n<li>Escola Mil\u00e0 i Fontanals Carrer dels \u00c0ngels s\/n<\/li>\n<li>Taller obert a infants de 6 a 12&hellip;  <a href=\"https:\/\/agora.xtec.cat\/escolademusicsijpc\/master-classes\/taller-de-body-percussion-amb-anna-llombart\/\" title=\"Read Taller de Body  Percussi\u00f3n  amb  Anna Llombart\">Llegeix m\u00e9s\u00bb<\/a><br \/>\n","protected":false},"author":3,"featured_media":8594,"comment_status":"open","ping_status":"closed","sticky":false,"template":"","format":"standard","meta":{"_bbp_topic_count":0,"_bbp_reply_count":0,"_bbp_total_topic_count":0,"_bbp_total_reply_count":0,"_bbp_voice_count":0,"_bbp_anonymous_reply_count":0,"_bbp_topic_count_hidden":0,"_bbp_reply_count_hidden":0,"_bbp_forum_subforum_count":0,"footnotes":""},"categories":[69,104],"tags":[],"class_list":["post-8593","post","type-post","status-publish","format-standard","has-post-thumbnail","hentry","category-master-classes","category-uncategorized"],"post_mailing_queue_ids":[],"_links":{"self":[{"href":"https:\/\/agora.xtec.cat\/escolademusicsijpc\/wp-json\/wp\/v2\/posts\/8593","targetHints":{"allow":["GET"]}}],"collection":[{"href":"https:\/\/agora.xtec.cat\/escolademusicsijpc\/wp-json\/wp\/v2\/posts"}],"about":[{"href":"https:\/\/agora.xtec.cat\/escolademusicsijpc\/wp-json\/wp\/v2\/types\/post"}],"author":[{"embeddable":true,"href":"https:\/\/agora.xtec.cat\/escolademusicsijpc\/wp-json\/wp\/v2\/users\/3"}],"replies":[{"embeddable":true,"href":"https:\/\/agora.xtec.cat\/escolademusicsijpc\/wp-json\/wp\/v2\/comments?post=8593"}],"version-history":[{"count":3,"href":"https:\/\/agora.xtec.cat\/escolademusicsijpc\/wp-json\/wp\/v2\/posts\/8593\/revisions"}],"predecessor-version":[{"id":8596,"href":"https:\/\/agora.xtec.cat\/escolademusicsijpc\/wp-json\/wp\/v2\/posts\/8593\/revisions\/8596"}],"wp:featuredmedia":[{"embeddable":true,"href":"https:\/\/agora.xtec.cat\/escolademusicsijpc\/wp-json\/wp\/v2\/media\/8594"}],"wp:attachment":[{"href":"https:\/\/agora.xtec.cat\/escolademusicsijpc\/wp-json\/wp\/v2\/media?parent=8593"}],"wp:term":[{"taxonomy":"category","embeddable":true,"href":"https:\/\/agora.xtec.cat\/escolademusicsijpc\/wp-json\/wp\/v2\/categories?post=8593"},{"taxonomy":"post_tag","embeddable":true,"href":"https:\/\/agora.xtec.cat\/escolademusicsijpc\/wp-json\/wp\/v2\/tags?post=8593"}],"curies":[{"name":"wp","href":"https:\/\/api.w.org\/{rel}","templated":true}]}}