{"id":8570,"date":"2020-02-25T18:21:41","date_gmt":"2020-02-25T17:21:41","guid":{"rendered":"http:\/\/agora.xtec.cat\/escolademusicsijpc\/?p=8570"},"modified":"2020-02-25T18:22:24","modified_gmt":"2020-02-25T17:22:24","slug":"marato-de-guitarres-5","status":"publish","type":"post","link":"https:\/\/agora.xtec.cat\/escolademusicsijpc\/general\/marato-de-guitarres-5\/","title":{"rendered":"Marat\u00f3 de Guitarres"},"content":{"rendered":"<p>Un altre curs m\u00e9s arriba la Marat\u00f3 de Guitarres, ajudan&#8217;s a ser m\u00e9s de 42 guitarristes.<\/p>\n<ul>\n<li>Dissabre 7 de mar\u00e7 de 2020<\/li>\n<li>de 10 a 14h<\/li>\n<li>C\/Riera Alta 10<\/li>\n<li>Activitat gratu\u00efta<\/li>\n<\/ul>\n<p><a href=\"https:\/\/agora.xtec.cat\/escolademusicsijpc\/wp-content\/uploads\/usu459\/2020\/02\/marato-guitarres-2020-din4.gif\"><img loading=\"lazy\" decoding=\"async\" class=\"alignleft wp-image-8571 size-full\" src=\"https:\/\/agora.xtec.cat\/escolademusicsijpc\/wp-content\/uploads\/usu459\/2020\/02\/marato-guitarres-2020-din4.gif\" alt=\"\" width=\"400\" height=\"566\" \/><\/a><\/p>\n","protected":false},"excerpt":{"rendered":"<p>Un altre curs m\u00e9s arriba la Marat\u00f3 de Guitarres, ajudan&#8217;s a ser m\u00e9s de 42 guitarristes.<\/p>\n<ul>\n<li>Dissabre 7 de mar\u00e7 de 2020<\/li>\n<li>de 10 a 14h<\/li>\n<li>C\/Riera Alta 10<\/li>\n<li>Activitat gratu\u00efta<\/li>\n<\/ul>\n<p><a href=\"https:\/\/agora.xtec.cat\/escolademusicsijpc\/wp-content\/uploads\/usu459\/2020\/02\/marato-guitarres-2020-din4.gif\"><\/a><\/p>\n","protected":false},"author":3,"featured_media":8571,"comment_status":"open","ping_status":"closed","sticky":false,"template":"","format":"standard","meta":{"_bbp_topic_count":0,"_bbp_reply_count":0,"_bbp_total_topic_count":0,"_bbp_total_reply_count":0,"_bbp_voice_count":0,"_bbp_anonymous_reply_count":0,"_bbp_topic_count_hidden":0,"_bbp_reply_count_hidden":0,"_bbp_forum_subforum_count":0,"footnotes":""},"categories":[59,1,69,72,104],"tags":[],"class_list":["post-8570","post","type-post","status-publish","format-standard","has-post-thumbnail","hentry","category-audicions-alumnes","category-general","category-master-classes","category-orquestra-de-guitarres","category-uncategorized"],"post_mailing_queue_ids":[],"_links":{"self":[{"href":"https:\/\/agora.xtec.cat\/escolademusicsijpc\/wp-json\/wp\/v2\/posts\/8570","targetHints":{"allow":["GET"]}}],"collection":[{"href":"https:\/\/agora.xtec.cat\/escolademusicsijpc\/wp-json\/wp\/v2\/posts"}],"about":[{"href":"https:\/\/agora.xtec.cat\/escolademusicsijpc\/wp-json\/wp\/v2\/types\/post"}],"author":[{"embeddable":true,"href":"https:\/\/agora.xtec.cat\/escolademusicsijpc\/wp-json\/wp\/v2\/users\/3"}],"replies":[{"embeddable":true,"href":"https:\/\/agora.xtec.cat\/escolademusicsijpc\/wp-json\/wp\/v2\/comments?post=8570"}],"version-history":[{"count":2,"href":"https:\/\/agora.xtec.cat\/escolademusicsijpc\/wp-json\/wp\/v2\/posts\/8570\/revisions"}],"predecessor-version":[{"id":8573,"href":"https:\/\/agora.xtec.cat\/escolademusicsijpc\/wp-json\/wp\/v2\/posts\/8570\/revisions\/8573"}],"wp:featuredmedia":[{"embeddable":true,"href":"https:\/\/agora.xtec.cat\/escolademusicsijpc\/wp-json\/wp\/v2\/media\/8571"}],"wp:attachment":[{"href":"https:\/\/agora.xtec.cat\/escolademusicsijpc\/wp-json\/wp\/v2\/media?parent=8570"}],"wp:term":[{"taxonomy":"category","embeddable":true,"href":"https:\/\/agora.xtec.cat\/escolademusicsijpc\/wp-json\/wp\/v2\/categories?post=8570"},{"taxonomy":"post_tag","embeddable":true,"href":"https:\/\/agora.xtec.cat\/escolademusicsijpc\/wp-json\/wp\/v2\/tags?post=8570"}],"curies":[{"name":"wp","href":"https:\/\/api.w.org\/{rel}","templated":true}]}}