{"id":8488,"date":"2020-02-03T17:04:32","date_gmt":"2020-02-03T16:04:32","guid":{"rendered":"http:\/\/agora.xtec.cat\/escolademusicsijpc\/?p=8488"},"modified":"2020-02-04T17:30:39","modified_gmt":"2020-02-04T16:30:39","slug":"trencacors-6","status":"publish","type":"post","link":"https:\/\/agora.xtec.cat\/escolademusicsijpc\/general\/trencacors-6\/","title":{"rendered":"TrencaCors"},"content":{"rendered":"<p>Aquesta \u00e9s la versi\u00f3 que fa la coral de l&#8217;Escola de M\u00fasics TrencaCors de &#8220;La can\u00e7o dels Pirates&#8221; del musical Mar i Cel.<br \/>\n<a href=\"https:\/\/youtu.be\/yw7CxdddfYU?fbclid=IwAR2y5AOwVp2d7wemmuJRJ0Titv5RMITfLzTSuMF6LupMfqLXpmMhY5HFwkc\" target=\"_blank\" rel=\"noopener nofollow noreferrer\">https:\/\/youtu.be\/yw7CxdddfYU<\/a><br \/>\n<iframe loading=\"lazy\" src=\"https:\/\/www.youtube.com\/embed\/yw7CxdddfYU\" width=\"560\" height=\"315\" frameborder=\"0\" allowfullscreen=\"allowfullscreen\"><\/iframe><\/p>\n","protected":false},"excerpt":{"rendered":"<p>Aquesta \u00e9s la versi\u00f3 que fa la coral de l&#8217;Escola de M\u00fasics TrencaCors de &#8220;La can\u00e7o dels Pirates&#8221; del musical Mar i Cel.<br \/>\n<a href=\"https:\/\/youtu.be\/yw7CxdddfYU?fbclid=IwAR2y5AOwVp2d7wemmuJRJ0Titv5RMITfLzTSuMF6LupMfqLXpmMhY5HFwkc\" target=\"_blank\" rel=\"noopener nofollow noreferrer\">https:\/\/youtu.be\/yw7CxdddfYU<\/a><\/p>\n","protected":false},"author":3,"featured_media":8489,"comment_status":"open","ping_status":"closed","sticky":false,"template":"","format":"standard","meta":{"_bbp_topic_count":0,"_bbp_reply_count":0,"_bbp_total_topic_count":0,"_bbp_total_reply_count":0,"_bbp_voice_count":0,"_bbp_anonymous_reply_count":0,"_bbp_topic_count_hidden":0,"_bbp_reply_count_hidden":0,"_bbp_forum_subforum_count":0,"footnotes":""},"categories":[63,66,1,132,104,77],"tags":[],"class_list":["post-8488","post","type-post","status-publish","format-standard","has-post-thumbnail","hentry","category-concerts","category-corals","category-general","category-trencacors","category-uncategorized","category-videos"],"post_mailing_queue_ids":[],"_links":{"self":[{"href":"https:\/\/agora.xtec.cat\/escolademusicsijpc\/wp-json\/wp\/v2\/posts\/8488","targetHints":{"allow":["GET"]}}],"collection":[{"href":"https:\/\/agora.xtec.cat\/escolademusicsijpc\/wp-json\/wp\/v2\/posts"}],"about":[{"href":"https:\/\/agora.xtec.cat\/escolademusicsijpc\/wp-json\/wp\/v2\/types\/post"}],"author":[{"embeddable":true,"href":"https:\/\/agora.xtec.cat\/escolademusicsijpc\/wp-json\/wp\/v2\/users\/3"}],"replies":[{"embeddable":true,"href":"https:\/\/agora.xtec.cat\/escolademusicsijpc\/wp-json\/wp\/v2\/comments?post=8488"}],"version-history":[{"count":3,"href":"https:\/\/agora.xtec.cat\/escolademusicsijpc\/wp-json\/wp\/v2\/posts\/8488\/revisions"}],"predecessor-version":[{"id":8492,"href":"https:\/\/agora.xtec.cat\/escolademusicsijpc\/wp-json\/wp\/v2\/posts\/8488\/revisions\/8492"}],"wp:featuredmedia":[{"embeddable":true,"href":"https:\/\/agora.xtec.cat\/escolademusicsijpc\/wp-json\/wp\/v2\/media\/8489"}],"wp:attachment":[{"href":"https:\/\/agora.xtec.cat\/escolademusicsijpc\/wp-json\/wp\/v2\/media?parent=8488"}],"wp:term":[{"taxonomy":"category","embeddable":true,"href":"https:\/\/agora.xtec.cat\/escolademusicsijpc\/wp-json\/wp\/v2\/categories?post=8488"},{"taxonomy":"post_tag","embeddable":true,"href":"https:\/\/agora.xtec.cat\/escolademusicsijpc\/wp-json\/wp\/v2\/tags?post=8488"}],"curies":[{"name":"wp","href":"https:\/\/api.w.org\/{rel}","templated":true}]}}