{"id":8267,"date":"2019-11-20T20:43:29","date_gmt":"2019-11-20T19:43:29","guid":{"rendered":"http:\/\/agora.xtec.cat\/escolademusicsijpc\/?p=8267"},"modified":"2019-11-20T20:45:34","modified_gmt":"2019-11-20T19:45:34","slug":"preparant-el-nadal","status":"publish","type":"post","link":"https:\/\/agora.xtec.cat\/escolademusicsijpc\/general\/preparant-el-nadal\/","title":{"rendered":"Preparant el Nadal"},"content":{"rendered":"<p>Aqu\u00ed us deixem unes fotos de lo b\u00e9 que s&#8217;ho pasen els m\u00e9s petits preparant l&#8217;audici\u00f3 de Nadal.\u00a0<a class=\"_58cn\" href=\"https:\/\/www.facebook.com\/hashtag\/somiom%C3%BAsica?source=feed_text&amp;epa=HASHTAG&amp;__xts__%5B0%5D=68.ARDR77IOsO0yf_54ioLV2hVjJMMiCMZ5GsbpPem1_qcVfcQmnraxeBh9TVa-4-5wvwFor9NypUzAYi2K-bBOjWvW9k3FWNsXfwRSUgY7MWuO7kdxpRKxlrfnVhuUlrMe8sZagLM3yeZm8l57fkrNowW5Zx8FdFQCvakDf_iJ9QbJ0HXrddcIgleWova-JXhuw0tKx3RHx3XA1CluFLhMaOMCmjeLHd-av05UPLpdavvpq8u-p__fMJTEmbSLJmV9nvnf6C8P4Yi7oOCLHZ-nMKxnHPASEu4W9ZA7jouVTkiOkAX9IJqMQ2428Bd9wCpy4PmyWsAEtZZc_FCMwkVSKkSPQpbI&amp;__tn__=%2ANK-R\"><span class=\"_5afx\"><span class=\"_58cl _5afz\" aria-label=\"etiqueta\">#<\/span><span class=\"_58cm\">SomioM\u00fasica<\/span><\/span><\/a><\/p>\n<p><a href=\"https:\/\/agora.xtec.cat\/escolademusicsijpc\/wp-content\/uploads\/usu459\/2019\/11\/75614059_2442506456016121_3907674014562123776_o.jpg\"><img loading=\"lazy\" decoding=\"async\" class=\"size-medium wp-image-8268 alignleft\" src=\"https:\/\/agora.xtec.cat\/escolademusicsijpc\/wp-content\/uploads\/usu459\/2019\/11\/75614059_2442506456016121_3907674014562123776_o-300x174.jpg\" alt=\"\" width=\"300\" height=\"174\" srcset=\"https:\/\/agora.xtec.cat\/escolademusicsijpc\/wp-content\/uploads\/usu459\/2019\/11\/75614059_2442506456016121_3907674014562123776_o-300x174.jpg 300w, https:\/\/agora.xtec.cat\/escolademusicsijpc\/wp-content\/uploads\/usu459\/2019\/11\/75614059_2442506456016121_3907674014562123776_o-768x446.jpg 768w, https:\/\/agora.xtec.cat\/escolademusicsijpc\/wp-content\/uploads\/usu459\/2019\/11\/75614059_2442506456016121_3907674014562123776_o.jpg 960w\" sizes=\"auto, (max-width: 300px) 100vw, 300px\" \/><\/a> <a href=\"https:\/\/agora.xtec.cat\/escolademusicsijpc\/wp-content\/uploads\/usu459\/2019\/11\/75521730_2442506322682801_7423233629716742144_o.jpg\"><img loading=\"lazy\" decoding=\"async\" class=\"size-medium wp-image-8269 alignleft\" src=\"https:\/\/agora.xtec.cat\/escolademusicsijpc\/wp-content\/uploads\/usu459\/2019\/11\/75521730_2442506322682801_7423233629716742144_o-300x174.jpg\" alt=\"\" width=\"300\" height=\"174\" srcset=\"https:\/\/agora.xtec.cat\/escolademusicsijpc\/wp-content\/uploads\/usu459\/2019\/11\/75521730_2442506322682801_7423233629716742144_o-300x174.jpg 300w, https:\/\/agora.xtec.cat\/escolademusicsijpc\/wp-content\/uploads\/usu459\/2019\/11\/75521730_2442506322682801_7423233629716742144_o-768x446.jpg 768w, https:\/\/agora.xtec.cat\/escolademusicsijpc\/wp-content\/uploads\/usu459\/2019\/11\/75521730_2442506322682801_7423233629716742144_o.jpg 960w\" sizes=\"auto, (max-width: 300px) 100vw, 300px\" \/><\/a> <a href=\"https:\/\/agora.xtec.cat\/escolademusicsijpc\/wp-content\/uploads\/usu459\/2019\/11\/75253038_2442506312682802_5525504267009392640_o.jpg\"><img loading=\"lazy\" decoding=\"async\" class=\"size-medium wp-image-8270 alignleft\" src=\"https:\/\/agora.xtec.cat\/escolademusicsijpc\/wp-content\/uploads\/usu459\/2019\/11\/75253038_2442506312682802_5525504267009392640_o-300x174.jpg\" alt=\"\" width=\"300\" height=\"174\" srcset=\"https:\/\/agora.xtec.cat\/escolademusicsijpc\/wp-content\/uploads\/usu459\/2019\/11\/75253038_2442506312682802_5525504267009392640_o-300x174.jpg 300w, https:\/\/agora.xtec.cat\/escolademusicsijpc\/wp-content\/uploads\/usu459\/2019\/11\/75253038_2442506312682802_5525504267009392640_o-768x446.jpg 768w, https:\/\/agora.xtec.cat\/escolademusicsijpc\/wp-content\/uploads\/usu459\/2019\/11\/75253038_2442506312682802_5525504267009392640_o.jpg 960w\" sizes=\"auto, (max-width: 300px) 100vw, 300px\" \/><\/a> <a href=\"https:\/\/agora.xtec.cat\/escolademusicsijpc\/wp-content\/uploads\/usu459\/2019\/11\/74275188_2442506336016133_2557267907935469568_o.jpg\"><img loading=\"lazy\" decoding=\"async\" class=\"size-medium wp-image-8271 alignleft\" src=\"https:\/\/agora.xtec.cat\/escolademusicsijpc\/wp-content\/uploads\/usu459\/2019\/11\/74275188_2442506336016133_2557267907935469568_o-300x174.jpg\" alt=\"\" width=\"300\" height=\"174\" srcset=\"https:\/\/agora.xtec.cat\/escolademusicsijpc\/wp-content\/uploads\/usu459\/2019\/11\/74275188_2442506336016133_2557267907935469568_o-300x174.jpg 300w, https:\/\/agora.xtec.cat\/escolademusicsijpc\/wp-content\/uploads\/usu459\/2019\/11\/74275188_2442506336016133_2557267907935469568_o-768x446.jpg 768w, https:\/\/agora.xtec.cat\/escolademusicsijpc\/wp-content\/uploads\/usu459\/2019\/11\/74275188_2442506336016133_2557267907935469568_o.jpg 960w\" sizes=\"auto, (max-width: 300px) 100vw, 300px\" \/><\/a><\/p>\n","protected":false},"excerpt":{"rendered":"<p>Aqu\u00ed us deixem unes fotos de lo b\u00e9 que s&#8217;ho pasen els m\u00e9s petits preparant l&#8217;audici\u00f3 de Nadal.\u00a0<a class=\"_58cn\" href=\"https:\/\/www.facebook.com\/hashtag\/somiom%C3%BAsica?source=feed_text&amp;epa=HASHTAG&amp;__xts__%5B0%5D=68.ARDR77IOsO0yf_54ioLV2hVjJMMiCMZ5GsbpPem1_qcVfcQmnraxeBh9TVa-4-5wvwFor9NypUzAYi2K-bBOjWvW9k3FWNsXfwRSUgY7MWuO7kdxpRKxlrfnVhuUlrMe8sZagLM3yeZm8l57fkrNowW5Zx8FdFQCvakDf_iJ9QbJ0HXrddcIgleWova-JXhuw0tKx3RHx3XA1CluFLhMaOMCmjeLHd-av05UPLpdavvpq8u-p__fMJTEmbSLJmV9nvnf6C8P4Yi7oOCLHZ-nMKxnHPASEu4W9ZA7jouVTkiOkAX9IJqMQ2428Bd9wCpy4PmyWsAEtZZc_FCMwkVSKkSPQpbI&amp;__tn__=%2ANK-R\">#SomioM\u00fasica<\/a><br \/>\n<a href=\"https:\/\/agora.xtec.cat\/escolademusicsijpc\/wp-content\/uploads\/usu459\/2019\/11\/75614059_2442506456016121_3907674014562123776_o.jpg\"><\/a> <a href=\"https:\/\/agora.xtec.cat\/escolademusicsijpc\/wp-content\/uploads\/usu459\/2019\/11\/75521730_2442506322682801_7423233629716742144_o.jpg\"><\/a> <a href=\"https:\/\/agora.xtec.cat\/escolademusicsijpc\/wp-content\/uploads\/usu459\/2019\/11\/75253038_2442506312682802_5525504267009392640_o.jpg\"><\/a> <a href=\"https:\/\/agora.xtec.cat\/escolademusicsijpc\/wp-content\/uploads\/usu459\/2019\/11\/74275188_2442506336016133_2557267907935469568_o.jpg\"><\/a><\/p>\n","protected":false},"author":3,"featured_media":8270,"comment_status":"open","ping_status":"closed","sticky":false,"template":"","format":"standard","meta":{"_bbp_topic_count":0,"_bbp_reply_count":0,"_bbp_total_topic_count":0,"_bbp_total_reply_count":0,"_bbp_voice_count":0,"_bbp_anonymous_reply_count":0,"_bbp_topic_count_hidden":0,"_bbp_reply_count_hidden":0,"_bbp_forum_subforum_count":0,"footnotes":""},"categories":[1,128,104],"tags":[],"class_list":["post-8267","post","type-post","status-publish","format-standard","has-post-thumbnail","hentry","category-general","category-llenguatge-harmonia","category-uncategorized"],"post_mailing_queue_ids":[],"_links":{"self":[{"href":"https:\/\/agora.xtec.cat\/escolademusicsijpc\/wp-json\/wp\/v2\/posts\/8267","targetHints":{"allow":["GET"]}}],"collection":[{"href":"https:\/\/agora.xtec.cat\/escolademusicsijpc\/wp-json\/wp\/v2\/posts"}],"about":[{"href":"https:\/\/agora.xtec.cat\/escolademusicsijpc\/wp-json\/wp\/v2\/types\/post"}],"author":[{"embeddable":true,"href":"https:\/\/agora.xtec.cat\/escolademusicsijpc\/wp-json\/wp\/v2\/users\/3"}],"replies":[{"embeddable":true,"href":"https:\/\/agora.xtec.cat\/escolademusicsijpc\/wp-json\/wp\/v2\/comments?post=8267"}],"version-history":[{"count":2,"href":"https:\/\/agora.xtec.cat\/escolademusicsijpc\/wp-json\/wp\/v2\/posts\/8267\/revisions"}],"predecessor-version":[{"id":8273,"href":"https:\/\/agora.xtec.cat\/escolademusicsijpc\/wp-json\/wp\/v2\/posts\/8267\/revisions\/8273"}],"wp:featuredmedia":[{"embeddable":true,"href":"https:\/\/agora.xtec.cat\/escolademusicsijpc\/wp-json\/wp\/v2\/media\/8270"}],"wp:attachment":[{"href":"https:\/\/agora.xtec.cat\/escolademusicsijpc\/wp-json\/wp\/v2\/media?parent=8267"}],"wp:term":[{"taxonomy":"category","embeddable":true,"href":"https:\/\/agora.xtec.cat\/escolademusicsijpc\/wp-json\/wp\/v2\/categories?post=8267"},{"taxonomy":"post_tag","embeddable":true,"href":"https:\/\/agora.xtec.cat\/escolademusicsijpc\/wp-json\/wp\/v2\/tags?post=8267"}],"curies":[{"name":"wp","href":"https:\/\/api.w.org\/{rel}","templated":true}]}}