{"id":8226,"date":"2019-11-06T15:46:13","date_gmt":"2019-11-06T14:46:13","guid":{"rendered":"http:\/\/agora.xtec.cat\/escolademusicsijpc\/?p=8226"},"modified":"2019-11-06T15:46:13","modified_gmt":"2019-11-06T14:46:13","slug":"el-taller-dun-luthier","status":"publish","type":"post","link":"https:\/\/agora.xtec.cat\/escolademusicsijpc\/general\/el-taller-dun-luthier\/","title":{"rendered":"El taller d&#8217;un luthier"},"content":{"rendered":"<ul>\n<li>Saps de quin material est\u00e0 fet el teu viol\u00ed?<\/li>\n<li>Voldries saber com est\u00e0 fet l&#8217;arc del violoncel?<\/li>\n<li>Has vist mai una viola per dins?<br \/>\nTot aix\u00f2 i molt m\u00e9s ho descobrirem el dissabte 30 de novembre a les 9:30h del mat\u00ed.<br \/>\nOn? Al taller de Casa Parramon.<br \/>\nNo t&#8217;ho pots perdre!<br \/>\nInformaci\u00f3 i inscripcions a secretaria de L&#8217;Escola de M\u00fasics i Jpc.<\/li>\n<\/ul>\n<p><a href=\"https:\/\/agora.xtec.cat\/escolademusicsijpc\/wp-content\/uploads\/usu459\/2019\/11\/luthier.gif\"><img loading=\"lazy\" decoding=\"async\" class=\"alignleft wp-image-8227 size-full\" src=\"https:\/\/agora.xtec.cat\/escolademusicsijpc\/wp-content\/uploads\/usu459\/2019\/11\/luthier.gif\" alt=\"\" width=\"460\" height=\"650\" \/><\/a><\/p>\n","protected":false},"excerpt":{"rendered":"<ul>\n<li>Saps de quin material est\u00e0 fet el teu viol\u00ed?<\/li>\n<li>Voldries saber com est\u00e0 fet l&#8217;arc del violoncel?<\/li>\n<li>Has vist mai una viola per dins?<br \/>\nTot aix\u00f2 i molt m\u00e9s ho descobrirem el dissabte 30 de novembre a les 9:30h del mat\u00ed.<br \/>\nOn? Al taller de Casa Parramon.<br \/>\nNo t&#8217;ho pots&hellip;  <a href=\"https:\/\/agora.xtec.cat\/escolademusicsijpc\/general\/el-taller-dun-luthier\/\" title=\"Read El taller d&#8217;un luthier\">Llegeix m\u00e9s\u00bb<\/a><\/p>\n","protected":false},"author":3,"featured_media":8227,"comment_status":"open","ping_status":"closed","sticky":false,"template":"","format":"standard","meta":{"_bbp_topic_count":0,"_bbp_reply_count":0,"_bbp_total_topic_count":0,"_bbp_total_reply_count":0,"_bbp_voice_count":0,"_bbp_anonymous_reply_count":0,"_bbp_topic_count_hidden":0,"_bbp_reply_count_hidden":0,"_bbp_forum_subforum_count":0,"footnotes":""},"categories":[1,69,104],"tags":[],"class_list":["post-8226","post","type-post","status-publish","format-standard","has-post-thumbnail","hentry","category-general","category-master-classes","category-uncategorized"],"post_mailing_queue_ids":[],"_links":{"self":[{"href":"https:\/\/agora.xtec.cat\/escolademusicsijpc\/wp-json\/wp\/v2\/posts\/8226","targetHints":{"allow":["GET"]}}],"collection":[{"href":"https:\/\/agora.xtec.cat\/escolademusicsijpc\/wp-json\/wp\/v2\/posts"}],"about":[{"href":"https:\/\/agora.xtec.cat\/escolademusicsijpc\/wp-json\/wp\/v2\/types\/post"}],"author":[{"embeddable":true,"href":"https:\/\/agora.xtec.cat\/escolademusicsijpc\/wp-json\/wp\/v2\/users\/3"}],"replies":[{"embeddable":true,"href":"https:\/\/agora.xtec.cat\/escolademusicsijpc\/wp-json\/wp\/v2\/comments?post=8226"}],"version-history":[{"count":1,"href":"https:\/\/agora.xtec.cat\/escolademusicsijpc\/wp-json\/wp\/v2\/posts\/8226\/revisions"}],"predecessor-version":[{"id":8228,"href":"https:\/\/agora.xtec.cat\/escolademusicsijpc\/wp-json\/wp\/v2\/posts\/8226\/revisions\/8228"}],"wp:featuredmedia":[{"embeddable":true,"href":"https:\/\/agora.xtec.cat\/escolademusicsijpc\/wp-json\/wp\/v2\/media\/8227"}],"wp:attachment":[{"href":"https:\/\/agora.xtec.cat\/escolademusicsijpc\/wp-json\/wp\/v2\/media?parent=8226"}],"wp:term":[{"taxonomy":"category","embeddable":true,"href":"https:\/\/agora.xtec.cat\/escolademusicsijpc\/wp-json\/wp\/v2\/categories?post=8226"},{"taxonomy":"post_tag","embeddable":true,"href":"https:\/\/agora.xtec.cat\/escolademusicsijpc\/wp-json\/wp\/v2\/tags?post=8226"}],"curies":[{"name":"wp","href":"https:\/\/api.w.org\/{rel}","templated":true}]}}