{"id":8217,"date":"2019-10-14T20:12:38","date_gmt":"2019-10-14T18:12:38","guid":{"rendered":"http:\/\/agora.xtec.cat\/escolademusicsijpc\/?p=8217"},"modified":"2020-02-04T17:22:16","modified_gmt":"2020-02-04T16:22:16","slug":"video-de-com-agafar-aire-amb-el-clarinet","status":"publish","type":"post","link":"https:\/\/agora.xtec.cat\/escolademusicsijpc\/general\/video-de-com-agafar-aire-amb-el-clarinet\/","title":{"rendered":"V\u00eddeo de com agafar aire amb el clarinet"},"content":{"rendered":"<p>Nou v\u00eddeo del nostre professor de clarinet\u00a0<a class=\"profileLink\" title=\"Bartolom\u00e9 Garc\u00eda-Plata Giron\u00e9s\" href=\"https:\/\/www.facebook.com\/bartolome.garciaplatagirones?__tn__=K-R&amp;eid=ARDMvgs2vBE92c25izg3sektXtJ2JmB_zlPYamc3B9hqZg-SKDmaC_aCTXXRJABKXo1NW_Wmlj9s7iV3&amp;fref=mentions&amp;__xts__%5B0%5D=68.ARCiVBj25gZ0pTfDmcDISayheQCkP3kaf4TPO-Odl8HJROdteeJO6J5AgPpIo1WfvJdaJ-r9kXJUPsXJ4BrFgJ5akwJJRYmDLI_gbiLcilAcyvHBfBxApKF11tIsBuyUgozMhGauayRJJyrXdz1euz-8EjH_sgiz0K0NlX1I18m53L_lkAsolJdTemFnHv3qNJ4hjo8ZT5QoNFwT09zYevzdF_7JLOGye6kvKgndw0CBoBaVhy9GoWl8PkxoLuRI0_oWkY1SgwRv-JIufchMlRdJi61d6LIlHSeG_GdyHpaWTGM0ImYlj67kNWo5tQaaIRLUWX5vLG0s266VM2eglmgVG71l\">Bartolom\u00e9 Garc\u00eda-Plata Giron\u00e9s<\/a> al seu canal de YouTube Clarinetrucos.<\/p>\n<p><iframe loading=\"lazy\" src=\"https:\/\/www.youtube.com\/embed\/H9u7OMBCkDs\" width=\"560\" height=\"315\" frameborder=\"0\" allowfullscreen=\"allowfullscreen\"><\/iframe><\/p>\n","protected":false},"excerpt":{"rendered":"<p>Nou v\u00eddeo del nostre professor de clarinet\u00a0<a class=\"profileLink\" title=\"Bartolom\u00e9 Garc\u00eda-Plata Giron\u00e9s\" href=\"https:\/\/www.facebook.com\/bartolome.garciaplatagirones?__tn__=K-R&amp;eid=ARDMvgs2vBE92c25izg3sektXtJ2JmB_zlPYamc3B9hqZg-SKDmaC_aCTXXRJABKXo1NW_Wmlj9s7iV3&amp;fref=mentions&amp;__xts__%5B0%5D=68.ARCiVBj25gZ0pTfDmcDISayheQCkP3kaf4TPO-Odl8HJROdteeJO6J5AgPpIo1WfvJdaJ-r9kXJUPsXJ4BrFgJ5akwJJRYmDLI_gbiLcilAcyvHBfBxApKF11tIsBuyUgozMhGauayRJJyrXdz1euz-8EjH_sgiz0K0NlX1I18m53L_lkAsolJdTemFnHv3qNJ4hjo8ZT5QoNFwT09zYevzdF_7JLOGye6kvKgndw0CBoBaVhy9GoWl8PkxoLuRI0_oWkY1SgwRv-JIufchMlRdJi61d6LIlHSeG_GdyHpaWTGM0ImYlj67kNWo5tQaaIRLUWX5vLG0s266VM2eglmgVG71l\">Bartolom\u00e9 Garc\u00eda-Plata Giron\u00e9s<\/a> al seu canal de YouTube Clarinetrucos.<\/p>\n","protected":false},"author":3,"featured_media":8219,"comment_status":"open","ping_status":"closed","sticky":false,"template":"","format":"standard","meta":{"_bbp_topic_count":0,"_bbp_reply_count":0,"_bbp_total_topic_count":0,"_bbp_total_reply_count":0,"_bbp_voice_count":0,"_bbp_anonymous_reply_count":0,"_bbp_topic_count_hidden":0,"_bbp_reply_count_hidden":0,"_bbp_forum_subforum_count":0,"footnotes":""},"categories":[1,69,104,77],"tags":[],"class_list":["post-8217","post","type-post","status-publish","format-standard","has-post-thumbnail","hentry","category-general","category-master-classes","category-uncategorized","category-videos"],"post_mailing_queue_ids":[],"_links":{"self":[{"href":"https:\/\/agora.xtec.cat\/escolademusicsijpc\/wp-json\/wp\/v2\/posts\/8217","targetHints":{"allow":["GET"]}}],"collection":[{"href":"https:\/\/agora.xtec.cat\/escolademusicsijpc\/wp-json\/wp\/v2\/posts"}],"about":[{"href":"https:\/\/agora.xtec.cat\/escolademusicsijpc\/wp-json\/wp\/v2\/types\/post"}],"author":[{"embeddable":true,"href":"https:\/\/agora.xtec.cat\/escolademusicsijpc\/wp-json\/wp\/v2\/users\/3"}],"replies":[{"embeddable":true,"href":"https:\/\/agora.xtec.cat\/escolademusicsijpc\/wp-json\/wp\/v2\/comments?post=8217"}],"version-history":[{"count":1,"href":"https:\/\/agora.xtec.cat\/escolademusicsijpc\/wp-json\/wp\/v2\/posts\/8217\/revisions"}],"predecessor-version":[{"id":8218,"href":"https:\/\/agora.xtec.cat\/escolademusicsijpc\/wp-json\/wp\/v2\/posts\/8217\/revisions\/8218"}],"wp:featuredmedia":[{"embeddable":true,"href":"https:\/\/agora.xtec.cat\/escolademusicsijpc\/wp-json\/wp\/v2\/media\/8219"}],"wp:attachment":[{"href":"https:\/\/agora.xtec.cat\/escolademusicsijpc\/wp-json\/wp\/v2\/media?parent=8217"}],"wp:term":[{"taxonomy":"category","embeddable":true,"href":"https:\/\/agora.xtec.cat\/escolademusicsijpc\/wp-json\/wp\/v2\/categories?post=8217"},{"taxonomy":"post_tag","embeddable":true,"href":"https:\/\/agora.xtec.cat\/escolademusicsijpc\/wp-json\/wp\/v2\/tags?post=8217"}],"curies":[{"name":"wp","href":"https:\/\/api.w.org\/{rel}","templated":true}]}}