{"id":8206,"date":"2019-10-04T18:45:58","date_gmt":"2019-10-04T16:45:58","guid":{"rendered":"http:\/\/agora.xtec.cat\/escolademusicsijpc\/?p=8206"},"modified":"2019-10-04T18:45:58","modified_gmt":"2019-10-04T16:45:58","slug":"llenguatge-musical-2","status":"publish","type":"post","link":"https:\/\/agora.xtec.cat\/escolademusicsijpc\/general\/llenguatge-musical-2\/","title":{"rendered":"Llenguatge musical"},"content":{"rendered":"<p>L&#8217;edat mai \u00e9s un problema per comen\u00e7ar a estudiar m\u00fasica. Aqu\u00ed tenim el nostre grup adult de primer de llenguatge musical.<a class=\"_58cn\" href=\"https:\/\/www.facebook.com\/hashtag\/somm%C3%BAsica?source=feed_text&amp;epa=HASHTAG&amp;__xts__%5B0%5D=68.ARCiYQVHubg5cgjQABII03xTZF3YyLT_QYfvoTtXS47-E4yxsdfL4Ruio2yUQQ-JST0bnoQ_-E-hC3BHrXYP9ZMIqXza3zaaUmnDumuGvy_HkMl0jgbyLfBNlq2M3fpadJV5BSDJbstWW5aVzphbhHaSrjdIhqvzWMJ8Dgwn48RZByAFN5kUcYri9E7T0QuydbVt4vb3PvhNu6Eb31brsxvhQsbn3WEdPpPgO9IdF5M3CN3V6Keu4e7AvpU2HkeALE_L47DbRm1K0gfPfFMmOXpU1pPT6xhevOmHd1mQh5NpeyXta-IpUB6HGBmWN6xmc6TR7CXb7Ku_hmkemsRhcSxkAdXn&amp;__tn__=%2ANK-R\" data-ft=\"{&quot;type&quot;:104,&quot;tn&quot;:&quot;*N&quot;}\"><span class=\"_5afx\"><span class=\"_58cl _5afz\" aria-label=\"etiqueta\">#<\/span><span class=\"_58cm\">SomM\u00fasica<\/span><\/span><\/a><\/p>\n<p><a href=\"https:\/\/agora.xtec.cat\/escolademusicsijpc\/wp-content\/uploads\/usu459\/2019\/10\/72289115_2400953786838055_6268065187199188992_n.jpg\"><img loading=\"lazy\" decoding=\"async\" class=\"alignleft wp-image-8200 size-full\" src=\"https:\/\/agora.xtec.cat\/escolademusicsijpc\/wp-content\/uploads\/usu459\/2019\/10\/72289115_2400953786838055_6268065187199188992_n.jpg\" alt=\"\" width=\"960\" height=\"738\" srcset=\"https:\/\/agora.xtec.cat\/escolademusicsijpc\/wp-content\/uploads\/usu459\/2019\/10\/72289115_2400953786838055_6268065187199188992_n.jpg 960w, https:\/\/agora.xtec.cat\/escolademusicsijpc\/wp-content\/uploads\/usu459\/2019\/10\/72289115_2400953786838055_6268065187199188992_n-300x231.jpg 300w, https:\/\/agora.xtec.cat\/escolademusicsijpc\/wp-content\/uploads\/usu459\/2019\/10\/72289115_2400953786838055_6268065187199188992_n-768x590.jpg 768w\" sizes=\"auto, (max-width: 960px) 100vw, 960px\" \/><\/a><\/p>\n","protected":false},"excerpt":{"rendered":"<p>L&#8217;edat mai \u00e9s un problema per comen\u00e7ar a estudiar m\u00fasica. Aqu\u00ed tenim el nostre grup adult de primer de llenguatge musical.<a class=\"_58cn\" href=\"https:\/\/www.facebook.com\/hashtag\/somm%C3%BAsica?source=feed_text&amp;epa=HASHTAG&amp;__xts__%5B0%5D=68.ARCiYQVHubg5cgjQABII03xTZF3YyLT_QYfvoTtXS47-E4yxsdfL4Ruio2yUQQ-JST0bnoQ_-E-hC3BHrXYP9ZMIqXza3zaaUmnDumuGvy_HkMl0jgbyLfBNlq2M3fpadJV5BSDJbstWW5aVzphbhHaSrjdIhqvzWMJ8Dgwn48RZByAFN5kUcYri9E7T0QuydbVt4vb3PvhNu6Eb31brsxvhQsbn3WEdPpPgO9IdF5M3CN3V6Keu4e7AvpU2HkeALE_L47DbRm1K0gfPfFMmOXpU1pPT6xhevOmHd1mQh5NpeyXta-IpUB6HGBmWN6xmc6TR7CXb7Ku_hmkemsRhcSxkAdXn&amp;__tn__=%2ANK-R\" data-ft=\"{&quot;type&quot;:104,&quot;tn&quot;:&quot;*N&quot;}\">#SomM\u00fasica<\/a><br \/>\n<a href=\"https:\/\/agora.xtec.cat\/escolademusicsijpc\/wp-content\/uploads\/usu459\/2019\/10\/72289115_2400953786838055_6268065187199188992_n.jpg\"><\/a><\/p>\n","protected":false},"author":3,"featured_media":8200,"comment_status":"open","ping_status":"closed","sticky":false,"template":"","format":"standard","meta":{"_bbp_topic_count":0,"_bbp_reply_count":0,"_bbp_total_topic_count":0,"_bbp_total_reply_count":0,"_bbp_voice_count":0,"_bbp_anonymous_reply_count":0,"_bbp_topic_count_hidden":0,"_bbp_reply_count_hidden":0,"_bbp_forum_subforum_count":0,"footnotes":""},"categories":[1,128,104],"tags":[],"class_list":["post-8206","post","type-post","status-publish","format-standard","has-post-thumbnail","hentry","category-general","category-llenguatge-harmonia","category-uncategorized"],"post_mailing_queue_ids":[],"_links":{"self":[{"href":"https:\/\/agora.xtec.cat\/escolademusicsijpc\/wp-json\/wp\/v2\/posts\/8206","targetHints":{"allow":["GET"]}}],"collection":[{"href":"https:\/\/agora.xtec.cat\/escolademusicsijpc\/wp-json\/wp\/v2\/posts"}],"about":[{"href":"https:\/\/agora.xtec.cat\/escolademusicsijpc\/wp-json\/wp\/v2\/types\/post"}],"author":[{"embeddable":true,"href":"https:\/\/agora.xtec.cat\/escolademusicsijpc\/wp-json\/wp\/v2\/users\/3"}],"replies":[{"embeddable":true,"href":"https:\/\/agora.xtec.cat\/escolademusicsijpc\/wp-json\/wp\/v2\/comments?post=8206"}],"version-history":[{"count":1,"href":"https:\/\/agora.xtec.cat\/escolademusicsijpc\/wp-json\/wp\/v2\/posts\/8206\/revisions"}],"predecessor-version":[{"id":8207,"href":"https:\/\/agora.xtec.cat\/escolademusicsijpc\/wp-json\/wp\/v2\/posts\/8206\/revisions\/8207"}],"wp:featuredmedia":[{"embeddable":true,"href":"https:\/\/agora.xtec.cat\/escolademusicsijpc\/wp-json\/wp\/v2\/media\/8200"}],"wp:attachment":[{"href":"https:\/\/agora.xtec.cat\/escolademusicsijpc\/wp-json\/wp\/v2\/media?parent=8206"}],"wp:term":[{"taxonomy":"category","embeddable":true,"href":"https:\/\/agora.xtec.cat\/escolademusicsijpc\/wp-json\/wp\/v2\/categories?post=8206"},{"taxonomy":"post_tag","embeddable":true,"href":"https:\/\/agora.xtec.cat\/escolademusicsijpc\/wp-json\/wp\/v2\/tags?post=8206"}],"curies":[{"name":"wp","href":"https:\/\/api.w.org\/{rel}","templated":true}]}}