{"id":8123,"date":"2019-09-10T16:14:26","date_gmt":"2019-09-10T14:14:26","guid":{"rendered":"http:\/\/agora.xtec.cat\/escolademusicsijpc\/?p=8123"},"modified":"2019-09-10T16:14:26","modified_gmt":"2019-09-10T14:14:26","slug":"ravals-band-%c2%b7-convocatoria-2019","status":"publish","type":"post","link":"https:\/\/agora.xtec.cat\/escolademusicsijpc\/general\/ravals-band-%c2%b7-convocatoria-2019\/","title":{"rendered":"Raval\u2019s Band \u00b7 Convocat\u00f2ria 2019"},"content":{"rendered":"<p><strong>Qu\u00e8 \u00e9s la Raval\u2019s Band?<\/strong><\/p>\n<p><a href=\"https:\/\/lescolademusicsijpc.files.wordpress.com\/2019\/09\/sin-tc3adtulo-1.gif\"><img loading=\"lazy\" decoding=\"async\" class=\"size-medium wp-image-8154 alignright\" src=\"https:\/\/lescolademusicsijpc.files.wordpress.com\/2019\/09\/sin-tc3adtulo-1.gif?w=143\" alt=\"\" width=\"143\" height=\"300\" \/><\/a>\u00c9s la banda de m\u00fasica del barri del Raval. Volem que estigui\u00a0formada per gent de Ciutat Vella que toqui instruments de vent metall, vent fusta i percussi\u00f3. A trav\u00e9s de la Raval\u2019s Band es facilita una formaci\u00f3 instrumental i de banda per a persones que tinguin algun coneixement musical.<\/p>\n<p><strong>Qui pot formar part de la Raval\u2019s Band?<\/strong><\/p>\n<p>Aquesta convocat\u00f2ria va adre\u00e7ada a totes aquelles persones que toquin un instrument de vent o percussi\u00f3 i visquin al districte de Ciutat Vella, o siguin membres d\u2019alguna associaci\u00f3 o entitat del districte. Tindran prefer\u00e8ncia aquells candidats o candidates que siguin del barri del Raval.<\/p>\n<p><strong>Inscripci\u00f3<\/strong><\/p>\n<p>Les persones interessades heu de presentar-vos a una audici\u00f3. Heu de fer-nos arribar abans del 30 de setembre d&#8217;enguany la butlleta d\u2019inscripci\u00f3 correctament omplerta.<\/p>\n<ul>\n<li>\n<h4><a href=\"https:\/\/lescolademusicsijpc.files.wordpress.com\/2019\/09\/butlleta-inscripcic3b3-pel-davant.pdf\">Butlleta d&#8217;inscripci\u00f3 pel davant<\/a><\/h4>\n<\/li>\n<li>\n<h4><a href=\"https:\/\/lescolademusicsijpc.files.wordpress.com\/2019\/09\/butlleta-inscripcic3b3-pel-darrere.pdf\">Butlleta d&#8217;inscripci\u00f3 pel darrere<\/a><\/h4>\n<\/li>\n<\/ul>\n<p><strong>Les butlletes es poden enviar per:<\/strong><\/p>\n<ul>\n<li>correu postal a l\u2019Escola de M\u00fasica Juan Pedro Carrero, carrer del Carme, 15-17. 08001 Barcelona, tel\u00e8fons 933 010 718 \/ 933 011 468.<\/li>\n<li>correu electr\u00f2nic:\u00a0<a href=\"mailto:escolademusics@hotmail.com\">escolademusics@hotmail.com<\/a><\/li>\n<li>o b\u00e9 lliurar en m\u00e0 a la mateixa associaci\u00f3, de dilluns a divendres, de 10 a 20 h.<\/li>\n<\/ul>\n<p><strong>Repertori<\/strong><\/p>\n<p>Si voleu formar part de la Raval\u2019s Band heu de presentar dues obres de lliure elecci\u00f3 i un petit curr\u00edculum explicant la vostra experi\u00e8ncia musical. No demanem grans coneixements de m\u00fasica. No \u00e9s imprescindible saber llegir m\u00fasica mentre sapigueu tocar el vostre instrument.<\/p>\n","protected":false},"excerpt":{"rendered":"<p>Qu\u00e8 \u00e9s la Raval\u2019s Band?<br \/>\n<a href=\"https:\/\/lescolademusicsijpc.files.wordpress.com\/2019\/09\/sin-tc3adtulo-1.gif\"><\/a>\u00c9s la banda de m\u00fasica del barri del Raval. Volem que estigui\u00a0formada per gent de Ciutat Vella que toqui instruments de vent metall, vent fusta i percussi\u00f3. A trav\u00e9s de la Raval\u2019s Band es facilita una formaci\u00f3 instrumental i de&hellip;  <a href=\"https:\/\/agora.xtec.cat\/escolademusicsijpc\/general\/ravals-band-%c2%b7-convocatoria-2019\/\" title=\"Read Raval\u2019s Band \u00b7 Convocat\u00f2ria 2019\">Llegeix m\u00e9s\u00bb<\/a><\/p>\n","protected":false},"author":3,"featured_media":8126,"comment_status":"open","ping_status":"closed","sticky":false,"template":"","format":"standard","meta":{"_bbp_topic_count":0,"_bbp_reply_count":0,"_bbp_total_topic_count":0,"_bbp_total_reply_count":0,"_bbp_voice_count":0,"_bbp_anonymous_reply_count":0,"_bbp_topic_count_hidden":0,"_bbp_reply_count_hidden":0,"_bbp_forum_subforum_count":0,"footnotes":""},"categories":[1,75,104],"tags":[],"class_list":["post-8123","post","type-post","status-publish","format-standard","has-post-thumbnail","hentry","category-general","category-ravals-band","category-uncategorized"],"post_mailing_queue_ids":[],"_links":{"self":[{"href":"https:\/\/agora.xtec.cat\/escolademusicsijpc\/wp-json\/wp\/v2\/posts\/8123","targetHints":{"allow":["GET"]}}],"collection":[{"href":"https:\/\/agora.xtec.cat\/escolademusicsijpc\/wp-json\/wp\/v2\/posts"}],"about":[{"href":"https:\/\/agora.xtec.cat\/escolademusicsijpc\/wp-json\/wp\/v2\/types\/post"}],"author":[{"embeddable":true,"href":"https:\/\/agora.xtec.cat\/escolademusicsijpc\/wp-json\/wp\/v2\/users\/3"}],"replies":[{"embeddable":true,"href":"https:\/\/agora.xtec.cat\/escolademusicsijpc\/wp-json\/wp\/v2\/comments?post=8123"}],"version-history":[{"count":2,"href":"https:\/\/agora.xtec.cat\/escolademusicsijpc\/wp-json\/wp\/v2\/posts\/8123\/revisions"}],"predecessor-version":[{"id":8125,"href":"https:\/\/agora.xtec.cat\/escolademusicsijpc\/wp-json\/wp\/v2\/posts\/8123\/revisions\/8125"}],"wp:featuredmedia":[{"embeddable":true,"href":"https:\/\/agora.xtec.cat\/escolademusicsijpc\/wp-json\/wp\/v2\/media\/8126"}],"wp:attachment":[{"href":"https:\/\/agora.xtec.cat\/escolademusicsijpc\/wp-json\/wp\/v2\/media?parent=8123"}],"wp:term":[{"taxonomy":"category","embeddable":true,"href":"https:\/\/agora.xtec.cat\/escolademusicsijpc\/wp-json\/wp\/v2\/categories?post=8123"},{"taxonomy":"post_tag","embeddable":true,"href":"https:\/\/agora.xtec.cat\/escolademusicsijpc\/wp-json\/wp\/v2\/tags?post=8123"}],"curies":[{"name":"wp","href":"https:\/\/api.w.org\/{rel}","templated":true}]}}