{"id":8027,"date":"2019-06-25T10:41:14","date_gmt":"2019-06-25T08:41:14","guid":{"rendered":"http:\/\/agora.xtec.cat\/escolademusicsijpc\/?p=8027"},"modified":"2019-06-25T10:41:14","modified_gmt":"2019-06-25T08:41:14","slug":"projecte-clave-xxi","status":"publish","type":"post","link":"https:\/\/agora.xtec.cat\/escolademusicsijpc\/general\/projecte-clave-xxi\/","title":{"rendered":"Projecte Clav\u00e9 XXI"},"content":{"rendered":"<p>Diumenge vam gaudir molt\u00edssim amb la cantata <a class=\"_58cn\" href=\"https:\/\/www.facebook.com\/hashtag\/gaia?source=feed_text&amp;epa=HASHTAG&amp;__xts__%5B0%5D=68.ARBxAm5UqPZXwDU1tqY82JCsdneGV6F9Q6RLCJq211YMoi1m9E0VtrxoWjyrhtluYs5LUqjxJWKYJwkaw0BHrK9Xdao86N41DDbdi9xJa3W0ZvMVrGuNA5sbHUpPu2OhDGzg8zVfp42vBj9_-FM1Wx32CdIq773BN5PZ1nup7TVn1auur9aulNbUGejUATnqp28JqN0UvFy_SVyf&amp;__tn__=%2ANK-R\" data-ft=\"{&quot;type&quot;:104,&quot;tn&quot;:&quot;*N&quot;}\"><span class=\"_5afx\"><span class=\"_58cl _5afz\" aria-label=\"etiqueta\">#<\/span><span class=\"_58cm\">Gaia<\/span><\/span><\/a> del projecte Clav\u00e9 XXI. Els nostres alumnes van cantar al magn\u00edfic i preci\u00f3s <a class=\"profileLink\" href=\"https:\/\/www.facebook.com\/palaumusicacat\/?__tn__=K-R&amp;eid=ARBYFiwX5VQ1wE8qOnxRyD18U57YbVOWaq5lfxFl-dQPPEukck4OMSYdxWiG_lyFfpcxjAj3N1bhbqEN&amp;fref=mentions&amp;__xts__%5B0%5D=68.ARBxAm5UqPZXwDU1tqY82JCsdneGV6F9Q6RLCJq211YMoi1m9E0VtrxoWjyrhtluYs5LUqjxJWKYJwkaw0BHrK9Xdao86N41DDbdi9xJa3W0ZvMVrGuNA5sbHUpPu2OhDGzg8zVfp42vBj9_-FM1Wx32CdIq773BN5PZ1nup7TVn1auur9aulNbUGejUATnqp28JqN0UvFy_SVyf\" data-hovercard=\"\/ajax\/hovercard\/page.php?id=185086174875014&amp;extragetparams=%7B%22__tn__%22%3A%22%2CdK-R-R%22%2C%22eid%22%3A%22ARBYFiwX5VQ1wE8qOnxRyD18U57YbVOWaq5lfxFl-dQPPEukck4OMSYdxWiG_lyFfpcxjAj3N1bhbqEN%22%2C%22fref%22%3A%22mentions%22%7D\" data-hovercard-prefer-more-content-show=\"1\">Palau de la M\u00fasica Catalana<\/a>.<\/p>\n<p><a href=\"https:\/\/agora.xtec.cat\/escolademusicsijpc\/wp-content\/uploads\/usu459\/2019\/06\/64323802_2325995424340269_4379913704641134592_n.jpg\"><img loading=\"lazy\" decoding=\"async\" class=\"size-medium wp-image-8028 alignleft\" src=\"https:\/\/agora.xtec.cat\/escolademusicsijpc\/wp-content\/uploads\/usu459\/2019\/06\/64323802_2325995424340269_4379913704641134592_n-300x206.jpg\" alt=\"\" width=\"300\" height=\"206\" srcset=\"https:\/\/agora.xtec.cat\/escolademusicsijpc\/wp-content\/uploads\/usu459\/2019\/06\/64323802_2325995424340269_4379913704641134592_n-300x206.jpg 300w, https:\/\/agora.xtec.cat\/escolademusicsijpc\/wp-content\/uploads\/usu459\/2019\/06\/64323802_2325995424340269_4379913704641134592_n-768x528.jpg 768w, https:\/\/agora.xtec.cat\/escolademusicsijpc\/wp-content\/uploads\/usu459\/2019\/06\/64323802_2325995424340269_4379913704641134592_n.jpg 960w\" sizes=\"auto, (max-width: 300px) 100vw, 300px\" \/><\/a> <a href=\"https:\/\/agora.xtec.cat\/escolademusicsijpc\/wp-content\/uploads\/usu459\/2019\/06\/64379702_2325995457673599_3595953195253235712_n.jpg\"><img loading=\"lazy\" decoding=\"async\" class=\"size-medium wp-image-8029 alignleft\" src=\"https:\/\/agora.xtec.cat\/escolademusicsijpc\/wp-content\/uploads\/usu459\/2019\/06\/64379702_2325995457673599_3595953195253235712_n-300x177.jpg\" alt=\"\" width=\"300\" height=\"177\" srcset=\"https:\/\/agora.xtec.cat\/escolademusicsijpc\/wp-content\/uploads\/usu459\/2019\/06\/64379702_2325995457673599_3595953195253235712_n-300x177.jpg 300w, https:\/\/agora.xtec.cat\/escolademusicsijpc\/wp-content\/uploads\/usu459\/2019\/06\/64379702_2325995457673599_3595953195253235712_n-768x453.jpg 768w, https:\/\/agora.xtec.cat\/escolademusicsijpc\/wp-content\/uploads\/usu459\/2019\/06\/64379702_2325995457673599_3595953195253235712_n.jpg 960w\" sizes=\"auto, (max-width: 300px) 100vw, 300px\" \/><\/a> <a href=\"https:\/\/agora.xtec.cat\/escolademusicsijpc\/wp-content\/uploads\/usu459\/2019\/06\/64440868_2325995317673613_7476325601658273792_n.jpg\"><img loading=\"lazy\" decoding=\"async\" class=\"size-medium wp-image-8030 alignleft\" src=\"https:\/\/agora.xtec.cat\/escolademusicsijpc\/wp-content\/uploads\/usu459\/2019\/06\/64440868_2325995317673613_7476325601658273792_n-300x206.jpg\" alt=\"\" width=\"300\" height=\"206\" srcset=\"https:\/\/agora.xtec.cat\/escolademusicsijpc\/wp-content\/uploads\/usu459\/2019\/06\/64440868_2325995317673613_7476325601658273792_n-300x206.jpg 300w, https:\/\/agora.xtec.cat\/escolademusicsijpc\/wp-content\/uploads\/usu459\/2019\/06\/64440868_2325995317673613_7476325601658273792_n-768x528.jpg 768w, https:\/\/agora.xtec.cat\/escolademusicsijpc\/wp-content\/uploads\/usu459\/2019\/06\/64440868_2325995317673613_7476325601658273792_n.jpg 960w\" sizes=\"auto, (max-width: 300px) 100vw, 300px\" \/><\/a> <a href=\"https:\/\/agora.xtec.cat\/escolademusicsijpc\/wp-content\/uploads\/usu459\/2019\/06\/64467165_2325995671006911_1145762829211533312_n.jpg\"><img loading=\"lazy\" decoding=\"async\" class=\"size-medium wp-image-8031 alignleft\" src=\"https:\/\/agora.xtec.cat\/escolademusicsijpc\/wp-content\/uploads\/usu459\/2019\/06\/64467165_2325995671006911_1145762829211533312_n-300x177.jpg\" alt=\"\" width=\"300\" height=\"177\" srcset=\"https:\/\/agora.xtec.cat\/escolademusicsijpc\/wp-content\/uploads\/usu459\/2019\/06\/64467165_2325995671006911_1145762829211533312_n-300x177.jpg 300w, https:\/\/agora.xtec.cat\/escolademusicsijpc\/wp-content\/uploads\/usu459\/2019\/06\/64467165_2325995671006911_1145762829211533312_n-768x453.jpg 768w, https:\/\/agora.xtec.cat\/escolademusicsijpc\/wp-content\/uploads\/usu459\/2019\/06\/64467165_2325995671006911_1145762829211533312_n.jpg 960w\" sizes=\"auto, (max-width: 300px) 100vw, 300px\" \/><\/a> <a href=\"https:\/\/agora.xtec.cat\/escolademusicsijpc\/wp-content\/uploads\/usu459\/2019\/06\/64477458_2325995584340253_7623037612860637184_n.jpg\"><img loading=\"lazy\" decoding=\"async\" class=\"size-medium wp-image-8032 alignleft\" src=\"https:\/\/agora.xtec.cat\/escolademusicsijpc\/wp-content\/uploads\/usu459\/2019\/06\/64477458_2325995584340253_7623037612860637184_n-300x177.jpg\" alt=\"\" width=\"300\" height=\"177\" srcset=\"https:\/\/agora.xtec.cat\/escolademusicsijpc\/wp-content\/uploads\/usu459\/2019\/06\/64477458_2325995584340253_7623037612860637184_n-300x177.jpg 300w, https:\/\/agora.xtec.cat\/escolademusicsijpc\/wp-content\/uploads\/usu459\/2019\/06\/64477458_2325995584340253_7623037612860637184_n-768x453.jpg 768w, https:\/\/agora.xtec.cat\/escolademusicsijpc\/wp-content\/uploads\/usu459\/2019\/06\/64477458_2325995584340253_7623037612860637184_n.jpg 960w\" sizes=\"auto, (max-width: 300px) 100vw, 300px\" \/><\/a> <a href=\"https:\/\/agora.xtec.cat\/escolademusicsijpc\/wp-content\/uploads\/usu459\/2019\/06\/64601525_2325995331006945_1262343514528677888_n.jpg\"><img loading=\"lazy\" decoding=\"async\" class=\"size-medium wp-image-8033 alignleft\" src=\"https:\/\/agora.xtec.cat\/escolademusicsijpc\/wp-content\/uploads\/usu459\/2019\/06\/64601525_2325995331006945_1262343514528677888_n-300x177.jpg\" alt=\"\" width=\"300\" height=\"177\" srcset=\"https:\/\/agora.xtec.cat\/escolademusicsijpc\/wp-content\/uploads\/usu459\/2019\/06\/64601525_2325995331006945_1262343514528677888_n-300x177.jpg 300w, https:\/\/agora.xtec.cat\/escolademusicsijpc\/wp-content\/uploads\/usu459\/2019\/06\/64601525_2325995331006945_1262343514528677888_n-768x453.jpg 768w, https:\/\/agora.xtec.cat\/escolademusicsijpc\/wp-content\/uploads\/usu459\/2019\/06\/64601525_2325995331006945_1262343514528677888_n.jpg 960w\" sizes=\"auto, (max-width: 300px) 100vw, 300px\" \/><\/a> <a href=\"https:\/\/agora.xtec.cat\/escolademusicsijpc\/wp-content\/uploads\/usu459\/2019\/06\/64673832_2325995711006907_4636389188550262784_n.jpg\"><img loading=\"lazy\" decoding=\"async\" class=\"size-medium wp-image-8034 alignleft\" src=\"https:\/\/agora.xtec.cat\/escolademusicsijpc\/wp-content\/uploads\/usu459\/2019\/06\/64673832_2325995711006907_4636389188550262784_n-300x177.jpg\" alt=\"\" width=\"300\" height=\"177\" srcset=\"https:\/\/agora.xtec.cat\/escolademusicsijpc\/wp-content\/uploads\/usu459\/2019\/06\/64673832_2325995711006907_4636389188550262784_n-300x177.jpg 300w, https:\/\/agora.xtec.cat\/escolademusicsijpc\/wp-content\/uploads\/usu459\/2019\/06\/64673832_2325995711006907_4636389188550262784_n-768x453.jpg 768w, https:\/\/agora.xtec.cat\/escolademusicsijpc\/wp-content\/uploads\/usu459\/2019\/06\/64673832_2325995711006907_4636389188550262784_n.jpg 960w\" sizes=\"auto, (max-width: 300px) 100vw, 300px\" \/><\/a> <a href=\"https:\/\/agora.xtec.cat\/escolademusicsijpc\/wp-content\/uploads\/usu459\/2019\/06\/64736568_2325995304340281_231909769919594496_n.jpg\"><img loading=\"lazy\" decoding=\"async\" class=\"size-medium wp-image-8035 alignleft\" src=\"https:\/\/agora.xtec.cat\/escolademusicsijpc\/wp-content\/uploads\/usu459\/2019\/06\/64736568_2325995304340281_231909769919594496_n-300x177.jpg\" alt=\"\" width=\"300\" height=\"177\" srcset=\"https:\/\/agora.xtec.cat\/escolademusicsijpc\/wp-content\/uploads\/usu459\/2019\/06\/64736568_2325995304340281_231909769919594496_n-300x177.jpg 300w, https:\/\/agora.xtec.cat\/escolademusicsijpc\/wp-content\/uploads\/usu459\/2019\/06\/64736568_2325995304340281_231909769919594496_n-768x453.jpg 768w, https:\/\/agora.xtec.cat\/escolademusicsijpc\/wp-content\/uploads\/usu459\/2019\/06\/64736568_2325995304340281_231909769919594496_n.jpg 960w\" sizes=\"auto, (max-width: 300px) 100vw, 300px\" \/><\/a> <a href=\"https:\/\/agora.xtec.cat\/escolademusicsijpc\/wp-content\/uploads\/usu459\/2019\/06\/64786355_2325995434340268_1672038748382035968_n.jpg\"><img loading=\"lazy\" decoding=\"async\" class=\"size-medium wp-image-8036 alignleft\" src=\"https:\/\/agora.xtec.cat\/escolademusicsijpc\/wp-content\/uploads\/usu459\/2019\/06\/64786355_2325995434340268_1672038748382035968_n-300x206.jpg\" alt=\"\" width=\"300\" height=\"206\" srcset=\"https:\/\/agora.xtec.cat\/escolademusicsijpc\/wp-content\/uploads\/usu459\/2019\/06\/64786355_2325995434340268_1672038748382035968_n-300x206.jpg 300w, https:\/\/agora.xtec.cat\/escolademusicsijpc\/wp-content\/uploads\/usu459\/2019\/06\/64786355_2325995434340268_1672038748382035968_n-768x528.jpg 768w, https:\/\/agora.xtec.cat\/escolademusicsijpc\/wp-content\/uploads\/usu459\/2019\/06\/64786355_2325995434340268_1672038748382035968_n.jpg 960w\" sizes=\"auto, (max-width: 300px) 100vw, 300px\" \/><\/a><\/p>\n","protected":false},"excerpt":{"rendered":"<p>Diumenge vam gaudir molt\u00edssim amb la cantata <a class=\"_58cn\" href=\"https:\/\/www.facebook.com\/hashtag\/gaia?source=feed_text&amp;epa=HASHTAG&amp;__xts__%5B0%5D=68.ARBxAm5UqPZXwDU1tqY82JCsdneGV6F9Q6RLCJq211YMoi1m9E0VtrxoWjyrhtluYs5LUqjxJWKYJwkaw0BHrK9Xdao86N41DDbdi9xJa3W0ZvMVrGuNA5sbHUpPu2OhDGzg8zVfp42vBj9_-FM1Wx32CdIq773BN5PZ1nup7TVn1auur9aulNbUGejUATnqp28JqN0UvFy_SVyf&amp;__tn__=%2ANK-R\" data-ft=\"{&quot;type&quot;:104,&quot;tn&quot;:&quot;*N&quot;}\">#Gaia<\/a> del projecte Clav\u00e9 XXI. Els nostres alumnes van cantar al magn\u00edfic i preci\u00f3s <a class=\"profileLink\" href=\"https:\/\/www.facebook.com\/palaumusicacat\/?__tn__=K-R&amp;eid=ARBYFiwX5VQ1wE8qOnxRyD18U57YbVOWaq5lfxFl-dQPPEukck4OMSYdxWiG_lyFfpcxjAj3N1bhbqEN&amp;fref=mentions&amp;__xts__%5B0%5D=68.ARBxAm5UqPZXwDU1tqY82JCsdneGV6F9Q6RLCJq211YMoi1m9E0VtrxoWjyrhtluYs5LUqjxJWKYJwkaw0BHrK9Xdao86N41DDbdi9xJa3W0ZvMVrGuNA5sbHUpPu2OhDGzg8zVfp42vBj9_-FM1Wx32CdIq773BN5PZ1nup7TVn1auur9aulNbUGejUATnqp28JqN0UvFy_SVyf\" data-hovercard=\"\/ajax\/hovercard\/page.php?id=185086174875014&amp;extragetparams=%7B%22__tn__%22%3A%22%2CdK-R-R%22%2C%22eid%22%3A%22ARBYFiwX5VQ1wE8qOnxRyD18U57YbVOWaq5lfxFl-dQPPEukck4OMSYdxWiG_lyFfpcxjAj3N1bhbqEN%22%2C%22fref%22%3A%22mentions%22%7D\" data-hovercard-prefer-more-content-show=\"1\">Palau de la M\u00fasica Catalana<\/a>.<br \/>\n<a href=\"https:\/\/agora.xtec.cat\/escolademusicsijpc\/wp-content\/uploads\/usu459\/2019\/06\/64323802_2325995424340269_4379913704641134592_n.jpg\"><\/a> <a href=\"https:\/\/agora.xtec.cat\/escolademusicsijpc\/wp-content\/uploads\/usu459\/2019\/06\/64379702_2325995457673599_3595953195253235712_n.jpg\"><\/a> <a href=\"https:\/\/agora.xtec.cat\/escolademusicsijpc\/wp-content\/uploads\/usu459\/2019\/06\/64440868_2325995317673613_7476325601658273792_n.jpg\"><\/a> <a href=\"https:\/\/agora.xtec.cat\/escolademusicsijpc\/wp-content\/uploads\/usu459\/2019\/06\/64467165_2325995671006911_1145762829211533312_n.jpg\"><\/a> <a href=\"https:\/\/agora.xtec.cat\/escolademusicsijpc\/wp-content\/uploads\/usu459\/2019\/06\/64477458_2325995584340253_7623037612860637184_n.jpg\"><\/a> <a href=\"https:\/\/agora.xtec.cat\/escolademusicsijpc\/wp-content\/uploads\/usu459\/2019\/06\/64601525_2325995331006945_1262343514528677888_n.jpg\"><\/a> <a&hellip;  <a href=\"https:\/\/agora.xtec.cat\/escolademusicsijpc\/general\/projecte-clave-xxi\/\" title=\"Read Projecte Clav\u00e9 XXI\">Llegeix m\u00e9s\u00bb<\/a><\/p>\n","protected":false},"author":3,"featured_media":8030,"comment_status":"open","ping_status":"closed","sticky":false,"template":"","format":"standard","meta":{"_bbp_topic_count":0,"_bbp_reply_count":0,"_bbp_total_topic_count":0,"_bbp_total_reply_count":0,"_bbp_voice_count":0,"_bbp_anonymous_reply_count":0,"_bbp_topic_count_hidden":0,"_bbp_reply_count_hidden":0,"_bbp_forum_subforum_count":0,"footnotes":""},"categories":[66,1,104],"tags":[],"class_list":["post-8027","post","type-post","status-publish","format-standard","has-post-thumbnail","hentry","category-corals","category-general","category-uncategorized"],"post_mailing_queue_ids":[],"_links":{"self":[{"href":"https:\/\/agora.xtec.cat\/escolademusicsijpc\/wp-json\/wp\/v2\/posts\/8027","targetHints":{"allow":["GET"]}}],"collection":[{"href":"https:\/\/agora.xtec.cat\/escolademusicsijpc\/wp-json\/wp\/v2\/posts"}],"about":[{"href":"https:\/\/agora.xtec.cat\/escolademusicsijpc\/wp-json\/wp\/v2\/types\/post"}],"author":[{"embeddable":true,"href":"https:\/\/agora.xtec.cat\/escolademusicsijpc\/wp-json\/wp\/v2\/users\/3"}],"replies":[{"embeddable":true,"href":"https:\/\/agora.xtec.cat\/escolademusicsijpc\/wp-json\/wp\/v2\/comments?post=8027"}],"version-history":[{"count":1,"href":"https:\/\/agora.xtec.cat\/escolademusicsijpc\/wp-json\/wp\/v2\/posts\/8027\/revisions"}],"predecessor-version":[{"id":8037,"href":"https:\/\/agora.xtec.cat\/escolademusicsijpc\/wp-json\/wp\/v2\/posts\/8027\/revisions\/8037"}],"wp:featuredmedia":[{"embeddable":true,"href":"https:\/\/agora.xtec.cat\/escolademusicsijpc\/wp-json\/wp\/v2\/media\/8030"}],"wp:attachment":[{"href":"https:\/\/agora.xtec.cat\/escolademusicsijpc\/wp-json\/wp\/v2\/media?parent=8027"}],"wp:term":[{"taxonomy":"category","embeddable":true,"href":"https:\/\/agora.xtec.cat\/escolademusicsijpc\/wp-json\/wp\/v2\/categories?post=8027"},{"taxonomy":"post_tag","embeddable":true,"href":"https:\/\/agora.xtec.cat\/escolademusicsijpc\/wp-json\/wp\/v2\/tags?post=8027"}],"curies":[{"name":"wp","href":"https:\/\/api.w.org\/{rel}","templated":true}]}}