{"id":7955,"date":"2019-05-31T18:47:41","date_gmt":"2019-05-31T16:47:41","guid":{"rendered":"http:\/\/agora.xtec.cat\/escolademusicsijpc\/?p=7955"},"modified":"2019-05-31T18:47:41","modified_gmt":"2019-05-31T16:47:41","slug":"quadres-duna-exposicio-2","status":"publish","type":"post","link":"https:\/\/agora.xtec.cat\/escolademusicsijpc\/general\/quadres-duna-exposicio-2\/","title":{"rendered":"&#8220;Quadres d&#8217;una exposici\u00f3&#8221;"},"content":{"rendered":"<p>El dissabte 25 de maig els alumnes d&#8217;harmonia de L&#8217;EM (L&#8217;Escola de M\u00fasics) van presentar les seves composicions en concert sota el t\u00edtol &#8220;Quadres d&#8217;una Exposici\u00f3&#8221; <a class=\"_58cn\" href=\"https:\/\/www.facebook.com\/hashtag\/somm%C3%BAsica?source=feed_text&amp;epa=HASHTAG\"><span class=\"_5afx\"><span class=\"_58cl _5afz\" aria-label=\"etiqueta\">#<\/span><span class=\"_58cm\">SomM\u00fasica <\/span><\/span><\/a><\/p>\n<p><a href=\"https:\/\/agora.xtec.cat\/escolademusicsijpc\/wp-content\/uploads\/usu459\/2019\/05\/61064351_2310584329214712_773444067215278080_n.jpg\"><img loading=\"lazy\" decoding=\"async\" class=\"size-medium wp-image-7956 alignleft\" src=\"https:\/\/agora.xtec.cat\/escolademusicsijpc\/wp-content\/uploads\/usu459\/2019\/05\/61064351_2310584329214712_773444067215278080_n-300x230.jpg\" alt=\"\" width=\"300\" height=\"230\" srcset=\"https:\/\/agora.xtec.cat\/escolademusicsijpc\/wp-content\/uploads\/usu459\/2019\/05\/61064351_2310584329214712_773444067215278080_n-300x230.jpg 300w, https:\/\/agora.xtec.cat\/escolademusicsijpc\/wp-content\/uploads\/usu459\/2019\/05\/61064351_2310584329214712_773444067215278080_n-768x589.jpg 768w, https:\/\/agora.xtec.cat\/escolademusicsijpc\/wp-content\/uploads\/usu459\/2019\/05\/61064351_2310584329214712_773444067215278080_n.jpg 960w\" sizes=\"auto, (max-width: 300px) 100vw, 300px\" \/><\/a> <a href=\"https:\/\/agora.xtec.cat\/escolademusicsijpc\/wp-content\/uploads\/usu459\/2019\/05\/61095926_2310584719214673_7790634091518361600_n.jpg\"><img loading=\"lazy\" decoding=\"async\" class=\"size-medium wp-image-7957 alignleft\" src=\"https:\/\/agora.xtec.cat\/escolademusicsijpc\/wp-content\/uploads\/usu459\/2019\/05\/61095926_2310584719214673_7790634091518361600_n-300x230.jpg\" alt=\"\" width=\"300\" height=\"230\" srcset=\"https:\/\/agora.xtec.cat\/escolademusicsijpc\/wp-content\/uploads\/usu459\/2019\/05\/61095926_2310584719214673_7790634091518361600_n-300x230.jpg 300w, https:\/\/agora.xtec.cat\/escolademusicsijpc\/wp-content\/uploads\/usu459\/2019\/05\/61095926_2310584719214673_7790634091518361600_n-768x589.jpg 768w, https:\/\/agora.xtec.cat\/escolademusicsijpc\/wp-content\/uploads\/usu459\/2019\/05\/61095926_2310584719214673_7790634091518361600_n.jpg 960w\" sizes=\"auto, (max-width: 300px) 100vw, 300px\" \/><\/a> <a href=\"https:\/\/agora.xtec.cat\/escolademusicsijpc\/wp-content\/uploads\/usu459\/2019\/05\/61149544_2310584425881369_5351845940229570560_n.jpg\"><img loading=\"lazy\" decoding=\"async\" class=\"size-medium wp-image-7958 alignleft\" src=\"https:\/\/agora.xtec.cat\/escolademusicsijpc\/wp-content\/uploads\/usu459\/2019\/05\/61149544_2310584425881369_5351845940229570560_n-300x230.jpg\" alt=\"\" width=\"300\" height=\"230\" srcset=\"https:\/\/agora.xtec.cat\/escolademusicsijpc\/wp-content\/uploads\/usu459\/2019\/05\/61149544_2310584425881369_5351845940229570560_n-300x230.jpg 300w, https:\/\/agora.xtec.cat\/escolademusicsijpc\/wp-content\/uploads\/usu459\/2019\/05\/61149544_2310584425881369_5351845940229570560_n-768x589.jpg 768w, https:\/\/agora.xtec.cat\/escolademusicsijpc\/wp-content\/uploads\/usu459\/2019\/05\/61149544_2310584425881369_5351845940229570560_n.jpg 960w\" sizes=\"auto, (max-width: 300px) 100vw, 300px\" \/><\/a> <a href=\"https:\/\/agora.xtec.cat\/escolademusicsijpc\/wp-content\/uploads\/usu459\/2019\/05\/61153947_2310584569214688_8165908130316681216_n.jpg\"><img loading=\"lazy\" decoding=\"async\" class=\"size-medium wp-image-7959 alignleft\" src=\"https:\/\/agora.xtec.cat\/escolademusicsijpc\/wp-content\/uploads\/usu459\/2019\/05\/61153947_2310584569214688_8165908130316681216_n-300x230.jpg\" alt=\"\" width=\"300\" height=\"230\" srcset=\"https:\/\/agora.xtec.cat\/escolademusicsijpc\/wp-content\/uploads\/usu459\/2019\/05\/61153947_2310584569214688_8165908130316681216_n-300x230.jpg 300w, https:\/\/agora.xtec.cat\/escolademusicsijpc\/wp-content\/uploads\/usu459\/2019\/05\/61153947_2310584569214688_8165908130316681216_n-768x589.jpg 768w, https:\/\/agora.xtec.cat\/escolademusicsijpc\/wp-content\/uploads\/usu459\/2019\/05\/61153947_2310584569214688_8165908130316681216_n.jpg 960w\" sizes=\"auto, (max-width: 300px) 100vw, 300px\" \/><\/a> <a href=\"https:\/\/agora.xtec.cat\/escolademusicsijpc\/wp-content\/uploads\/usu459\/2019\/05\/61168716_2310584442548034_446125773523255296_n.jpg\"><img loading=\"lazy\" decoding=\"async\" class=\"size-medium wp-image-7960 alignleft\" src=\"https:\/\/agora.xtec.cat\/escolademusicsijpc\/wp-content\/uploads\/usu459\/2019\/05\/61168716_2310584442548034_446125773523255296_n-300x230.jpg\" alt=\"\" width=\"300\" height=\"230\" srcset=\"https:\/\/agora.xtec.cat\/escolademusicsijpc\/wp-content\/uploads\/usu459\/2019\/05\/61168716_2310584442548034_446125773523255296_n-300x230.jpg 300w, https:\/\/agora.xtec.cat\/escolademusicsijpc\/wp-content\/uploads\/usu459\/2019\/05\/61168716_2310584442548034_446125773523255296_n-768x589.jpg 768w, https:\/\/agora.xtec.cat\/escolademusicsijpc\/wp-content\/uploads\/usu459\/2019\/05\/61168716_2310584442548034_446125773523255296_n.jpg 960w\" sizes=\"auto, (max-width: 300px) 100vw, 300px\" \/><\/a> <a href=\"https:\/\/agora.xtec.cat\/escolademusicsijpc\/wp-content\/uploads\/usu459\/2019\/05\/61202286_2310584335881378_1254994151175356416_n.jpg\"><img loading=\"lazy\" decoding=\"async\" class=\"size-medium wp-image-7961 alignleft\" src=\"https:\/\/agora.xtec.cat\/escolademusicsijpc\/wp-content\/uploads\/usu459\/2019\/05\/61202286_2310584335881378_1254994151175356416_n-300x230.jpg\" alt=\"\" width=\"300\" height=\"230\" srcset=\"https:\/\/agora.xtec.cat\/escolademusicsijpc\/wp-content\/uploads\/usu459\/2019\/05\/61202286_2310584335881378_1254994151175356416_n-300x230.jpg 300w, https:\/\/agora.xtec.cat\/escolademusicsijpc\/wp-content\/uploads\/usu459\/2019\/05\/61202286_2310584335881378_1254994151175356416_n-768x589.jpg 768w, https:\/\/agora.xtec.cat\/escolademusicsijpc\/wp-content\/uploads\/usu459\/2019\/05\/61202286_2310584335881378_1254994151175356416_n.jpg 960w\" sizes=\"auto, (max-width: 300px) 100vw, 300px\" \/><\/a> <a href=\"https:\/\/agora.xtec.cat\/escolademusicsijpc\/wp-content\/uploads\/usu459\/2019\/05\/61212086_2310584412548037_5303083076279074816_n.jpg\"><img loading=\"lazy\" decoding=\"async\" class=\"size-medium wp-image-7962 alignleft\" src=\"https:\/\/agora.xtec.cat\/escolademusicsijpc\/wp-content\/uploads\/usu459\/2019\/05\/61212086_2310584412548037_5303083076279074816_n-300x230.jpg\" alt=\"\" width=\"300\" height=\"230\" srcset=\"https:\/\/agora.xtec.cat\/escolademusicsijpc\/wp-content\/uploads\/usu459\/2019\/05\/61212086_2310584412548037_5303083076279074816_n-300x230.jpg 300w, https:\/\/agora.xtec.cat\/escolademusicsijpc\/wp-content\/uploads\/usu459\/2019\/05\/61212086_2310584412548037_5303083076279074816_n-768x589.jpg 768w, https:\/\/agora.xtec.cat\/escolademusicsijpc\/wp-content\/uploads\/usu459\/2019\/05\/61212086_2310584412548037_5303083076279074816_n.jpg 960w\" sizes=\"auto, (max-width: 300px) 100vw, 300px\" \/><\/a> <a href=\"https:\/\/agora.xtec.cat\/escolademusicsijpc\/wp-content\/uploads\/usu459\/2019\/05\/61228072_2310584682548010_7335575365840011264_n.jpg\"><img loading=\"lazy\" decoding=\"async\" class=\"size-medium wp-image-7963 alignleft\" src=\"https:\/\/agora.xtec.cat\/escolademusicsijpc\/wp-content\/uploads\/usu459\/2019\/05\/61228072_2310584682548010_7335575365840011264_n-300x230.jpg\" alt=\"\" width=\"300\" height=\"230\" srcset=\"https:\/\/agora.xtec.cat\/escolademusicsijpc\/wp-content\/uploads\/usu459\/2019\/05\/61228072_2310584682548010_7335575365840011264_n-300x230.jpg 300w, https:\/\/agora.xtec.cat\/escolademusicsijpc\/wp-content\/uploads\/usu459\/2019\/05\/61228072_2310584682548010_7335575365840011264_n-768x589.jpg 768w, https:\/\/agora.xtec.cat\/escolademusicsijpc\/wp-content\/uploads\/usu459\/2019\/05\/61228072_2310584682548010_7335575365840011264_n.jpg 960w\" sizes=\"auto, (max-width: 300px) 100vw, 300px\" \/><\/a> <a href=\"https:\/\/agora.xtec.cat\/escolademusicsijpc\/wp-content\/uploads\/usu459\/2019\/05\/61300897_2310584589214686_2439779232172212224_n.jpg\"><img loading=\"lazy\" decoding=\"async\" class=\"size-medium wp-image-7964 alignleft\" src=\"https:\/\/agora.xtec.cat\/escolademusicsijpc\/wp-content\/uploads\/usu459\/2019\/05\/61300897_2310584589214686_2439779232172212224_n-300x230.jpg\" alt=\"\" width=\"300\" height=\"230\" srcset=\"https:\/\/agora.xtec.cat\/escolademusicsijpc\/wp-content\/uploads\/usu459\/2019\/05\/61300897_2310584589214686_2439779232172212224_n-300x230.jpg 300w, https:\/\/agora.xtec.cat\/escolademusicsijpc\/wp-content\/uploads\/usu459\/2019\/05\/61300897_2310584589214686_2439779232172212224_n-768x589.jpg 768w, https:\/\/agora.xtec.cat\/escolademusicsijpc\/wp-content\/uploads\/usu459\/2019\/05\/61300897_2310584589214686_2439779232172212224_n.jpg 960w\" sizes=\"auto, (max-width: 300px) 100vw, 300px\" \/><\/a> <a href=\"https:\/\/agora.xtec.cat\/escolademusicsijpc\/wp-content\/uploads\/usu459\/2019\/05\/61392865_2310584342548044_2267984349968203776_n.jpg\"><img loading=\"lazy\" decoding=\"async\" class=\"size-medium wp-image-7965 alignleft\" src=\"https:\/\/agora.xtec.cat\/escolademusicsijpc\/wp-content\/uploads\/usu459\/2019\/05\/61392865_2310584342548044_2267984349968203776_n-300x230.jpg\" alt=\"\" width=\"300\" height=\"230\" srcset=\"https:\/\/agora.xtec.cat\/escolademusicsijpc\/wp-content\/uploads\/usu459\/2019\/05\/61392865_2310584342548044_2267984349968203776_n-300x230.jpg 300w, https:\/\/agora.xtec.cat\/escolademusicsijpc\/wp-content\/uploads\/usu459\/2019\/05\/61392865_2310584342548044_2267984349968203776_n-768x589.jpg 768w, https:\/\/agora.xtec.cat\/escolademusicsijpc\/wp-content\/uploads\/usu459\/2019\/05\/61392865_2310584342548044_2267984349968203776_n.jpg 960w\" sizes=\"auto, (max-width: 300px) 100vw, 300px\" \/><\/a> <a href=\"https:\/\/agora.xtec.cat\/escolademusicsijpc\/wp-content\/uploads\/usu459\/2019\/05\/61448333_2310584692548009_8209150140225683456_n.jpg\"><img loading=\"lazy\" decoding=\"async\" class=\"size-medium wp-image-7966 alignleft\" src=\"https:\/\/agora.xtec.cat\/escolademusicsijpc\/wp-content\/uploads\/usu459\/2019\/05\/61448333_2310584692548009_8209150140225683456_n-300x230.jpg\" alt=\"\" width=\"300\" height=\"230\" srcset=\"https:\/\/agora.xtec.cat\/escolademusicsijpc\/wp-content\/uploads\/usu459\/2019\/05\/61448333_2310584692548009_8209150140225683456_n-300x230.jpg 300w, https:\/\/agora.xtec.cat\/escolademusicsijpc\/wp-content\/uploads\/usu459\/2019\/05\/61448333_2310584692548009_8209150140225683456_n-768x589.jpg 768w, https:\/\/agora.xtec.cat\/escolademusicsijpc\/wp-content\/uploads\/usu459\/2019\/05\/61448333_2310584692548009_8209150140225683456_n.jpg 960w\" sizes=\"auto, (max-width: 300px) 100vw, 300px\" \/><\/a> <a href=\"https:\/\/agora.xtec.cat\/escolademusicsijpc\/wp-content\/uploads\/usu459\/2019\/05\/61844708_2310584579214687_3855004663107551232_n.jpg\"><img loading=\"lazy\" decoding=\"async\" class=\"size-medium wp-image-7967 alignleft\" src=\"https:\/\/agora.xtec.cat\/escolademusicsijpc\/wp-content\/uploads\/usu459\/2019\/05\/61844708_2310584579214687_3855004663107551232_n-300x230.jpg\" alt=\"\" width=\"300\" height=\"230\" srcset=\"https:\/\/agora.xtec.cat\/escolademusicsijpc\/wp-content\/uploads\/usu459\/2019\/05\/61844708_2310584579214687_3855004663107551232_n-300x230.jpg 300w, https:\/\/agora.xtec.cat\/escolademusicsijpc\/wp-content\/uploads\/usu459\/2019\/05\/61844708_2310584579214687_3855004663107551232_n-768x589.jpg 768w, https:\/\/agora.xtec.cat\/escolademusicsijpc\/wp-content\/uploads\/usu459\/2019\/05\/61844708_2310584579214687_3855004663107551232_n.jpg 960w\" sizes=\"auto, (max-width: 300px) 100vw, 300px\" \/><\/a><\/p>\n","protected":false},"excerpt":{"rendered":"<p>El dissabte 25 de maig els alumnes d&#8217;harmonia de L&#8217;EM (L&#8217;Escola de M\u00fasics) van presentar les seves composicions en concert sota el t\u00edtol &#8220;Quadres d&#8217;una Exposici\u00f3&#8221; <a class=\"_58cn\" href=\"https:\/\/www.facebook.com\/hashtag\/somm%C3%BAsica?source=feed_text&amp;epa=HASHTAG\">#SomM\u00fasica <\/a><br \/>\n<a href=\"https:\/\/agora.xtec.cat\/escolademusicsijpc\/wp-content\/uploads\/usu459\/2019\/05\/61064351_2310584329214712_773444067215278080_n.jpg\"><\/a> <a href=\"https:\/\/agora.xtec.cat\/escolademusicsijpc\/wp-content\/uploads\/usu459\/2019\/05\/61095926_2310584719214673_7790634091518361600_n.jpg\"><\/a> <a href=\"https:\/\/agora.xtec.cat\/escolademusicsijpc\/wp-content\/uploads\/usu459\/2019\/05\/61149544_2310584425881369_5351845940229570560_n.jpg\"><\/a> <a href=\"https:\/\/agora.xtec.cat\/escolademusicsijpc\/wp-content\/uploads\/usu459\/2019\/05\/61153947_2310584569214688_8165908130316681216_n.jpg\"><\/a> <a href=\"https:\/\/agora.xtec.cat\/escolademusicsijpc\/wp-content\/uploads\/usu459\/2019\/05\/61168716_2310584442548034_446125773523255296_n.jpg\"><\/a> <a href=\"https:\/\/agora.xtec.cat\/escolademusicsijpc\/wp-content\/uploads\/usu459\/2019\/05\/61202286_2310584335881378_1254994151175356416_n.jpg\"><\/a> <a href=\"https:\/\/agora.xtec.cat\/escolademusicsijpc\/wp-content\/uploads\/usu459\/2019\/05\/61212086_2310584412548037_5303083076279074816_n.jpg\"><\/a> <a href=\"https:\/\/agora.xtec.cat\/escolademusicsijpc\/wp-content\/uploads\/usu459\/2019\/05\/61228072_2310584682548010_7335575365840011264_n.jpg\"><\/a>&hellip;  <a href=\"https:\/\/agora.xtec.cat\/escolademusicsijpc\/general\/quadres-duna-exposicio-2\/\" title=\"Read &#8220;Quadres d&#8217;una exposici\u00f3&#8221;\">Llegeix m\u00e9s\u00bb<\/a><\/p>\n","protected":false},"author":3,"featured_media":7956,"comment_status":"open","ping_status":"closed","sticky":false,"template":"","format":"standard","meta":{"_bbp_topic_count":0,"_bbp_reply_count":0,"_bbp_total_topic_count":0,"_bbp_total_reply_count":0,"_bbp_voice_count":0,"_bbp_anonymous_reply_count":0,"_bbp_topic_count_hidden":0,"_bbp_reply_count_hidden":0,"_bbp_forum_subforum_count":0,"footnotes":""},"categories":[1,69,104],"tags":[],"class_list":["post-7955","post","type-post","status-publish","format-standard","has-post-thumbnail","hentry","category-general","category-master-classes","category-uncategorized"],"post_mailing_queue_ids":[],"_links":{"self":[{"href":"https:\/\/agora.xtec.cat\/escolademusicsijpc\/wp-json\/wp\/v2\/posts\/7955","targetHints":{"allow":["GET"]}}],"collection":[{"href":"https:\/\/agora.xtec.cat\/escolademusicsijpc\/wp-json\/wp\/v2\/posts"}],"about":[{"href":"https:\/\/agora.xtec.cat\/escolademusicsijpc\/wp-json\/wp\/v2\/types\/post"}],"author":[{"embeddable":true,"href":"https:\/\/agora.xtec.cat\/escolademusicsijpc\/wp-json\/wp\/v2\/users\/3"}],"replies":[{"embeddable":true,"href":"https:\/\/agora.xtec.cat\/escolademusicsijpc\/wp-json\/wp\/v2\/comments?post=7955"}],"version-history":[{"count":1,"href":"https:\/\/agora.xtec.cat\/escolademusicsijpc\/wp-json\/wp\/v2\/posts\/7955\/revisions"}],"predecessor-version":[{"id":7968,"href":"https:\/\/agora.xtec.cat\/escolademusicsijpc\/wp-json\/wp\/v2\/posts\/7955\/revisions\/7968"}],"wp:featuredmedia":[{"embeddable":true,"href":"https:\/\/agora.xtec.cat\/escolademusicsijpc\/wp-json\/wp\/v2\/media\/7956"}],"wp:attachment":[{"href":"https:\/\/agora.xtec.cat\/escolademusicsijpc\/wp-json\/wp\/v2\/media?parent=7955"}],"wp:term":[{"taxonomy":"category","embeddable":true,"href":"https:\/\/agora.xtec.cat\/escolademusicsijpc\/wp-json\/wp\/v2\/categories?post=7955"},{"taxonomy":"post_tag","embeddable":true,"href":"https:\/\/agora.xtec.cat\/escolademusicsijpc\/wp-json\/wp\/v2\/tags?post=7955"}],"curies":[{"name":"wp","href":"https:\/\/api.w.org\/{rel}","templated":true}]}}