{"id":7886,"date":"2019-05-21T19:02:26","date_gmt":"2019-05-21T17:02:26","guid":{"rendered":"http:\/\/agora.xtec.cat\/escolademusicsijpc\/?p=7886"},"modified":"2019-05-21T19:02:26","modified_gmt":"2019-05-21T17:02:26","slug":"els-cors-del-besos","status":"publish","type":"post","link":"https:\/\/agora.xtec.cat\/escolademusicsijpc\/general\/els-cors-del-besos\/","title":{"rendered":"&#8220;Els Cors del Bes\u00f2s&#8221;"},"content":{"rendered":"<p>Compartim unes imatges del concert de cloenda de &#8220;Els Cors del Bes\u00f2s&#8221; a l&#8217;Auditori del F\u00f2rum. Van cantar el musical Mamma Mia i van comptar amb la col.laboraci\u00f3 del grup de musicoter\u00e0pia del casal de gent gran Joan Maragall.<br \/>\nVa ser un \u00e8xit i vam estar acompanyats per\u00a0<a class=\"profileLink\" href=\"https:\/\/www.facebook.com\/arianna.pijoan?__tn__=%2CdK-R-R&amp;eid=ARAvn8LnY682dy6VI0zLCBiP9cSQLeKj7d8QmokY-P9pmnirUYGuYyicGKG5crbWVWS2aIxCf0MLccfW&amp;fref=mentions\">Arianna Pijoan<\/a>\u00a0<a class=\"profileLink\" href=\"https:\/\/www.facebook.com\/Nbribian?__tn__=%2CdK-R-R&amp;eid=ARC_aLRmJaSFte7D35lP5qViOImVMqxgs3n-gdtyu-uuvvSXtqtpD0MWlubZl-892yk4ur39L5DuPYMZ&amp;fref=mentions\">Nil Bribian Corredor<\/a>,\u00a0<a class=\"profileLink\" href=\"https:\/\/www.facebook.com\/bartolome.garciaplatagirones?__tn__=%2CdK-R-R&amp;eid=ARAeuVl9ftIetdikfT05CX2wYvU-iYpPRsm3QHfHp7zWA2ALz0kx6Zrc-e0n8_HibSCjSqMEZueMfcnu&amp;fref=mentions\">Bartolom\u00e9 Garc\u00eda-Plata Giron\u00e9s<\/a>\u00a0i\u00a0<a class=\"profileLink\" href=\"https:\/\/www.facebook.com\/profile.php?id=100004212821713&amp;__tn__=%2CdK-R-R&amp;eid=ARDJawXD1N2PuJQFmBtU7jBJyjj_L-2mWHfThtGzeakH3cQmrYh_k2ZcT55nAaSekExHN-onC4mB-477&amp;fref=mentions\">Alan Garc\u00eda<\/a>l. Sota la direcci\u00f3 de <a class=\"profileLink\" href=\"https:\/\/www.facebook.com\/irene.andreu.39?__tn__=%2CdK-R-R&amp;eid=ARC-auBMlu6Y8q4DYGN-SHZ4lJM9DjqI22C1gveXL-4r49xpELSbYgaYMpPLW8PMsy9-EjL7gGjDUZ9h&amp;fref=mentions\">Irene Andreu<\/a>.<br \/>\nFotografies de Juan Alibau:<\/p>\n<p><a href=\"https:\/\/agora.xtec.cat\/escolademusicsijpc\/wp-content\/uploads\/usu459\/2019\/05\/60063863_2303506183255860_8164369668736286720_n.jpg\"><img loading=\"lazy\" decoding=\"async\" class=\"size-medium wp-image-7887 alignleft\" src=\"https:\/\/agora.xtec.cat\/escolademusicsijpc\/wp-content\/uploads\/usu459\/2019\/05\/60063863_2303506183255860_8164369668736286720_n-300x200.jpg\" alt=\"\" width=\"300\" height=\"200\" srcset=\"https:\/\/agora.xtec.cat\/escolademusicsijpc\/wp-content\/uploads\/usu459\/2019\/05\/60063863_2303506183255860_8164369668736286720_n-300x200.jpg 300w, https:\/\/agora.xtec.cat\/escolademusicsijpc\/wp-content\/uploads\/usu459\/2019\/05\/60063863_2303506183255860_8164369668736286720_n-768x512.jpg 768w, https:\/\/agora.xtec.cat\/escolademusicsijpc\/wp-content\/uploads\/usu459\/2019\/05\/60063863_2303506183255860_8164369668736286720_n.jpg 960w\" sizes=\"auto, (max-width: 300px) 100vw, 300px\" \/><\/a> <a href=\"https:\/\/agora.xtec.cat\/escolademusicsijpc\/wp-content\/uploads\/usu459\/2019\/05\/60335182_2303506086589203_2147202924642566144_n.jpg\"><img loading=\"lazy\" decoding=\"async\" class=\"size-medium wp-image-7888 alignleft\" src=\"https:\/\/agora.xtec.cat\/escolademusicsijpc\/wp-content\/uploads\/usu459\/2019\/05\/60335182_2303506086589203_2147202924642566144_n-300x200.jpg\" alt=\"\" width=\"300\" height=\"200\" srcset=\"https:\/\/agora.xtec.cat\/escolademusicsijpc\/wp-content\/uploads\/usu459\/2019\/05\/60335182_2303506086589203_2147202924642566144_n-300x200.jpg 300w, https:\/\/agora.xtec.cat\/escolademusicsijpc\/wp-content\/uploads\/usu459\/2019\/05\/60335182_2303506086589203_2147202924642566144_n-768x512.jpg 768w, https:\/\/agora.xtec.cat\/escolademusicsijpc\/wp-content\/uploads\/usu459\/2019\/05\/60335182_2303506086589203_2147202924642566144_n.jpg 960w\" sizes=\"auto, (max-width: 300px) 100vw, 300px\" \/><\/a> <a href=\"https:\/\/agora.xtec.cat\/escolademusicsijpc\/wp-content\/uploads\/usu459\/2019\/05\/60344518_2303506173255861_4692084713832054784_n.jpg\"><img loading=\"lazy\" decoding=\"async\" class=\"size-medium wp-image-7889 alignleft\" src=\"https:\/\/agora.xtec.cat\/escolademusicsijpc\/wp-content\/uploads\/usu459\/2019\/05\/60344518_2303506173255861_4692084713832054784_n-300x200.jpg\" alt=\"\" width=\"300\" height=\"200\" srcset=\"https:\/\/agora.xtec.cat\/escolademusicsijpc\/wp-content\/uploads\/usu459\/2019\/05\/60344518_2303506173255861_4692084713832054784_n-300x200.jpg 300w, https:\/\/agora.xtec.cat\/escolademusicsijpc\/wp-content\/uploads\/usu459\/2019\/05\/60344518_2303506173255861_4692084713832054784_n-768x512.jpg 768w, https:\/\/agora.xtec.cat\/escolademusicsijpc\/wp-content\/uploads\/usu459\/2019\/05\/60344518_2303506173255861_4692084713832054784_n.jpg 960w\" sizes=\"auto, (max-width: 300px) 100vw, 300px\" \/><\/a> <a href=\"https:\/\/agora.xtec.cat\/escolademusicsijpc\/wp-content\/uploads\/usu459\/2019\/05\/60346646_2303506103255868_8338359695840378880_n.jpg\"><img loading=\"lazy\" decoding=\"async\" class=\"size-medium wp-image-7890 alignleft\" src=\"https:\/\/agora.xtec.cat\/escolademusicsijpc\/wp-content\/uploads\/usu459\/2019\/05\/60346646_2303506103255868_8338359695840378880_n-300x200.jpg\" alt=\"\" width=\"300\" height=\"200\" srcset=\"https:\/\/agora.xtec.cat\/escolademusicsijpc\/wp-content\/uploads\/usu459\/2019\/05\/60346646_2303506103255868_8338359695840378880_n-300x200.jpg 300w, https:\/\/agora.xtec.cat\/escolademusicsijpc\/wp-content\/uploads\/usu459\/2019\/05\/60346646_2303506103255868_8338359695840378880_n-768x512.jpg 768w, https:\/\/agora.xtec.cat\/escolademusicsijpc\/wp-content\/uploads\/usu459\/2019\/05\/60346646_2303506103255868_8338359695840378880_n.jpg 960w\" sizes=\"auto, (max-width: 300px) 100vw, 300px\" \/><\/a> <a href=\"https:\/\/agora.xtec.cat\/escolademusicsijpc\/wp-content\/uploads\/usu459\/2019\/05\/60346698_2303506303255848_1952519581897588736_n.jpg\"><img loading=\"lazy\" decoding=\"async\" class=\"size-medium wp-image-7891 alignleft\" src=\"https:\/\/agora.xtec.cat\/escolademusicsijpc\/wp-content\/uploads\/usu459\/2019\/05\/60346698_2303506303255848_1952519581897588736_n-300x200.jpg\" alt=\"\" width=\"300\" height=\"200\" srcset=\"https:\/\/agora.xtec.cat\/escolademusicsijpc\/wp-content\/uploads\/usu459\/2019\/05\/60346698_2303506303255848_1952519581897588736_n-300x200.jpg 300w, https:\/\/agora.xtec.cat\/escolademusicsijpc\/wp-content\/uploads\/usu459\/2019\/05\/60346698_2303506303255848_1952519581897588736_n-768x512.jpg 768w, https:\/\/agora.xtec.cat\/escolademusicsijpc\/wp-content\/uploads\/usu459\/2019\/05\/60346698_2303506303255848_1952519581897588736_n.jpg 960w\" sizes=\"auto, (max-width: 300px) 100vw, 300px\" \/><\/a> <a href=\"https:\/\/agora.xtec.cat\/escolademusicsijpc\/wp-content\/uploads\/usu459\/2019\/05\/60360420_2303506079922537_6238694667525816320_n.jpg\"><img loading=\"lazy\" decoding=\"async\" class=\"size-medium wp-image-7892 alignleft\" src=\"https:\/\/agora.xtec.cat\/escolademusicsijpc\/wp-content\/uploads\/usu459\/2019\/05\/60360420_2303506079922537_6238694667525816320_n-300x200.jpg\" alt=\"\" width=\"300\" height=\"200\" srcset=\"https:\/\/agora.xtec.cat\/escolademusicsijpc\/wp-content\/uploads\/usu459\/2019\/05\/60360420_2303506079922537_6238694667525816320_n-300x200.jpg 300w, https:\/\/agora.xtec.cat\/escolademusicsijpc\/wp-content\/uploads\/usu459\/2019\/05\/60360420_2303506079922537_6238694667525816320_n-768x512.jpg 768w, https:\/\/agora.xtec.cat\/escolademusicsijpc\/wp-content\/uploads\/usu459\/2019\/05\/60360420_2303506079922537_6238694667525816320_n.jpg 960w\" sizes=\"auto, (max-width: 300px) 100vw, 300px\" \/><\/a> <a href=\"https:\/\/agora.xtec.cat\/escolademusicsijpc\/wp-content\/uploads\/usu459\/2019\/05\/60448347_2303506329922512_8704781746912100352_n.jpg\"><img loading=\"lazy\" decoding=\"async\" class=\"size-medium wp-image-7893 alignleft\" src=\"https:\/\/agora.xtec.cat\/escolademusicsijpc\/wp-content\/uploads\/usu459\/2019\/05\/60448347_2303506329922512_8704781746912100352_n-300x200.jpg\" alt=\"\" width=\"300\" height=\"200\" srcset=\"https:\/\/agora.xtec.cat\/escolademusicsijpc\/wp-content\/uploads\/usu459\/2019\/05\/60448347_2303506329922512_8704781746912100352_n-300x200.jpg 300w, https:\/\/agora.xtec.cat\/escolademusicsijpc\/wp-content\/uploads\/usu459\/2019\/05\/60448347_2303506329922512_8704781746912100352_n-768x512.jpg 768w, https:\/\/agora.xtec.cat\/escolademusicsijpc\/wp-content\/uploads\/usu459\/2019\/05\/60448347_2303506329922512_8704781746912100352_n.jpg 960w\" sizes=\"auto, (max-width: 300px) 100vw, 300px\" \/><\/a> <a href=\"https:\/\/agora.xtec.cat\/escolademusicsijpc\/wp-content\/uploads\/usu459\/2019\/05\/60726910_2303506273255851_3304655589681922048_n.jpg\"><img loading=\"lazy\" decoding=\"async\" class=\"size-medium wp-image-7894 alignleft\" src=\"https:\/\/agora.xtec.cat\/escolademusicsijpc\/wp-content\/uploads\/usu459\/2019\/05\/60726910_2303506273255851_3304655589681922048_n-300x200.jpg\" alt=\"\" width=\"300\" height=\"200\" srcset=\"https:\/\/agora.xtec.cat\/escolademusicsijpc\/wp-content\/uploads\/usu459\/2019\/05\/60726910_2303506273255851_3304655589681922048_n-300x200.jpg 300w, https:\/\/agora.xtec.cat\/escolademusicsijpc\/wp-content\/uploads\/usu459\/2019\/05\/60726910_2303506273255851_3304655589681922048_n-768x512.jpg 768w, https:\/\/agora.xtec.cat\/escolademusicsijpc\/wp-content\/uploads\/usu459\/2019\/05\/60726910_2303506273255851_3304655589681922048_n.jpg 960w\" sizes=\"auto, (max-width: 300px) 100vw, 300px\" \/><\/a><\/p>\n","protected":false},"excerpt":{"rendered":"<p>Compartim unes imatges del concert de cloenda de &#8220;Els Cors del Bes\u00f2s&#8221; a l&#8217;Auditori del F\u00f2rum. Van cantar el musical Mamma Mia i van comptar amb la col.laboraci\u00f3 del grup de musicoter\u00e0pia del casal de gent gran Joan Maragall.<br \/>\nVa ser un \u00e8xit i vam estar&hellip;  <a href=\"https:\/\/agora.xtec.cat\/escolademusicsijpc\/general\/els-cors-del-besos\/\" title=\"Read &#8220;Els Cors del Bes\u00f2s&#8221;\">Llegeix m\u00e9s\u00bb<\/a><\/p>\n","protected":false},"author":3,"featured_media":7895,"comment_status":"open","ping_status":"closed","sticky":false,"template":"","format":"standard","meta":{"_bbp_topic_count":0,"_bbp_reply_count":0,"_bbp_total_topic_count":0,"_bbp_total_reply_count":0,"_bbp_voice_count":0,"_bbp_anonymous_reply_count":0,"_bbp_topic_count_hidden":0,"_bbp_reply_count_hidden":0,"_bbp_forum_subforum_count":0,"footnotes":""},"categories":[66,1,104],"tags":[],"class_list":["post-7886","post","type-post","status-publish","format-standard","has-post-thumbnail","hentry","category-corals","category-general","category-uncategorized"],"post_mailing_queue_ids":[],"_links":{"self":[{"href":"https:\/\/agora.xtec.cat\/escolademusicsijpc\/wp-json\/wp\/v2\/posts\/7886","targetHints":{"allow":["GET"]}}],"collection":[{"href":"https:\/\/agora.xtec.cat\/escolademusicsijpc\/wp-json\/wp\/v2\/posts"}],"about":[{"href":"https:\/\/agora.xtec.cat\/escolademusicsijpc\/wp-json\/wp\/v2\/types\/post"}],"author":[{"embeddable":true,"href":"https:\/\/agora.xtec.cat\/escolademusicsijpc\/wp-json\/wp\/v2\/users\/3"}],"replies":[{"embeddable":true,"href":"https:\/\/agora.xtec.cat\/escolademusicsijpc\/wp-json\/wp\/v2\/comments?post=7886"}],"version-history":[{"count":1,"href":"https:\/\/agora.xtec.cat\/escolademusicsijpc\/wp-json\/wp\/v2\/posts\/7886\/revisions"}],"predecessor-version":[{"id":7896,"href":"https:\/\/agora.xtec.cat\/escolademusicsijpc\/wp-json\/wp\/v2\/posts\/7886\/revisions\/7896"}],"wp:featuredmedia":[{"embeddable":true,"href":"https:\/\/agora.xtec.cat\/escolademusicsijpc\/wp-json\/wp\/v2\/media\/7895"}],"wp:attachment":[{"href":"https:\/\/agora.xtec.cat\/escolademusicsijpc\/wp-json\/wp\/v2\/media?parent=7886"}],"wp:term":[{"taxonomy":"category","embeddable":true,"href":"https:\/\/agora.xtec.cat\/escolademusicsijpc\/wp-json\/wp\/v2\/categories?post=7886"},{"taxonomy":"post_tag","embeddable":true,"href":"https:\/\/agora.xtec.cat\/escolademusicsijpc\/wp-json\/wp\/v2\/tags?post=7886"}],"curies":[{"name":"wp","href":"https:\/\/api.w.org\/{rel}","templated":true}]}}