{"id":7879,"date":"2019-05-17T16:08:52","date_gmt":"2019-05-17T14:08:52","guid":{"rendered":"http:\/\/agora.xtec.cat\/escolademusicsijpc\/?p=7879"},"modified":"2019-05-17T16:08:52","modified_gmt":"2019-05-17T14:08:52","slug":"concert-a-lesglesia-de-sant-gaieta-2","status":"publish","type":"post","link":"https:\/\/agora.xtec.cat\/escolademusicsijpc\/general\/concert-a-lesglesia-de-sant-gaieta-2\/","title":{"rendered":"Concert a l&#8217;esgl\u00e9sia de Sant Gaiet\u00e0"},"content":{"rendered":"<p>Compartim unes imatges del concert de diumenge 12 de maig de la Ravals Simf\u00f2nic i cors de L&#8217;EM (L&#8217;Escola de M\u00fasics i JPC) a l&#8217;esgl\u00e9sia de Sant Gaiet\u00e0.<\/p>\n<p><a href=\"https:\/\/agora.xtec.cat\/escolademusicsijpc\/wp-content\/uploads\/usu459\/2019\/05\/60067941_2300630676876744_3398132258639446016_n.jpg\"><img loading=\"lazy\" decoding=\"async\" class=\"size-medium wp-image-7880 alignleft\" src=\"https:\/\/agora.xtec.cat\/escolademusicsijpc\/wp-content\/uploads\/usu459\/2019\/05\/60067941_2300630676876744_3398132258639446016_n-300x189.jpg\" alt=\"\" width=\"300\" height=\"189\" srcset=\"https:\/\/agora.xtec.cat\/escolademusicsijpc\/wp-content\/uploads\/usu459\/2019\/05\/60067941_2300630676876744_3398132258639446016_n-300x189.jpg 300w, https:\/\/agora.xtec.cat\/escolademusicsijpc\/wp-content\/uploads\/usu459\/2019\/05\/60067941_2300630676876744_3398132258639446016_n-768x485.jpg 768w, https:\/\/agora.xtec.cat\/escolademusicsijpc\/wp-content\/uploads\/usu459\/2019\/05\/60067941_2300630676876744_3398132258639446016_n.jpg 960w\" sizes=\"auto, (max-width: 300px) 100vw, 300px\" \/><\/a> <a href=\"https:\/\/agora.xtec.cat\/escolademusicsijpc\/wp-content\/uploads\/usu459\/2019\/05\/60072076_2300630586876753_1076223159750885376_n.jpg\"><img loading=\"lazy\" decoding=\"async\" class=\"size-medium wp-image-7881 alignleft\" src=\"https:\/\/agora.xtec.cat\/escolademusicsijpc\/wp-content\/uploads\/usu459\/2019\/05\/60072076_2300630586876753_1076223159750885376_n-300x232.jpg\" alt=\"\" width=\"300\" height=\"232\" srcset=\"https:\/\/agora.xtec.cat\/escolademusicsijpc\/wp-content\/uploads\/usu459\/2019\/05\/60072076_2300630586876753_1076223159750885376_n-300x232.jpg 300w, https:\/\/agora.xtec.cat\/escolademusicsijpc\/wp-content\/uploads\/usu459\/2019\/05\/60072076_2300630586876753_1076223159750885376_n-768x593.jpg 768w, https:\/\/agora.xtec.cat\/escolademusicsijpc\/wp-content\/uploads\/usu459\/2019\/05\/60072076_2300630586876753_1076223159750885376_n.jpg 960w\" sizes=\"auto, (max-width: 300px) 100vw, 300px\" \/><\/a> <a href=\"https:\/\/agora.xtec.cat\/escolademusicsijpc\/wp-content\/uploads\/usu459\/2019\/05\/60411374_2300630570210088_7885943985661804544_n.jpg\"><img loading=\"lazy\" decoding=\"async\" class=\"size-medium wp-image-7882 alignleft\" src=\"https:\/\/agora.xtec.cat\/escolademusicsijpc\/wp-content\/uploads\/usu459\/2019\/05\/60411374_2300630570210088_7885943985661804544_n-300x232.jpg\" alt=\"\" width=\"300\" height=\"232\" srcset=\"https:\/\/agora.xtec.cat\/escolademusicsijpc\/wp-content\/uploads\/usu459\/2019\/05\/60411374_2300630570210088_7885943985661804544_n-300x232.jpg 300w, https:\/\/agora.xtec.cat\/escolademusicsijpc\/wp-content\/uploads\/usu459\/2019\/05\/60411374_2300630570210088_7885943985661804544_n-768x593.jpg 768w, https:\/\/agora.xtec.cat\/escolademusicsijpc\/wp-content\/uploads\/usu459\/2019\/05\/60411374_2300630570210088_7885943985661804544_n.jpg 960w\" sizes=\"auto, (max-width: 300px) 100vw, 300px\" \/><\/a> <a href=\"https:\/\/agora.xtec.cat\/escolademusicsijpc\/wp-content\/uploads\/usu459\/2019\/05\/60463613_2300630583543420_3888715994557841408_n.jpg\"><img loading=\"lazy\" decoding=\"async\" class=\"size-medium wp-image-7883 alignleft\" src=\"https:\/\/agora.xtec.cat\/escolademusicsijpc\/wp-content\/uploads\/usu459\/2019\/05\/60463613_2300630583543420_3888715994557841408_n-300x232.jpg\" alt=\"\" width=\"300\" height=\"232\" srcset=\"https:\/\/agora.xtec.cat\/escolademusicsijpc\/wp-content\/uploads\/usu459\/2019\/05\/60463613_2300630583543420_3888715994557841408_n-300x232.jpg 300w, https:\/\/agora.xtec.cat\/escolademusicsijpc\/wp-content\/uploads\/usu459\/2019\/05\/60463613_2300630583543420_3888715994557841408_n-768x593.jpg 768w, https:\/\/agora.xtec.cat\/escolademusicsijpc\/wp-content\/uploads\/usu459\/2019\/05\/60463613_2300630583543420_3888715994557841408_n.jpg 960w\" sizes=\"auto, (max-width: 300px) 100vw, 300px\" \/><\/a> <a href=\"https:\/\/agora.xtec.cat\/escolademusicsijpc\/wp-content\/uploads\/usu459\/2019\/05\/60518017_2300630650210080_7862852725355053056_n.jpg\"><img loading=\"lazy\" decoding=\"async\" class=\"size-medium wp-image-7884 alignleft\" src=\"https:\/\/agora.xtec.cat\/escolademusicsijpc\/wp-content\/uploads\/usu459\/2019\/05\/60518017_2300630650210080_7862852725355053056_n-300x146.jpg\" alt=\"\" width=\"300\" height=\"146\" srcset=\"https:\/\/agora.xtec.cat\/escolademusicsijpc\/wp-content\/uploads\/usu459\/2019\/05\/60518017_2300630650210080_7862852725355053056_n-300x146.jpg 300w, https:\/\/agora.xtec.cat\/escolademusicsijpc\/wp-content\/uploads\/usu459\/2019\/05\/60518017_2300630650210080_7862852725355053056_n-768x373.jpg 768w, https:\/\/agora.xtec.cat\/escolademusicsijpc\/wp-content\/uploads\/usu459\/2019\/05\/60518017_2300630650210080_7862852725355053056_n.jpg 960w\" sizes=\"auto, (max-width: 300px) 100vw, 300px\" \/><\/a><\/p>\n","protected":false},"excerpt":{"rendered":"<p>Compartim unes imatges del concert de diumenge 12 de maig de la Ravals Simf\u00f2nic i cors de L&#8217;EM (L&#8217;Escola de M\u00fasics i JPC) a l&#8217;esgl\u00e9sia de Sant Gaiet\u00e0.<br \/>\n<a href=\"https:\/\/agora.xtec.cat\/escolademusicsijpc\/wp-content\/uploads\/usu459\/2019\/05\/60067941_2300630676876744_3398132258639446016_n.jpg\"><\/a> <a href=\"https:\/\/agora.xtec.cat\/escolademusicsijpc\/wp-content\/uploads\/usu459\/2019\/05\/60072076_2300630586876753_1076223159750885376_n.jpg\"><\/a> <a href=\"https:\/\/agora.xtec.cat\/escolademusicsijpc\/wp-content\/uploads\/usu459\/2019\/05\/60411374_2300630570210088_7885943985661804544_n.jpg\"><\/a> <a href=\"https:\/\/agora.xtec.cat\/escolademusicsijpc\/wp-content\/uploads\/usu459\/2019\/05\/60463613_2300630583543420_3888715994557841408_n.jpg\"><\/a> <a href=\"https:\/\/agora.xtec.cat\/escolademusicsijpc\/wp-content\/uploads\/usu459\/2019\/05\/60518017_2300630650210080_7862852725355053056_n.jpg\"><\/a><\/p>\n","protected":false},"author":3,"featured_media":7881,"comment_status":"open","ping_status":"closed","sticky":false,"template":"","format":"standard","meta":{"_bbp_topic_count":0,"_bbp_reply_count":0,"_bbp_total_topic_count":0,"_bbp_total_reply_count":0,"_bbp_voice_count":0,"_bbp_anonymous_reply_count":0,"_bbp_topic_count_hidden":0,"_bbp_reply_count_hidden":0,"_bbp_forum_subforum_count":0,"footnotes":""},"categories":[66,1,74,104],"tags":[],"class_list":["post-7879","post","type-post","status-publish","format-standard","has-post-thumbnail","hentry","category-corals","category-general","category-raval-simfonic","category-uncategorized"],"post_mailing_queue_ids":[],"_links":{"self":[{"href":"https:\/\/agora.xtec.cat\/escolademusicsijpc\/wp-json\/wp\/v2\/posts\/7879","targetHints":{"allow":["GET"]}}],"collection":[{"href":"https:\/\/agora.xtec.cat\/escolademusicsijpc\/wp-json\/wp\/v2\/posts"}],"about":[{"href":"https:\/\/agora.xtec.cat\/escolademusicsijpc\/wp-json\/wp\/v2\/types\/post"}],"author":[{"embeddable":true,"href":"https:\/\/agora.xtec.cat\/escolademusicsijpc\/wp-json\/wp\/v2\/users\/3"}],"replies":[{"embeddable":true,"href":"https:\/\/agora.xtec.cat\/escolademusicsijpc\/wp-json\/wp\/v2\/comments?post=7879"}],"version-history":[{"count":1,"href":"https:\/\/agora.xtec.cat\/escolademusicsijpc\/wp-json\/wp\/v2\/posts\/7879\/revisions"}],"predecessor-version":[{"id":7885,"href":"https:\/\/agora.xtec.cat\/escolademusicsijpc\/wp-json\/wp\/v2\/posts\/7879\/revisions\/7885"}],"wp:featuredmedia":[{"embeddable":true,"href":"https:\/\/agora.xtec.cat\/escolademusicsijpc\/wp-json\/wp\/v2\/media\/7881"}],"wp:attachment":[{"href":"https:\/\/agora.xtec.cat\/escolademusicsijpc\/wp-json\/wp\/v2\/media?parent=7879"}],"wp:term":[{"taxonomy":"category","embeddable":true,"href":"https:\/\/agora.xtec.cat\/escolademusicsijpc\/wp-json\/wp\/v2\/categories?post=7879"},{"taxonomy":"post_tag","embeddable":true,"href":"https:\/\/agora.xtec.cat\/escolademusicsijpc\/wp-json\/wp\/v2\/tags?post=7879"}],"curies":[{"name":"wp","href":"https:\/\/api.w.org\/{rel}","templated":true}]}}