{"id":7825,"date":"2019-05-09T17:32:00","date_gmt":"2019-05-09T15:32:00","guid":{"rendered":"http:\/\/agora.xtec.cat\/escolademusicsijpc\/?p=7825"},"modified":"2019-05-09T17:32:00","modified_gmt":"2019-05-09T15:32:00","slug":"concert-dalumnes-de-lescola","status":"publish","type":"post","link":"https:\/\/agora.xtec.cat\/escolademusicsijpc\/general\/concert-dalumnes-de-lescola\/","title":{"rendered":"Concert d&#8217;alumnes de l&#8217;escola"},"content":{"rendered":"<div>Els alumnes de piano, clarinet i violoncel, Judit Roca, Aina Roca, Laia Farr\u00e9s i Eduard Velasco ens oferiran un fabul\u00f3s concert, molt variat, amb obres de Bach, Beethoven, Rossini, Debussy, Granados, Alb\u00e9niz, Piazzolla, Morriconi o Williams.<\/div>\n<div>\n<ul>\n<li>Dilluns\u00a013 de maig de 2019<\/li>\n<li>A les 20h<\/li>\n<li>Centre Sant Pere Ap\u00f2stol.<\/li>\n<li>Carrer Sant Pere m\u00e9s Alt 25<\/li>\n<li>Entrada lliure<\/li>\n<\/ul>\n<p><a href=\"https:\/\/agora.xtec.cat\/escolademusicsijpc\/wp-content\/uploads\/usu459\/2019\/05\/sant-pere-mes-alt.gif\"><img loading=\"lazy\" decoding=\"async\" class=\"aligncenter wp-image-7826 size-full\" src=\"https:\/\/agora.xtec.cat\/escolademusicsijpc\/wp-content\/uploads\/usu459\/2019\/05\/sant-pere-mes-alt.gif\" alt=\"\" width=\"353\" height=\"500\" \/><\/a><\/p>\n<\/div>\n","protected":false},"excerpt":{"rendered":"<p>Els alumnes de piano, clarinet i violoncel, Judit Roca, Aina Roca, Laia Farr\u00e9s i Eduard Velasco ens oferiran un fabul\u00f3s concert, molt variat, amb obres de Bach, Beethoven, Rossini, Debussy, Granados, Alb\u00e9niz, Piazzolla, Morriconi o Williams.<\/p>\n<ul>\n<li>Dilluns\u00a013 de maig de 2019<\/li>\n<li>A les 20h<\/li>\n<li>Centre Sant Pere Ap\u00f2stol.<\/li>\n<li>Carrer&hellip;  <a href=\"https:\/\/agora.xtec.cat\/escolademusicsijpc\/general\/concert-dalumnes-de-lescola\/\" title=\"Read Concert d&#8217;alumnes de l&#8217;escola\">Llegeix m\u00e9s\u00bb<\/a><br \/>\n","protected":false},"author":3,"featured_media":7826,"comment_status":"open","ping_status":"closed","sticky":false,"template":"","format":"standard","meta":{"_bbp_topic_count":0,"_bbp_reply_count":0,"_bbp_total_topic_count":0,"_bbp_total_reply_count":0,"_bbp_voice_count":0,"_bbp_anonymous_reply_count":0,"_bbp_topic_count_hidden":0,"_bbp_reply_count_hidden":0,"_bbp_forum_subforum_count":0,"footnotes":""},"categories":[63,1,104],"tags":[],"class_list":["post-7825","post","type-post","status-publish","format-standard","has-post-thumbnail","hentry","category-concerts","category-general","category-uncategorized"],"post_mailing_queue_ids":[],"_links":{"self":[{"href":"https:\/\/agora.xtec.cat\/escolademusicsijpc\/wp-json\/wp\/v2\/posts\/7825","targetHints":{"allow":["GET"]}}],"collection":[{"href":"https:\/\/agora.xtec.cat\/escolademusicsijpc\/wp-json\/wp\/v2\/posts"}],"about":[{"href":"https:\/\/agora.xtec.cat\/escolademusicsijpc\/wp-json\/wp\/v2\/types\/post"}],"author":[{"embeddable":true,"href":"https:\/\/agora.xtec.cat\/escolademusicsijpc\/wp-json\/wp\/v2\/users\/3"}],"replies":[{"embeddable":true,"href":"https:\/\/agora.xtec.cat\/escolademusicsijpc\/wp-json\/wp\/v2\/comments?post=7825"}],"version-history":[{"count":1,"href":"https:\/\/agora.xtec.cat\/escolademusicsijpc\/wp-json\/wp\/v2\/posts\/7825\/revisions"}],"predecessor-version":[{"id":7827,"href":"https:\/\/agora.xtec.cat\/escolademusicsijpc\/wp-json\/wp\/v2\/posts\/7825\/revisions\/7827"}],"wp:featuredmedia":[{"embeddable":true,"href":"https:\/\/agora.xtec.cat\/escolademusicsijpc\/wp-json\/wp\/v2\/media\/7826"}],"wp:attachment":[{"href":"https:\/\/agora.xtec.cat\/escolademusicsijpc\/wp-json\/wp\/v2\/media?parent=7825"}],"wp:term":[{"taxonomy":"category","embeddable":true,"href":"https:\/\/agora.xtec.cat\/escolademusicsijpc\/wp-json\/wp\/v2\/categories?post=7825"},{"taxonomy":"post_tag","embeddable":true,"href":"https:\/\/agora.xtec.cat\/escolademusicsijpc\/wp-json\/wp\/v2\/tags?post=7825"}],"curies":[{"name":"wp","href":"https:\/\/api.w.org\/{rel}","templated":true}]}}