{"id":760,"date":"2010-04-17T19:00:19","date_gmt":"2010-04-17T18:00:19","guid":{"rendered":"http:\/\/lescolademusicsijpc.wordpress.com\/?p=760"},"modified":"2016-02-29T19:41:07","modified_gmt":"2016-02-29T18:41:07","slug":"els-cors-de-ciutat-vella-al-liceu","status":"publish","type":"post","link":"https:\/\/agora.xtec.cat\/escolademusicsijpc\/corals\/els-cors-de-ciutat-vella-al-liceu\/","title":{"rendered":"Els Cors de Ciutat Vella al Liceu"},"content":{"rendered":"<p><iframe loading=\"lazy\" src=\"https:\/\/www.youtube.com\/embed\/qwSLH3SKkMY\" width=\"420\" height=\"315\" frameborder=\"0\" allowfullscreen=\"allowfullscreen\"><\/iframe><br \/>\nGrups corals de gaireb\u00e9 tots els centres educatius p\u00fablics i concertats de Ciutat Vella de Barcelona, un total de 18 amb m\u00e9s de 600 nens\/es, van participar ahir en un concert al Liceu. La iniciativa s&#8217;inclou en els actes de celebraci\u00f3 del des\u00e8 aniversari de la reconstrucci\u00f3 de l&#8217;edifici despr\u00e9s de l&#8217;incendi que el va arrasar. Ha estat la primera vegada que els menors agrupats en la iniciativa Cors de Ciutat Vella, iniciada fa quatre anys dins del pla educatiu del Raval, han portat la seva m\u00fasica al coliseu oper\u00edstic.<\/p>\n<p>El concert en qu\u00e8 tamb\u00e9 va participar l&#8217;orquestra Raval Simf\u00f2nic, va tenir una primera part amb les corals reunides en cinc grups. A la segona, tots els nens\/es van pujar a l&#8217;escenari per interpretar conjuntament diverses can\u00e7ons.<\/p>\n<p>Aquest projecte d&#8217;educaci\u00f3 musical el finan\u00e7a el districte de Ciutat Vella. A m\u00e9s a m\u00e9s de l&#8217;activitat dels nens\/es, la iniciativa involucra tota la comunitat educativa, professors i pares, aix\u00ed com a les associacions, L&#8217;Escola de M\u00fasics i Xamfr\u00e0.<\/p>\n<p>EL PERI\u00d3DICO<\/p>\n","protected":false},"excerpt":{"rendered":"<p>Grups corals de gaireb\u00e9 tots els centres educatius p\u00fablics i concertats de Ciutat Vella de Barcelona, un total de 18 amb m\u00e9s de 600 nens\/es, van participar ahir en un concert al Liceu. La iniciativa s&#8217;inclou en els actes de celebraci\u00f3 del des\u00e8 aniversari de&hellip;  <a href=\"https:\/\/agora.xtec.cat\/escolademusicsijpc\/corals\/els-cors-de-ciutat-vella-al-liceu\/\" title=\"Read Els Cors de Ciutat Vella al Liceu\">Llegeix m\u00e9s\u00bb<\/a><\/p>\n","protected":false},"author":1,"featured_media":0,"comment_status":"open","ping_status":"open","sticky":false,"template":"","format":"standard","meta":{"_bbp_topic_count":0,"_bbp_reply_count":0,"_bbp_total_topic_count":0,"_bbp_total_reply_count":0,"_bbp_voice_count":0,"_bbp_anonymous_reply_count":0,"_bbp_topic_count_hidden":0,"_bbp_reply_count_hidden":0,"_bbp_forum_subforum_count":0,"footnotes":""},"categories":[66,74,104],"tags":[81,91],"class_list":["post-760","post","type-post","status-publish","format-standard","hentry","category-corals","category-raval-simfonic","category-uncategorized","tag-concert","tag-orquestra"],"post_mailing_queue_ids":[],"_links":{"self":[{"href":"https:\/\/agora.xtec.cat\/escolademusicsijpc\/wp-json\/wp\/v2\/posts\/760","targetHints":{"allow":["GET"]}}],"collection":[{"href":"https:\/\/agora.xtec.cat\/escolademusicsijpc\/wp-json\/wp\/v2\/posts"}],"about":[{"href":"https:\/\/agora.xtec.cat\/escolademusicsijpc\/wp-json\/wp\/v2\/types\/post"}],"author":[{"embeddable":true,"href":"https:\/\/agora.xtec.cat\/escolademusicsijpc\/wp-json\/wp\/v2\/users\/1"}],"replies":[{"embeddable":true,"href":"https:\/\/agora.xtec.cat\/escolademusicsijpc\/wp-json\/wp\/v2\/comments?post=760"}],"version-history":[{"count":2,"href":"https:\/\/agora.xtec.cat\/escolademusicsijpc\/wp-json\/wp\/v2\/posts\/760\/revisions"}],"predecessor-version":[{"id":5460,"href":"https:\/\/agora.xtec.cat\/escolademusicsijpc\/wp-json\/wp\/v2\/posts\/760\/revisions\/5460"}],"wp:attachment":[{"href":"https:\/\/agora.xtec.cat\/escolademusicsijpc\/wp-json\/wp\/v2\/media?parent=760"}],"wp:term":[{"taxonomy":"category","embeddable":true,"href":"https:\/\/agora.xtec.cat\/escolademusicsijpc\/wp-json\/wp\/v2\/categories?post=760"},{"taxonomy":"post_tag","embeddable":true,"href":"https:\/\/agora.xtec.cat\/escolademusicsijpc\/wp-json\/wp\/v2\/tags?post=760"}],"curies":[{"name":"wp","href":"https:\/\/api.w.org\/{rel}","templated":true}]}}