{"id":7534,"date":"2019-03-21T16:37:08","date_gmt":"2019-03-21T15:37:08","guid":{"rendered":"http:\/\/agora.xtec.cat\/escolademusicsijpc\/?p=7534"},"modified":"2019-03-21T16:37:08","modified_gmt":"2019-03-21T15:37:08","slug":"roda-dinstruments-7","status":"publish","type":"post","link":"https:\/\/agora.xtec.cat\/escolademusicsijpc\/general\/roda-dinstruments-7\/","title":{"rendered":"Roda d&#8217;instruments"},"content":{"rendered":"<p>El dissabte 16 de mar\u00e7 vam obrir les portes de l&#8217;escola perqu\u00e8 molts nens i nenes coneguessin i interactuessin amb diferents instruments musicals, ajudats pels professors de L&#8217;Escola de M\u00fasics, de manera que poguessin escollir el que m\u00e9s els hi agrad\u00e9s.<\/p>\n<p><a href=\"https:\/\/agora.xtec.cat\/escolademusicsijpc\/wp-content\/uploads\/usu459\/2019\/03\/54258235_2264674397139039_540433119220596736_n.jpg\"><img loading=\"lazy\" decoding=\"async\" class=\"size-medium wp-image-7535 alignleft\" src=\"https:\/\/agora.xtec.cat\/escolademusicsijpc\/wp-content\/uploads\/usu459\/2019\/03\/54258235_2264674397139039_540433119220596736_n-300x177.jpg\" alt=\"\" width=\"300\" height=\"177\" srcset=\"https:\/\/agora.xtec.cat\/escolademusicsijpc\/wp-content\/uploads\/usu459\/2019\/03\/54258235_2264674397139039_540433119220596736_n-300x177.jpg 300w, https:\/\/agora.xtec.cat\/escolademusicsijpc\/wp-content\/uploads\/usu459\/2019\/03\/54258235_2264674397139039_540433119220596736_n-768x453.jpg 768w, https:\/\/agora.xtec.cat\/escolademusicsijpc\/wp-content\/uploads\/usu459\/2019\/03\/54258235_2264674397139039_540433119220596736_n.jpg 960w\" sizes=\"auto, (max-width: 300px) 100vw, 300px\" \/><\/a> <a href=\"https:\/\/agora.xtec.cat\/escolademusicsijpc\/wp-content\/uploads\/usu459\/2019\/03\/54364724_2264674380472374_2815581796761075712_n.jpg\"><img loading=\"lazy\" decoding=\"async\" class=\"size-medium wp-image-7536 alignleft\" src=\"https:\/\/agora.xtec.cat\/escolademusicsijpc\/wp-content\/uploads\/usu459\/2019\/03\/54364724_2264674380472374_2815581796761075712_n-300x177.jpg\" alt=\"\" width=\"300\" height=\"177\" srcset=\"https:\/\/agora.xtec.cat\/escolademusicsijpc\/wp-content\/uploads\/usu459\/2019\/03\/54364724_2264674380472374_2815581796761075712_n-300x177.jpg 300w, https:\/\/agora.xtec.cat\/escolademusicsijpc\/wp-content\/uploads\/usu459\/2019\/03\/54364724_2264674380472374_2815581796761075712_n-768x453.jpg 768w, https:\/\/agora.xtec.cat\/escolademusicsijpc\/wp-content\/uploads\/usu459\/2019\/03\/54364724_2264674380472374_2815581796761075712_n.jpg 960w\" sizes=\"auto, (max-width: 300px) 100vw, 300px\" \/><\/a> <a href=\"https:\/\/agora.xtec.cat\/escolademusicsijpc\/wp-content\/uploads\/usu459\/2019\/03\/54519066_2264674467139032_2541939057986895872_n.jpg\"><img loading=\"lazy\" decoding=\"async\" class=\"size-medium wp-image-7537 alignleft\" src=\"https:\/\/agora.xtec.cat\/escolademusicsijpc\/wp-content\/uploads\/usu459\/2019\/03\/54519066_2264674467139032_2541939057986895872_n-300x177.jpg\" alt=\"\" width=\"300\" height=\"177\" srcset=\"https:\/\/agora.xtec.cat\/escolademusicsijpc\/wp-content\/uploads\/usu459\/2019\/03\/54519066_2264674467139032_2541939057986895872_n-300x177.jpg 300w, https:\/\/agora.xtec.cat\/escolademusicsijpc\/wp-content\/uploads\/usu459\/2019\/03\/54519066_2264674467139032_2541939057986895872_n-768x453.jpg 768w, https:\/\/agora.xtec.cat\/escolademusicsijpc\/wp-content\/uploads\/usu459\/2019\/03\/54519066_2264674467139032_2541939057986895872_n.jpg 960w\" sizes=\"auto, (max-width: 300px) 100vw, 300px\" \/><\/a> <a href=\"https:\/\/agora.xtec.cat\/escolademusicsijpc\/wp-content\/uploads\/usu459\/2019\/03\/54520860_2264674387139040_7867657101542162432_n.jpg\"><img loading=\"lazy\" decoding=\"async\" class=\"size-medium wp-image-7538 alignleft\" src=\"https:\/\/agora.xtec.cat\/escolademusicsijpc\/wp-content\/uploads\/usu459\/2019\/03\/54520860_2264674387139040_7867657101542162432_n-300x177.jpg\" alt=\"\" width=\"300\" height=\"177\" srcset=\"https:\/\/agora.xtec.cat\/escolademusicsijpc\/wp-content\/uploads\/usu459\/2019\/03\/54520860_2264674387139040_7867657101542162432_n-300x177.jpg 300w, https:\/\/agora.xtec.cat\/escolademusicsijpc\/wp-content\/uploads\/usu459\/2019\/03\/54520860_2264674387139040_7867657101542162432_n-768x453.jpg 768w, https:\/\/agora.xtec.cat\/escolademusicsijpc\/wp-content\/uploads\/usu459\/2019\/03\/54520860_2264674387139040_7867657101542162432_n.jpg 960w\" sizes=\"auto, (max-width: 300px) 100vw, 300px\" \/><\/a><\/p>\n","protected":false},"excerpt":{"rendered":"<p>El dissabte 16 de mar\u00e7 vam obrir les portes de l&#8217;escola perqu\u00e8 molts nens i nenes coneguessin i interactuessin amb diferents instruments musicals, ajudats pels professors de L&#8217;Escola de M\u00fasics, de manera que poguessin escollir el que m\u00e9s els hi agrad\u00e9s.<br \/>\n<a href=\"https:\/\/agora.xtec.cat\/escolademusicsijpc\/wp-content\/uploads\/usu459\/2019\/03\/54258235_2264674397139039_540433119220596736_n.jpg\"><\/a> <a href=\"https:\/\/agora.xtec.cat\/escolademusicsijpc\/wp-content\/uploads\/usu459\/2019\/03\/54364724_2264674380472374_2815581796761075712_n.jpg\"><\/a> <a&hellip;  <a href=\"https:\/\/agora.xtec.cat\/escolademusicsijpc\/general\/roda-dinstruments-7\/\" title=\"Read Roda d&#8217;instruments\">Llegeix m\u00e9s\u00bb<\/a><\/p>\n","protected":false},"author":3,"featured_media":7537,"comment_status":"open","ping_status":"closed","sticky":false,"template":"","format":"standard","meta":{"_bbp_topic_count":0,"_bbp_reply_count":0,"_bbp_total_topic_count":0,"_bbp_total_reply_count":0,"_bbp_voice_count":0,"_bbp_anonymous_reply_count":0,"_bbp_topic_count_hidden":0,"_bbp_reply_count_hidden":0,"_bbp_forum_subforum_count":0,"footnotes":""},"categories":[1,69,104],"tags":[],"class_list":["post-7534","post","type-post","status-publish","format-standard","has-post-thumbnail","hentry","category-general","category-master-classes","category-uncategorized"],"post_mailing_queue_ids":[],"_links":{"self":[{"href":"https:\/\/agora.xtec.cat\/escolademusicsijpc\/wp-json\/wp\/v2\/posts\/7534","targetHints":{"allow":["GET"]}}],"collection":[{"href":"https:\/\/agora.xtec.cat\/escolademusicsijpc\/wp-json\/wp\/v2\/posts"}],"about":[{"href":"https:\/\/agora.xtec.cat\/escolademusicsijpc\/wp-json\/wp\/v2\/types\/post"}],"author":[{"embeddable":true,"href":"https:\/\/agora.xtec.cat\/escolademusicsijpc\/wp-json\/wp\/v2\/users\/3"}],"replies":[{"embeddable":true,"href":"https:\/\/agora.xtec.cat\/escolademusicsijpc\/wp-json\/wp\/v2\/comments?post=7534"}],"version-history":[{"count":1,"href":"https:\/\/agora.xtec.cat\/escolademusicsijpc\/wp-json\/wp\/v2\/posts\/7534\/revisions"}],"predecessor-version":[{"id":7539,"href":"https:\/\/agora.xtec.cat\/escolademusicsijpc\/wp-json\/wp\/v2\/posts\/7534\/revisions\/7539"}],"wp:featuredmedia":[{"embeddable":true,"href":"https:\/\/agora.xtec.cat\/escolademusicsijpc\/wp-json\/wp\/v2\/media\/7537"}],"wp:attachment":[{"href":"https:\/\/agora.xtec.cat\/escolademusicsijpc\/wp-json\/wp\/v2\/media?parent=7534"}],"wp:term":[{"taxonomy":"category","embeddable":true,"href":"https:\/\/agora.xtec.cat\/escolademusicsijpc\/wp-json\/wp\/v2\/categories?post=7534"},{"taxonomy":"post_tag","embeddable":true,"href":"https:\/\/agora.xtec.cat\/escolademusicsijpc\/wp-json\/wp\/v2\/tags?post=7534"}],"curies":[{"name":"wp","href":"https:\/\/api.w.org\/{rel}","templated":true}]}}