{"id":7480,"date":"2019-03-18T17:48:55","date_gmt":"2019-03-18T16:48:55","guid":{"rendered":"http:\/\/agora.xtec.cat\/escolademusicsijpc\/?p=7480"},"modified":"2019-03-18T17:48:55","modified_gmt":"2019-03-18T16:48:55","slug":"65e-concurs-maria-canals-i-pianos-al-carrer","status":"publish","type":"post","link":"https:\/\/agora.xtec.cat\/escolademusicsijpc\/general\/65e-concurs-maria-canals-i-pianos-al-carrer\/","title":{"rendered":"65\u00e8 Concurs Maria Canals i Pianos al Carrer"},"content":{"rendered":"<p>\u201cEls pianistes surten al carrer gr\u00e0cies al 65\u00e8 concurs del Maria Canals\u201d<\/p>\n<p>De nou sortirem al carrer a passejar els nostres dits pels pianos de cua. Una ocasi\u00f3 en la qual tamb\u00e9 hi estan convidats tots els duos i trios de l&#8217;escola. Apunta&#8217;t. Som m\u00fasica i Farem m\u00fasica!<\/p>\n<p>Tot aix\u00f2 ser\u00e0 el pr\u00f2xim dissabte 23 de mar\u00e7 de 2019 de 12h a 14h al Passeig de gr\u00e0cia n\u00ba6 (davant la botiga d&#8217;Armani).<br \/>\nActivitat gratu\u00efta.<\/p>\n<p><a href=\"https:\/\/agora.xtec.cat\/escolademusicsijpc\/wp-content\/uploads\/usu459\/2019\/03\/maria-canals.gif\"><img loading=\"lazy\" decoding=\"async\" class=\"size-medium wp-image-7481 aligncenter\" src=\"https:\/\/agora.xtec.cat\/escolademusicsijpc\/wp-content\/uploads\/usu459\/2019\/03\/maria-canals-212x300.gif\" alt=\"\" width=\"212\" height=\"300\" \/><\/a><\/p>\n","protected":false},"excerpt":{"rendered":"<p>\u201cEls pianistes surten al carrer gr\u00e0cies al 65\u00e8 concurs del Maria Canals\u201d<br \/>\nDe nou sortirem al carrer a passejar els nostres dits pels pianos de cua. Una ocasi\u00f3 en la qual tamb\u00e9 hi estan convidats tots els duos i trios de l&#8217;escola. Apunta&#8217;t. Som m\u00fasica i&hellip;  <a href=\"https:\/\/agora.xtec.cat\/escolademusicsijpc\/general\/65e-concurs-maria-canals-i-pianos-al-carrer\/\" title=\"Read 65\u00e8 Concurs Maria Canals i Pianos al Carrer\">Llegeix m\u00e9s\u00bb<\/a><\/p>\n","protected":false},"author":3,"featured_media":7481,"comment_status":"open","ping_status":"closed","sticky":false,"template":"","format":"standard","meta":{"_bbp_topic_count":0,"_bbp_reply_count":0,"_bbp_total_topic_count":0,"_bbp_total_reply_count":0,"_bbp_voice_count":0,"_bbp_anonymous_reply_count":0,"_bbp_topic_count_hidden":0,"_bbp_reply_count_hidden":0,"_bbp_forum_subforum_count":0,"footnotes":""},"categories":[63,1,104],"tags":[],"class_list":["post-7480","post","type-post","status-publish","format-standard","has-post-thumbnail","hentry","category-concerts","category-general","category-uncategorized"],"post_mailing_queue_ids":[],"_links":{"self":[{"href":"https:\/\/agora.xtec.cat\/escolademusicsijpc\/wp-json\/wp\/v2\/posts\/7480","targetHints":{"allow":["GET"]}}],"collection":[{"href":"https:\/\/agora.xtec.cat\/escolademusicsijpc\/wp-json\/wp\/v2\/posts"}],"about":[{"href":"https:\/\/agora.xtec.cat\/escolademusicsijpc\/wp-json\/wp\/v2\/types\/post"}],"author":[{"embeddable":true,"href":"https:\/\/agora.xtec.cat\/escolademusicsijpc\/wp-json\/wp\/v2\/users\/3"}],"replies":[{"embeddable":true,"href":"https:\/\/agora.xtec.cat\/escolademusicsijpc\/wp-json\/wp\/v2\/comments?post=7480"}],"version-history":[{"count":1,"href":"https:\/\/agora.xtec.cat\/escolademusicsijpc\/wp-json\/wp\/v2\/posts\/7480\/revisions"}],"predecessor-version":[{"id":7482,"href":"https:\/\/agora.xtec.cat\/escolademusicsijpc\/wp-json\/wp\/v2\/posts\/7480\/revisions\/7482"}],"wp:featuredmedia":[{"embeddable":true,"href":"https:\/\/agora.xtec.cat\/escolademusicsijpc\/wp-json\/wp\/v2\/media\/7481"}],"wp:attachment":[{"href":"https:\/\/agora.xtec.cat\/escolademusicsijpc\/wp-json\/wp\/v2\/media?parent=7480"}],"wp:term":[{"taxonomy":"category","embeddable":true,"href":"https:\/\/agora.xtec.cat\/escolademusicsijpc\/wp-json\/wp\/v2\/categories?post=7480"},{"taxonomy":"post_tag","embeddable":true,"href":"https:\/\/agora.xtec.cat\/escolademusicsijpc\/wp-json\/wp\/v2\/tags?post=7480"}],"curies":[{"name":"wp","href":"https:\/\/api.w.org\/{rel}","templated":true}]}}