{"id":748,"date":"2010-04-20T17:19:02","date_gmt":"2010-04-20T16:19:02","guid":{"rendered":"http:\/\/lescolademusicsijpc.wordpress.com\/?p=748"},"modified":"2016-01-28T18:43:02","modified_gmt":"2016-01-28T17:43:02","slug":"primera-trobada-de-combos-latin-a-barcelona","status":"publish","type":"post","link":"https:\/\/agora.xtec.cat\/escolademusicsijpc\/grups\/combos\/primera-trobada-de-combos-latin-a-barcelona\/","title":{"rendered":"Primera Trobada de Combos Latin a Barcelona"},"content":{"rendered":"<p><img loading=\"lazy\" decoding=\"async\" class=\" size-thumbnail wp-image-749 alignright\" title=\"combo latin\" src=\"http:\/\/agora.xtec.cat\/escolademusicsijpc\/wp-content\/uploads\/usu459\/2010\/04\/combos_high_fotocopias-1.gif?w=105\" alt=\"\" width=\"105\" height=\"150\" \/>La m\u00fasica llatina, la salsa, o el son cubano ja fa anys que s\u2019est\u00e0 tocant al nostre pa\u00eds, fruit de la relaci\u00f3 entre<br \/>\nm\u00fasics llatins i m\u00fasics d\u2019aqu\u00ed que han aprofundit en ella.<br \/>\nFins fa ben poc, aquest tipus de m\u00fasica s\u2019aprenia a<br \/>\ntocar de forma individual i\/o de forma autodidacte. Si la<br \/>\nm\u00fasica cl\u00e0ssica i el jazz ja fa temps que s\u2019ensenyen a les escoles seguint una metodologia, perqu\u00e8 no fer el mateix amb la m\u00fasica llatina?<br \/>\nEl Taller de M\u00fasics fa vuit anys que ho est\u00e0 fent, amb un \u00e0rea ben coordinada i, enguany s\u2019han afegit tamb\u00e9 L\u2019Escola de M\u00fasics i JPC (del Raval) i l\u2019Escola Municipal de M\u00fasica i Dansa de Sta. Perpetua de Mogoda.<br \/>\nL\u2019objectiu d\u2019aquesta PRIMERA TROBADA DE COMBOS LATIN \u00e9s sortir de l\u2019aula per tal que professors i alumnes participin i comparteixin d\u2019aquesta experi\u00e8ncia, fent del que habitualment \u00e9s un estudi una festa participativa per gaudir tothom.<br \/>\nL\u2019acte es realitzar\u00e0 a l\u2019auditori de Les Basses, en el marc de la seva programaci\u00f3 que promou la creaci\u00f3 musical dels joves.<\/p>\n<p>COMBO LATIN DE L\u2019ESCOLA DE M\u00daSICS I JPC<br \/>\nClara Valdasquin_veu, Victor Oll\u00e9_piano i clarinet, Jordi Partal_saxo alt i saxo sopr\u00e0, Pau Domingo_piano i tromb\u00f3, Mart\u00ed Ubach_baix, Roger Mart\u00ednez_pailes, congues i coros, Bernat Bas_pailes i congues, Alex Ventura_direcci\u00f3, g\u00fciro i coros.<\/p>\n<ul>\n<li>divendres 23 abril 2010 a les 19.30h al Centre Civic Les Basses C\/Teide, 20 Entrada Lliure<\/li>\n<\/ul>\n","protected":false},"excerpt":{"rendered":"<p>La m\u00fasica llatina, la salsa, o el son cubano ja fa anys que s\u2019est\u00e0 tocant al nostre pa\u00eds, fruit de la relaci\u00f3 entre<br \/>\nm\u00fasics llatins i m\u00fasics d\u2019aqu\u00ed que han aprofundit en ella.<br \/>\nFins fa ben poc, aquest tipus de m\u00fasica s\u2019aprenia a<br \/>\ntocar de forma individual i\/o&hellip;  <a href=\"https:\/\/agora.xtec.cat\/escolademusicsijpc\/grups\/combos\/primera-trobada-de-combos-latin-a-barcelona\/\" title=\"Read Primera Trobada de Combos Latin a Barcelona\">Llegeix m\u00e9s\u00bb<\/a><\/p>\n","protected":false},"author":1,"featured_media":749,"comment_status":"open","ping_status":"open","sticky":false,"template":"","format":"standard","meta":{"_bbp_topic_count":0,"_bbp_reply_count":0,"_bbp_total_topic_count":0,"_bbp_total_reply_count":0,"_bbp_voice_count":0,"_bbp_anonymous_reply_count":0,"_bbp_topic_count_hidden":0,"_bbp_reply_count_hidden":0,"_bbp_forum_subforum_count":0,"footnotes":""},"categories":[62],"tags":[80],"class_list":["post-748","post","type-post","status-publish","format-standard","has-post-thumbnail","hentry","category-combos","tag-combos"],"post_mailing_queue_ids":[],"_links":{"self":[{"href":"https:\/\/agora.xtec.cat\/escolademusicsijpc\/wp-json\/wp\/v2\/posts\/748","targetHints":{"allow":["GET"]}}],"collection":[{"href":"https:\/\/agora.xtec.cat\/escolademusicsijpc\/wp-json\/wp\/v2\/posts"}],"about":[{"href":"https:\/\/agora.xtec.cat\/escolademusicsijpc\/wp-json\/wp\/v2\/types\/post"}],"author":[{"embeddable":true,"href":"https:\/\/agora.xtec.cat\/escolademusicsijpc\/wp-json\/wp\/v2\/users\/1"}],"replies":[{"embeddable":true,"href":"https:\/\/agora.xtec.cat\/escolademusicsijpc\/wp-json\/wp\/v2\/comments?post=748"}],"version-history":[{"count":3,"href":"https:\/\/agora.xtec.cat\/escolademusicsijpc\/wp-json\/wp\/v2\/posts\/748\/revisions"}],"predecessor-version":[{"id":4832,"href":"https:\/\/agora.xtec.cat\/escolademusicsijpc\/wp-json\/wp\/v2\/posts\/748\/revisions\/4832"}],"wp:featuredmedia":[{"embeddable":true,"href":"https:\/\/agora.xtec.cat\/escolademusicsijpc\/wp-json\/wp\/v2\/media\/749"}],"wp:attachment":[{"href":"https:\/\/agora.xtec.cat\/escolademusicsijpc\/wp-json\/wp\/v2\/media?parent=748"}],"wp:term":[{"taxonomy":"category","embeddable":true,"href":"https:\/\/agora.xtec.cat\/escolademusicsijpc\/wp-json\/wp\/v2\/categories?post=748"},{"taxonomy":"post_tag","embeddable":true,"href":"https:\/\/agora.xtec.cat\/escolademusicsijpc\/wp-json\/wp\/v2\/tags?post=748"}],"curies":[{"name":"wp","href":"https:\/\/api.w.org\/{rel}","templated":true}]}}