{"id":7477,"date":"2019-03-18T17:31:10","date_gmt":"2019-03-18T16:31:10","guid":{"rendered":"http:\/\/agora.xtec.cat\/escolademusicsijpc\/?p=7477"},"modified":"2019-03-18T17:31:10","modified_gmt":"2019-03-18T16:31:10","slug":"preinscripcio-curs-2019-20","status":"publish","type":"post","link":"https:\/\/agora.xtec.cat\/escolademusicsijpc\/general\/preinscripcio-curs-2019-20\/","title":{"rendered":"Preinscripci\u00f3 curs 2019-20"},"content":{"rendered":"<p><a href=\"https:\/\/agora.xtec.cat\/escolademusicsijpc\/wp-content\/uploads\/usu459\/2019\/03\/preinscripcions.gif\"><img loading=\"lazy\" decoding=\"async\" class=\"size-medium wp-image-7478 aligncenter\" src=\"https:\/\/agora.xtec.cat\/escolademusicsijpc\/wp-content\/uploads\/usu459\/2019\/03\/preinscripcions-212x300.gif\" alt=\"\" width=\"212\" height=\"300\" \/><\/a><\/p>\n<p style=\"text-align: center;\"><strong><u>MATRICULACI\u00d3 CURS 2019-2<\/u><\/strong><strong><u>0<\/u><\/strong><\/p>\n<p>Benvolguts alumnes, mares i pares de l\u2019Escola de M\u00fasics i JPC.<\/p>\n<p>Us comuniquem que a partir del 25 de mar\u00e7 ja podreu fer la\u00a0<strong><u>preinscripci\u00f3\u00a0per al curs 2019-20<\/u><\/strong><\/p>\n<p>Us fem arribar la normativa, dies i horaris de\u00a0preinscripci\u00f3\u00a0i matriculaci\u00f3, consulteu l\u2019oferta educativa<\/p>\n<p><strong><u>Criteris a l\u2019hora de fer els horaris:<\/u><\/strong><\/p>\n<p>1. Tindran prefer\u00e8ncia els alumnes que facin el programa oficial.<\/p>\n<p><strong>\u00a0 \u00a0 \u00a0 a.Classes Grupals: <\/strong>Tindran prefer\u00e8ncia tots aquells antics alumnes que es preinscriguin en el programa oficial i\u00a0<strong>es tancaran els grups per estricte ordre d\u2019arribada.<\/strong><\/p>\n<p><strong>\u00a0 \u00a0 \u00a0 b.Classes individuals<\/strong>: Tindran prefer\u00e8ncia tots aquells antics alumnes que es preinscriguin en el programa oficial i\u00a0<strong>els horaris es confeccionaran segons l\u2019edat de cada alumne<\/strong>(els petits m\u00e9s aviat i els grans m\u00e9s tard).<\/p>\n<p>2. Tindran prefer\u00e8ncia hor\u00e0ria tots aquells alumnes que es matriculin abans del 5 d\u2019abril.<\/p>\n<p>3. Germans.<\/p>\n<p>4. Antiguitat a l\u2019escola.<\/p>\n<h3 style=\"text-align: center;\"><strong><u>Preinscripci\u00f3 curs 2019-20<\/u><\/strong><\/h3>\n<p>Els alumnes que tinguin mensualitats pendents de pagament hauran d\u2019abonar-les abans de fer la\u00a0preinscripci\u00f3.<\/p>\n<h3 style=\"text-align: center;\"><strong><u>Preus\u00a0preinscripci\u00f3 per alumn<\/u><\/strong><strong><u>e <\/u><\/strong><\/h3>\n<table width=\"666\">\n<tbody>\n<tr>\n<td width=\"234\">\n<p style=\"text-align: center;\"><strong>Programa oficial\u00a0\u00a0\u00a0\u00a0 <\/strong><\/p>\n<p style=\"text-align: center;\"><strong>(No s\u2019inclou Ravals, Musicals Choir, Batucada junior, cors externs)<\/strong><\/p>\n<\/td>\n<td width=\"230\">\n<p style=\"text-align: center;\"><strong>Programa lliure<\/strong><\/p>\n<p style=\"text-align: center;\"><strong>(amb alguna assignatura grupal)<\/strong><\/p>\n<\/td>\n<td width=\"202\">\n<p style=\"text-align: center;\"><strong>Programa lliure<\/strong><\/p>\n<p style=\"text-align: center;\"><strong>( sense assignatura grupal)<\/strong><\/p>\n<\/td>\n<\/tr>\n<tr>\n<td width=\"234\">\n<p style=\"text-align: center;\"><strong>60\u20ac<\/strong><\/p>\n<\/td>\n<td width=\"230\">\n<p style=\"text-align: center;\"><strong>70\u20ac<\/strong><\/p>\n<\/td>\n<td width=\"202\">\n<p style=\"text-align: center;\"><strong>90\u20ac<\/strong><\/p>\n<\/td>\n<\/tr>\n<\/tbody>\n<\/table>\n<p><strong>\u00a0<\/strong><strong>50% Descompte als familiars directes.<\/strong><\/p>\n<h3><strong><u>Descomptes\u00a0preinscripci\u00f3\u00a0del 25 de mar\u00e7 a 5 d\u2019abril<\/u><\/strong><\/h3>\n<p><strong>\u00a0 60%\u00a0&#8211;\u00a0Alumnes que estan cursant\u00a0 programa oficial.<\/strong><\/p>\n<p><strong>\u00a0 30% &#8211; Alumnes del programa lliure (amb assignatura de grup)<\/strong><\/p>\n<p><strong>\u00a0 <\/strong><strong>20%\u00a0&#8211;\u00a0Alumnes del programa lliure (sense assignatura de grup)<\/strong><\/p>\n<h3><strong>Confirmaci\u00f3 d\u2019horaris i matriculaci\u00f3:<\/strong><\/h3>\n<p><strong>20 de maig:<\/strong>\u00a0alumnes preinscrits en el programa oficial.<\/p>\n<p><strong>27 de maig:<\/strong>\u00a0alumnes preinscrits en el programa lliure.<\/p>\n<h3><strong><u>El canvi de qualsevol programa a un d\u2019inferior despr\u00e9s de fer la preinscripci\u00f3, tindr\u00e0 un cost 30\u20ac<\/u><\/strong><\/h3>\n<p><strong>Tots aquells alumnes que no confirmin els horaris de la\u00a0preinscripci\u00f3\u00a0i no signin la matr\u00edcula en el termini marcat, perdran els horaris assignats. L\u2019escola disposar\u00e0 d\u2019aquests horaris per fer canvis o per preinscriure nous alumnes.<\/strong><\/p>\n<p><strong>Horaris de secretaria<\/strong><\/p>\n<table width=\"567\">\n<tbody>\n<tr>\n<td width=\"302\">Matins:<\/p>\n<p>de dilluns a divendres de 10 a 14h<\/p>\n<p>C\/ Carme 15-17<\/p>\n<p>Tel: 93 301 07 18<\/td>\n<td width=\"265\">Tardes:<\/p>\n<p>de dilluns a divendres de 16 a 21 h<\/p>\n<p>C\/ Riera Alta 10, 43 i C\/ Carme 15-17<\/p>\n<p>Tel: 93 441 00 31<\/td>\n<\/tr>\n<\/tbody>\n<\/table>\n<p>L\u2019Escola aconsella seguir la programaci\u00f3 oficial que us adjuntem a continuaci\u00f3, i que s\u2019acreditar\u00e0 amb els seg\u00fcents diplomes:<\/p>\n<p><strong><u>Diploma acreditatiu de nivell elemental<\/u><\/strong><\/p>\n<p>Assignatures m\u00ednimes que s\u2019han de cursar per l\u2019obtenci\u00f3 del diploma:<\/p>\n<p>6 cursos d\u2019instrument<\/p>\n<p>6 cursos de llenguatge musical<\/p>\n<p>4 cursos: de grup instrumental o d\u2019orquestra.<\/p>\n<p><strong><u>Diploma acreditatiu de nivell professional (mitj\u00e0)<\/u><\/strong><\/p>\n<p>Assignatures m\u00ednimes que s\u2019han de cursar per l\u2019obtenci\u00f3 del diploma:<\/p>\n<p>6 cursos d\u2019instrument<\/p>\n<p>4 cursos de Llenguatge musical + 4 cursos d&#8217;harmonia<\/p>\n<p>2 cursos de dictat i harmonia aplicada a l\u2019an\u00e0lisi, l\u2019audici\u00f3 i la hist\u00f2ria de la m\u00fasica,\u00a0\u00a0 o d\u2019arranjaments i harmonia moderna<\/p>\n<p>6 cursos de cant coral, grup instrumental o orquestra.<\/p>\n<p>6 cursos de segon instrument<\/p>\n<p><strong>Volem remarcar que aquesta programaci\u00f3 no \u00e9s obligat\u00f2ria. Malgrat tot, l\u2019escola considera que \u00e9s la millor opci\u00f3\u00a0 per aprendre b\u00e9 la m\u00fasica i tenir un bon nivell, si en el futur es vol cursar estudis superiors de m\u00fasica.<\/strong><\/p>\n<p>L\u2019Escola d\u00f3na l\u2019opci\u00f3 de seguir el projecte curricular per mitj\u00e0 d\u2019un programa lliure.<\/p>\n<p>L\u2019Escola es caracteritza per la seva flexibilitat, adaptant al m\u00e0xim possible la seva<\/p>\n<p>programaci\u00f3 curricular a les caracter\u00edstiques i necessitats particulars de cada alumne.<\/p>\n<p>Si teniu dubtes de com fer la\u00a0preinscripci\u00f3\u00a0o de quines assignatures matricular-vos, us podeu posar en contacte amb el professor\/a d\u2019instrument (tutor), amb secretaria o concretar una reuni\u00f3 individual amb direcci\u00f3. Tamb\u00e9 us adjuntem un dossier, on trobareu informaci\u00f3 de l\u2019Escola (ideari, programaci\u00f3, assignatures, professorat, activitats i d&#8217;altres).<\/p>\n<p>Per a qualsevol dubte, ens podeu trobar en els horaris habituals de secretaria:<\/p>\n<p>C\/ Carme 15-17<\/p>\n<p>Matins: de dilluns a divendres de 10 a 14 h<\/p>\n<p>Tardes: de dilluns a divendres de 16 a 21h<\/p>\n<p>Dissabte: de 9 a 14h<\/p>\n<p>Tel: 93 301 07 18<\/p>\n<p>&nbsp;<\/p>\n<p>C\/ Riera Alta 10 i 43<\/p>\n<p>Tardes: de dilluns a divendres\u00a0 de 16 a 21 h<\/p>\n<p>Tel: 93 441 00 31<\/p>\n","protected":false},"excerpt":{"rendered":"<p><a href=\"https:\/\/agora.xtec.cat\/escolademusicsijpc\/wp-content\/uploads\/usu459\/2019\/03\/preinscripcions.gif\"><\/a><br \/>\nMATRICULACI\u00d3 CURS 2019-20<br \/>\nBenvolguts alumnes, mares i pares de l\u2019Escola de M\u00fasics i JPC.<br \/>\nUs comuniquem que a partir del 25 de mar\u00e7 ja podreu fer la\u00a0preinscripci\u00f3\u00a0per al curs 2019-20<br \/>\nUs fem arribar la normativa, dies i horaris de\u00a0preinscripci\u00f3\u00a0i matriculaci\u00f3, consulteu l\u2019oferta educativa<br \/>\nCriteris a l\u2019hora de fer&hellip;  <a href=\"https:\/\/agora.xtec.cat\/escolademusicsijpc\/general\/preinscripcio-curs-2019-20\/\" title=\"Read Preinscripci\u00f3 curs 2019-20\">Llegeix m\u00e9s\u00bb<\/a><\/p>\n","protected":false},"author":3,"featured_media":7478,"comment_status":"open","ping_status":"closed","sticky":false,"template":"","format":"standard","meta":{"_bbp_topic_count":0,"_bbp_reply_count":0,"_bbp_total_topic_count":0,"_bbp_total_reply_count":0,"_bbp_voice_count":0,"_bbp_anonymous_reply_count":0,"_bbp_topic_count_hidden":0,"_bbp_reply_count_hidden":0,"_bbp_forum_subforum_count":0,"footnotes":""},"categories":[1,104],"tags":[],"class_list":["post-7477","post","type-post","status-publish","format-standard","has-post-thumbnail","hentry","category-general","category-uncategorized"],"post_mailing_queue_ids":[],"_links":{"self":[{"href":"https:\/\/agora.xtec.cat\/escolademusicsijpc\/wp-json\/wp\/v2\/posts\/7477","targetHints":{"allow":["GET"]}}],"collection":[{"href":"https:\/\/agora.xtec.cat\/escolademusicsijpc\/wp-json\/wp\/v2\/posts"}],"about":[{"href":"https:\/\/agora.xtec.cat\/escolademusicsijpc\/wp-json\/wp\/v2\/types\/post"}],"author":[{"embeddable":true,"href":"https:\/\/agora.xtec.cat\/escolademusicsijpc\/wp-json\/wp\/v2\/users\/3"}],"replies":[{"embeddable":true,"href":"https:\/\/agora.xtec.cat\/escolademusicsijpc\/wp-json\/wp\/v2\/comments?post=7477"}],"version-history":[{"count":1,"href":"https:\/\/agora.xtec.cat\/escolademusicsijpc\/wp-json\/wp\/v2\/posts\/7477\/revisions"}],"predecessor-version":[{"id":7479,"href":"https:\/\/agora.xtec.cat\/escolademusicsijpc\/wp-json\/wp\/v2\/posts\/7477\/revisions\/7479"}],"wp:featuredmedia":[{"embeddable":true,"href":"https:\/\/agora.xtec.cat\/escolademusicsijpc\/wp-json\/wp\/v2\/media\/7478"}],"wp:attachment":[{"href":"https:\/\/agora.xtec.cat\/escolademusicsijpc\/wp-json\/wp\/v2\/media?parent=7477"}],"wp:term":[{"taxonomy":"category","embeddable":true,"href":"https:\/\/agora.xtec.cat\/escolademusicsijpc\/wp-json\/wp\/v2\/categories?post=7477"},{"taxonomy":"post_tag","embeddable":true,"href":"https:\/\/agora.xtec.cat\/escolademusicsijpc\/wp-json\/wp\/v2\/tags?post=7477"}],"curies":[{"name":"wp","href":"https:\/\/api.w.org\/{rel}","templated":true}]}}