{"id":7439,"date":"2019-03-05T20:13:37","date_gmt":"2019-03-05T19:13:37","guid":{"rendered":"http:\/\/agora.xtec.cat\/escolademusicsijpc\/?p=7439"},"modified":"2019-03-05T20:13:37","modified_gmt":"2019-03-05T19:13:37","slug":"sento-que-lenyoro-tant-quan-cau-la-tarda-2","status":"publish","type":"post","link":"https:\/\/agora.xtec.cat\/escolademusicsijpc\/general\/sento-que-lenyoro-tant-quan-cau-la-tarda-2\/","title":{"rendered":"Sento que l&#8217;enyoro tant quan cau la tarda"},"content":{"rendered":"<p>El pr\u00f2xim dilluns 18 de mar\u00e7 repetirem l&#8217;espectacle &#8220;sento que l&#8217;enyoro tant quan cau la tarda&#8221;. Dues veus fabuloses, Jana Corominas i Raul Campos, una magn\u00edfica interpretaci\u00f3 de Pau Ser\u00e9s i tot acompanyat per la nostra mestra Cristina Colomer. No us ho podeu perdre!<\/p>\n<ul>\n<li>Dilluns 18 de mar\u00e7 2019\u00a0a les 20h<\/li>\n<li>Centre Sant Pere Ap\u00f2stol C\/ Sant Pere m\u00e9s Alt, 25<\/li>\n<li>Activitat gratu\u00efta<\/li>\n<\/ul>\n<p><a href=\"https:\/\/agora.xtec.cat\/escolademusicsijpc\/wp-content\/uploads\/usu459\/2019\/03\/Centre-Sant-Pere-Ap\u00f2stol.gif\"><img loading=\"lazy\" decoding=\"async\" class=\"aligncenter wp-image-7440 size-full\" src=\"https:\/\/agora.xtec.cat\/escolademusicsijpc\/wp-content\/uploads\/usu459\/2019\/03\/Centre-Sant-Pere-Ap\u00f2stol.gif\" alt=\"\" width=\"424\" height=\"600\" \/><\/a><\/p>\n","protected":false},"excerpt":{"rendered":"<p>El pr\u00f2xim dilluns 18 de mar\u00e7 repetirem l&#8217;espectacle &#8220;sento que l&#8217;enyoro tant quan cau la tarda&#8221;. Dues veus fabuloses, Jana Corominas i Raul Campos, una magn\u00edfica interpretaci\u00f3 de Pau Ser\u00e9s i tot acompanyat per la nostra mestra Cristina Colomer. No us ho podeu perdre!<\/p>\n<ul>\n<li>Dilluns 18&hellip;  <a href=\"https:\/\/agora.xtec.cat\/escolademusicsijpc\/general\/sento-que-lenyoro-tant-quan-cau-la-tarda-2\/\" title=\"Read Sento que l&#8217;enyoro tant quan cau la tarda\">Llegeix m\u00e9s\u00bb<\/a><br \/>\n","protected":false},"author":3,"featured_media":7440,"comment_status":"open","ping_status":"closed","sticky":false,"template":"","format":"standard","meta":{"_bbp_topic_count":0,"_bbp_reply_count":0,"_bbp_total_topic_count":0,"_bbp_total_reply_count":0,"_bbp_voice_count":0,"_bbp_anonymous_reply_count":0,"_bbp_topic_count_hidden":0,"_bbp_reply_count_hidden":0,"_bbp_forum_subforum_count":0,"footnotes":""},"categories":[63,1,104],"tags":[],"class_list":["post-7439","post","type-post","status-publish","format-standard","has-post-thumbnail","hentry","category-concerts","category-general","category-uncategorized"],"post_mailing_queue_ids":[],"_links":{"self":[{"href":"https:\/\/agora.xtec.cat\/escolademusicsijpc\/wp-json\/wp\/v2\/posts\/7439","targetHints":{"allow":["GET"]}}],"collection":[{"href":"https:\/\/agora.xtec.cat\/escolademusicsijpc\/wp-json\/wp\/v2\/posts"}],"about":[{"href":"https:\/\/agora.xtec.cat\/escolademusicsijpc\/wp-json\/wp\/v2\/types\/post"}],"author":[{"embeddable":true,"href":"https:\/\/agora.xtec.cat\/escolademusicsijpc\/wp-json\/wp\/v2\/users\/3"}],"replies":[{"embeddable":true,"href":"https:\/\/agora.xtec.cat\/escolademusicsijpc\/wp-json\/wp\/v2\/comments?post=7439"}],"version-history":[{"count":1,"href":"https:\/\/agora.xtec.cat\/escolademusicsijpc\/wp-json\/wp\/v2\/posts\/7439\/revisions"}],"predecessor-version":[{"id":7441,"href":"https:\/\/agora.xtec.cat\/escolademusicsijpc\/wp-json\/wp\/v2\/posts\/7439\/revisions\/7441"}],"wp:featuredmedia":[{"embeddable":true,"href":"https:\/\/agora.xtec.cat\/escolademusicsijpc\/wp-json\/wp\/v2\/media\/7440"}],"wp:attachment":[{"href":"https:\/\/agora.xtec.cat\/escolademusicsijpc\/wp-json\/wp\/v2\/media?parent=7439"}],"wp:term":[{"taxonomy":"category","embeddable":true,"href":"https:\/\/agora.xtec.cat\/escolademusicsijpc\/wp-json\/wp\/v2\/categories?post=7439"},{"taxonomy":"post_tag","embeddable":true,"href":"https:\/\/agora.xtec.cat\/escolademusicsijpc\/wp-json\/wp\/v2\/tags?post=7439"}],"curies":[{"name":"wp","href":"https:\/\/api.w.org\/{rel}","templated":true}]}}