{"id":7436,"date":"2019-03-04T19:23:21","date_gmt":"2019-03-04T18:23:21","guid":{"rendered":"http:\/\/agora.xtec.cat\/escolademusicsijpc\/?p=7436"},"modified":"2019-03-04T19:23:21","modified_gmt":"2019-03-04T18:23:21","slug":"roda-dinstruments-6","status":"publish","type":"post","link":"https:\/\/agora.xtec.cat\/escolademusicsijpc\/general\/roda-dinstruments-6\/","title":{"rendered":"Roda d&#8217;instruments"},"content":{"rendered":"<div dir=\"auto\">\n<p><span style=\"font-family: arial, helvetica, sans-serif;\">Si tens ganes d\u2019<a href=\"https:\/\/agora.xtec.cat\/escolademusicsijpc\/wp-content\/uploads\/usu459\/2019\/03\/roda.gif\"><img loading=\"lazy\" decoding=\"async\" class=\"alignright size-medium wp-image-7437\" src=\"https:\/\/agora.xtec.cat\/escolademusicsijpc\/wp-content\/uploads\/usu459\/2019\/03\/roda-212x300.gif\" alt=\"\" width=\"212\" height=\"300\" \/><\/a> a tocar un instrument, si vols comen\u00e7ar a fer m\u00fasica o si tens un amic que en vulgui fer <\/span><span style=\"font-family: arial, helvetica, sans-serif;\">apunta&#8217;t el dissabte 16 de mar\u00e7 de 9.00 a 14.00 a la roda d\u2019instruments que farem a l&#8217;Escola de M\u00fasics i JPC.<\/span><\/p>\n<p>Tens temps fins al 12 de mar\u00e7. \u00c9s una activitat gratu\u00efta amb places limitades.<\/p>\n<p>Qu\u00e8 fer per apuntar-se:<\/p>\n<p>1. Omplir el seg\u00fcent formulari amb les dades necess\u00e0ries<\/p>\n<\/div>\n<div dir=\"auto\"><a href=\"https:\/\/goo.gl\/forms\/wJkwhXvqHK0eCyj02\" target=\"_blank\" rel=\"noopener noreferrer\"><span style=\"font-family: arial, helvetica, sans-serif;\">https:\/\/goo.gl\/forms\/wJkwhXvqHK0eCyj02<\/span><\/a><\/div>\n<div dir=\"auto\"><span style=\"font-family: arial, helvetica, sans-serif;\"><br \/>\n2. Trucar a Secretaria de\u00a0l&#8217;Escola al n\u00famero de tel\u00e8fon: 933010718 de 10 a 21:00h<br \/>\n<b><br \/>\nEl lloc de la roda es far\u00e0 al C\/Carme 15, baixos<\/b><\/span><\/div>\n<div dir=\"auto\"><\/div>\n","protected":false},"excerpt":{"rendered":"<p>Si tens ganes d\u2019<a href=\"https:\/\/agora.xtec.cat\/escolademusicsijpc\/wp-content\/uploads\/usu459\/2019\/03\/roda.gif\"><\/a> a tocar un instrument, si vols comen\u00e7ar a fer m\u00fasica o si tens un amic que en vulgui fer apunta&#8217;t el dissabte 16 de mar\u00e7 de 9.00 a 14.00 a la roda d\u2019instruments que farem a l&#8217;Escola de M\u00fasics i&hellip;  <a href=\"https:\/\/agora.xtec.cat\/escolademusicsijpc\/general\/roda-dinstruments-6\/\" title=\"Read Roda d&#8217;instruments\">Llegeix m\u00e9s\u00bb<\/a><\/p>\n","protected":false},"author":3,"featured_media":7437,"comment_status":"open","ping_status":"closed","sticky":false,"template":"","format":"standard","meta":{"_bbp_topic_count":0,"_bbp_reply_count":0,"_bbp_total_topic_count":0,"_bbp_total_reply_count":0,"_bbp_voice_count":0,"_bbp_anonymous_reply_count":0,"_bbp_topic_count_hidden":0,"_bbp_reply_count_hidden":0,"_bbp_forum_subforum_count":0,"footnotes":""},"categories":[1,128,104],"tags":[],"class_list":["post-7436","post","type-post","status-publish","format-standard","has-post-thumbnail","hentry","category-general","category-llenguatge-harmonia","category-uncategorized"],"post_mailing_queue_ids":[],"_links":{"self":[{"href":"https:\/\/agora.xtec.cat\/escolademusicsijpc\/wp-json\/wp\/v2\/posts\/7436","targetHints":{"allow":["GET"]}}],"collection":[{"href":"https:\/\/agora.xtec.cat\/escolademusicsijpc\/wp-json\/wp\/v2\/posts"}],"about":[{"href":"https:\/\/agora.xtec.cat\/escolademusicsijpc\/wp-json\/wp\/v2\/types\/post"}],"author":[{"embeddable":true,"href":"https:\/\/agora.xtec.cat\/escolademusicsijpc\/wp-json\/wp\/v2\/users\/3"}],"replies":[{"embeddable":true,"href":"https:\/\/agora.xtec.cat\/escolademusicsijpc\/wp-json\/wp\/v2\/comments?post=7436"}],"version-history":[{"count":1,"href":"https:\/\/agora.xtec.cat\/escolademusicsijpc\/wp-json\/wp\/v2\/posts\/7436\/revisions"}],"predecessor-version":[{"id":7438,"href":"https:\/\/agora.xtec.cat\/escolademusicsijpc\/wp-json\/wp\/v2\/posts\/7436\/revisions\/7438"}],"wp:featuredmedia":[{"embeddable":true,"href":"https:\/\/agora.xtec.cat\/escolademusicsijpc\/wp-json\/wp\/v2\/media\/7437"}],"wp:attachment":[{"href":"https:\/\/agora.xtec.cat\/escolademusicsijpc\/wp-json\/wp\/v2\/media?parent=7436"}],"wp:term":[{"taxonomy":"category","embeddable":true,"href":"https:\/\/agora.xtec.cat\/escolademusicsijpc\/wp-json\/wp\/v2\/categories?post=7436"},{"taxonomy":"post_tag","embeddable":true,"href":"https:\/\/agora.xtec.cat\/escolademusicsijpc\/wp-json\/wp\/v2\/tags?post=7436"}],"curies":[{"name":"wp","href":"https:\/\/api.w.org\/{rel}","templated":true}]}}