{"id":7405,"date":"2019-02-20T16:36:31","date_gmt":"2019-02-20T15:36:31","guid":{"rendered":"http:\/\/agora.xtec.cat\/escolademusicsijpc\/?p=7405"},"modified":"2019-02-20T16:38:13","modified_gmt":"2019-02-20T15:38:13","slug":"musicals-choir-de-concert-3","status":"publish","type":"post","link":"https:\/\/agora.xtec.cat\/escolademusicsijpc\/uncategorized\/musicals-choir-de-concert-3\/","title":{"rendered":"Musicals&#8217; Choir en concert"},"content":{"rendered":"<p>El pr\u00f2xim dissabte 23 de febrer a les 18h la coral jove de L&#8217;Escola de M\u00fasics i JPC &#8220;Musicals &#8216;Choir&#8221; cantar\u00e0 juntament al costat de la coral &#8220;Yonder Choir&#8221; en el concert solidari on tots els beneficis seran destinats a la lluita contra el VIH gr\u00e0cies a la feina de <a id=\"js_7jh\" class=\"profileLink\" href=\"https:\/\/www.facebook.com\/BCNCheckpoint\/?__tn__=K-R&amp;eid=ARBNovtIn0Se5eN80KdmaDgeAGhSxYTqqnl4mmFC_Tw9P31U3twnrIHGu2xQ8k4Rofv0Is5Sck0gkUUS&amp;fref=mentions&amp;__xts__%5B0%5D=68.ARDSGTVpB3-VXtLGEHXRBSsw8LzNeFXpmLhli238CvDxof01L1Vw6SuAFNu-yKmyvqKobGD1-4pacLnLjFWLabPIlgZ_E9Wd2k8-ZyeqFmCIWzzTGVEdDDWgv8CyKnTMaBV3qPFp8ifj8brFevlxkJhX4x_eAS8xYZoYdXcVUHj_BD2lJ8cUswmQvBGt7jJmYCu9mX19KzEOmrwRNTyeG9vVB0fxGy6eSJS2vNEd8-h3FAj5sioa_ik8Y-qTqJSVMkWpIJYk13ZvgYzNFUnRV7eyXlBV3gkJ8ITFvAfIYeaU4eO3lUbMbEGrTedInrTQmyFySg81M2hffyqSwXZN5SU\" aria-describedby=\"u_57_1\" aria-owns=\"\">BCN Checkpoint<\/a>\u00a0<span class=\"_5mfr\"><span class=\"_6qdm\">?<\/span><\/span>\u00a0Un agra\u00efment al club ESADE LGBTQ+ and Allies in Business per l&#8217;organitzaci\u00f3!\u00a0<span class=\"_5mfr\"><span class=\"_6qdm\">?\u200d?<\/span><\/span><\/p>\n<p><a href=\"https:\/\/agora.xtec.cat\/escolademusicsijpc\/wp-content\/uploads\/usu459\/2019\/02\/52595937_2248169048789574_488322521536397312_n.jpg\"><img loading=\"lazy\" decoding=\"async\" class=\"wp-image-7406 size-full aligncenter\" src=\"https:\/\/agora.xtec.cat\/escolademusicsijpc\/wp-content\/uploads\/usu459\/2019\/02\/52595937_2248169048789574_488322521536397312_n.jpg\" alt=\"\" width=\"695\" height=\"960\" srcset=\"https:\/\/agora.xtec.cat\/escolademusicsijpc\/wp-content\/uploads\/usu459\/2019\/02\/52595937_2248169048789574_488322521536397312_n.jpg 695w, https:\/\/agora.xtec.cat\/escolademusicsijpc\/wp-content\/uploads\/usu459\/2019\/02\/52595937_2248169048789574_488322521536397312_n-217x300.jpg 217w\" sizes=\"auto, (max-width: 695px) 100vw, 695px\" \/><\/a><\/p>\n","protected":false},"excerpt":{"rendered":"<p>El pr\u00f2xim dissabte 23 de febrer a les 18h la coral jove de L&#8217;Escola de M\u00fasics i JPC &#8220;Musicals &#8216;Choir&#8221; cantar\u00e0 juntament al costat de la coral &#8220;Yonder Choir&#8221; en el concert solidari on tots els beneficis seran destinats a la lluita contra el VIH&hellip;  <a href=\"https:\/\/agora.xtec.cat\/escolademusicsijpc\/uncategorized\/musicals-choir-de-concert-3\/\" title=\"Read Musicals&#8217; Choir en concert\">Llegeix m\u00e9s\u00bb<\/a><\/p>\n","protected":false},"author":3,"featured_media":7406,"comment_status":"open","ping_status":"closed","sticky":false,"template":"","format":"standard","meta":{"_bbp_topic_count":0,"_bbp_reply_count":0,"_bbp_total_topic_count":0,"_bbp_total_reply_count":0,"_bbp_voice_count":0,"_bbp_anonymous_reply_count":0,"_bbp_topic_count_hidden":0,"_bbp_reply_count_hidden":0,"_bbp_forum_subforum_count":0,"footnotes":""},"categories":[105,104],"tags":[],"class_list":["post-7405","post","type-post","status-publish","format-standard","has-post-thumbnail","hentry","category-musicals-choir","category-uncategorized"],"post_mailing_queue_ids":[],"_links":{"self":[{"href":"https:\/\/agora.xtec.cat\/escolademusicsijpc\/wp-json\/wp\/v2\/posts\/7405","targetHints":{"allow":["GET"]}}],"collection":[{"href":"https:\/\/agora.xtec.cat\/escolademusicsijpc\/wp-json\/wp\/v2\/posts"}],"about":[{"href":"https:\/\/agora.xtec.cat\/escolademusicsijpc\/wp-json\/wp\/v2\/types\/post"}],"author":[{"embeddable":true,"href":"https:\/\/agora.xtec.cat\/escolademusicsijpc\/wp-json\/wp\/v2\/users\/3"}],"replies":[{"embeddable":true,"href":"https:\/\/agora.xtec.cat\/escolademusicsijpc\/wp-json\/wp\/v2\/comments?post=7405"}],"version-history":[{"count":2,"href":"https:\/\/agora.xtec.cat\/escolademusicsijpc\/wp-json\/wp\/v2\/posts\/7405\/revisions"}],"predecessor-version":[{"id":7408,"href":"https:\/\/agora.xtec.cat\/escolademusicsijpc\/wp-json\/wp\/v2\/posts\/7405\/revisions\/7408"}],"wp:featuredmedia":[{"embeddable":true,"href":"https:\/\/agora.xtec.cat\/escolademusicsijpc\/wp-json\/wp\/v2\/media\/7406"}],"wp:attachment":[{"href":"https:\/\/agora.xtec.cat\/escolademusicsijpc\/wp-json\/wp\/v2\/media?parent=7405"}],"wp:term":[{"taxonomy":"category","embeddable":true,"href":"https:\/\/agora.xtec.cat\/escolademusicsijpc\/wp-json\/wp\/v2\/categories?post=7405"},{"taxonomy":"post_tag","embeddable":true,"href":"https:\/\/agora.xtec.cat\/escolademusicsijpc\/wp-json\/wp\/v2\/tags?post=7405"}],"curies":[{"name":"wp","href":"https:\/\/api.w.org\/{rel}","templated":true}]}}