{"id":740,"date":"2010-05-22T17:00:14","date_gmt":"2010-05-22T16:00:14","guid":{"rendered":"http:\/\/lescolademusicsijpc.wordpress.com\/?p=740"},"modified":"2016-01-28T18:41:42","modified_gmt":"2016-01-28T17:41:42","slug":"colonies-musicals-2010","status":"publish","type":"post","link":"https:\/\/agora.xtec.cat\/escolademusicsijpc\/grups\/combos\/colonies-musicals-2010\/","title":{"rendered":"Col\u00f2nies Musicals 2010"},"content":{"rendered":"<p>&nbsp;<\/p>\n<p style=\"text-align: center;\"><strong><span style=\"font-family: Verdana; font-size: large;\"><img loading=\"lazy\" decoding=\"async\" class=\"size-full wp-image-741 alignright\" title=\"col\u00f2nies musicals 2010\" src=\"http:\/\/agora.xtec.cat\/escolademusicsijpc\/wp-content\/uploads\/usu459\/2010\/04\/coloniesblau.gif\" alt=\"\" width=\"142\" height=\"200\" \/>Vine a gravar!<\/span><\/strong><\/p>\n<p style=\"text-align: center;\"><strong><span style=\"font-family: Verdana;\">22, 23 i 24 de maig a La Conreria<\/span><\/strong><\/p>\n<ul>\n<li><span style=\"font-family: Verdana; font-size: x-small;\">130\u20ac per persona i 120\u20ac segon familiar.<\/span><\/li>\n<li><!-- h1 \t{margin-bottom:.0001pt; \ttext-align:center; \tpage-break-after:avoid; \tfont-size:48.0pt; \tfont-family:\"Monotype Corsiva\"; \ttext-decoration:underline; \ttext-underline:single; margin-left:0cm; margin-right:0cm; margin-top:0cm} h2 \t{margin-bottom:.0001pt; \ttext-align:center; \tpage-break-after:avoid; \tfont-size:24.0pt; \tfont-family:\"Monotype Corsiva\"; \tmargin-left:0cm; margin-right:0cm; margin-top:0cm} --><span style=\"font-family: Verdana; font-size: x-small;\">30 d\u2019abril data l\u00edmit d\u2019inscripci\u00f3.<\/span><\/li>\n<li><span style=\"font-family: Verdana; font-size: x-small;\">Places limitades.<\/span><\/li>\n<li><span style=\"font-family: Verdana; font-size: x-small;\">Per m\u00e9s informaci\u00f3 clica a la p\u00e0gina de <a href=\"http:\/\/lescolademusicsijpc.wordpress.com\/colonies-musicals-3\/\">Col\u00f2nies musicals 2010.<\/a><br \/>\n<\/span><\/li>\n<\/ul>\n<p>&nbsp;<\/p>\n","protected":false},"excerpt":{"rendered":"<p>&nbsp;<br \/>\nVine a gravar!<br \/>\n22, 23 i 24 de maig a La Conreria<\/p>\n<ul>\n<li>130\u20ac per persona i 120\u20ac segon familiar.<\/li>\n<li>30 d\u2019abril data l\u00edmit d\u2019inscripci\u00f3.<\/li>\n<li>Places limitades.<\/li>\n<li>Per m\u00e9s informaci\u00f3 clica a la p\u00e0gina de <a href=\"http:\/\/lescolademusicsijpc.wordpress.com\/colonies-musicals-3\/\">Col\u00f2nies musicals 2010.<\/a>\n<\/li>\n<\/ul>\n<p>&nbsp;<\/p>\n","protected":false},"author":1,"featured_media":735,"comment_status":"open","ping_status":"open","sticky":false,"template":"","format":"standard","meta":{"_bbp_topic_count":0,"_bbp_reply_count":0,"_bbp_total_topic_count":0,"_bbp_total_reply_count":0,"_bbp_voice_count":0,"_bbp_anonymous_reply_count":0,"_bbp_topic_count_hidden":0,"_bbp_reply_count_hidden":0,"_bbp_forum_subforum_count":0,"footnotes":""},"categories":[62,66,68,75],"tags":[79],"class_list":["post-740","post","type-post","status-publish","format-standard","has-post-thumbnail","hentry","category-combos","category-corals","category-jove-orquestra-de-lem","category-ravals-band","tag-colonies"],"post_mailing_queue_ids":[],"_links":{"self":[{"href":"https:\/\/agora.xtec.cat\/escolademusicsijpc\/wp-json\/wp\/v2\/posts\/740","targetHints":{"allow":["GET"]}}],"collection":[{"href":"https:\/\/agora.xtec.cat\/escolademusicsijpc\/wp-json\/wp\/v2\/posts"}],"about":[{"href":"https:\/\/agora.xtec.cat\/escolademusicsijpc\/wp-json\/wp\/v2\/types\/post"}],"author":[{"embeddable":true,"href":"https:\/\/agora.xtec.cat\/escolademusicsijpc\/wp-json\/wp\/v2\/users\/1"}],"replies":[{"embeddable":true,"href":"https:\/\/agora.xtec.cat\/escolademusicsijpc\/wp-json\/wp\/v2\/comments?post=740"}],"version-history":[{"count":2,"href":"https:\/\/agora.xtec.cat\/escolademusicsijpc\/wp-json\/wp\/v2\/posts\/740\/revisions"}],"predecessor-version":[{"id":4829,"href":"https:\/\/agora.xtec.cat\/escolademusicsijpc\/wp-json\/wp\/v2\/posts\/740\/revisions\/4829"}],"wp:featuredmedia":[{"embeddable":true,"href":"https:\/\/agora.xtec.cat\/escolademusicsijpc\/wp-json\/wp\/v2\/media\/735"}],"wp:attachment":[{"href":"https:\/\/agora.xtec.cat\/escolademusicsijpc\/wp-json\/wp\/v2\/media?parent=740"}],"wp:term":[{"taxonomy":"category","embeddable":true,"href":"https:\/\/agora.xtec.cat\/escolademusicsijpc\/wp-json\/wp\/v2\/categories?post=740"},{"taxonomy":"post_tag","embeddable":true,"href":"https:\/\/agora.xtec.cat\/escolademusicsijpc\/wp-json\/wp\/v2\/tags?post=740"}],"curies":[{"name":"wp","href":"https:\/\/api.w.org\/{rel}","templated":true}]}}