{"id":7275,"date":"2019-01-22T15:12:19","date_gmt":"2019-01-22T14:12:19","guid":{"rendered":"http:\/\/agora.xtec.cat\/escolademusicsijpc\/?p=7275"},"modified":"2019-01-22T15:13:10","modified_gmt":"2019-01-22T14:13:10","slug":"com-safina-un-piano","status":"publish","type":"post","link":"https:\/\/agora.xtec.cat\/escolademusicsijpc\/general\/com-safina-un-piano\/","title":{"rendered":"Com s&#8217;afina un piano?"},"content":{"rendered":"<p><a href=\"https:\/\/agora.xtec.cat\/escolademusicsijpc\/wp-content\/uploads\/usu459\/2019\/01\/afinacio2019.gif\"><img loading=\"lazy\" decoding=\"async\" class=\"alignright size-medium wp-image-7276\" src=\"https:\/\/agora.xtec.cat\/escolademusicsijpc\/wp-content\/uploads\/usu459\/2019\/01\/afinacio2019-212x300.gif\" alt=\"\" width=\"212\" height=\"300\" \/><\/a>M\u00e0ster Classe T\u00e8cnic Afinador de piano a c\u00e0rrec la professora Gemma Godall Rovira.<\/p>\n<ul>\n<li>\u201cDescobreix com \u00e9s un piano per dins i coneix les nocions b\u00e0siques pel seu bon funcionament\u201d<\/li>\n<li>Dissabte 23 de febrer de 2019<\/li>\n<li>C\/Carme n.15 de 11 a 13h<\/li>\n<li>Obert a alumnes, pares i mestres de l&#8217;escola<\/li>\n<li>Places limitades<\/li>\n<li>Inscripci\u00f3 gratu\u00efta<\/li>\n<\/ul>\n","protected":false},"excerpt":{"rendered":"<p><a href=\"https:\/\/agora.xtec.cat\/escolademusicsijpc\/wp-content\/uploads\/usu459\/2019\/01\/afinacio2019.gif\"><\/a>M\u00e0ster Classe T\u00e8cnic Afinador de piano a c\u00e0rrec la professora Gemma Godall Rovira.<\/p>\n<ul>\n<li>\u201cDescobreix com \u00e9s un piano per dins i coneix les nocions b\u00e0siques pel seu bon funcionament\u201d<\/li>\n<li>Dissabte 23 de febrer de 2019<\/li>\n<li>C\/Carme n.15 de 11 a 13h<\/li>\n<li>Obert a alumnes, pares i mestres de&hellip;  <a href=\"https:\/\/agora.xtec.cat\/escolademusicsijpc\/general\/com-safina-un-piano\/\" title=\"Read Com s&#8217;afina un piano?\">Llegeix m\u00e9s\u00bb<\/a><br \/>\n","protected":false},"author":3,"featured_media":7276,"comment_status":"open","ping_status":"closed","sticky":false,"template":"","format":"standard","meta":{"_bbp_topic_count":0,"_bbp_reply_count":0,"_bbp_total_topic_count":0,"_bbp_total_reply_count":0,"_bbp_voice_count":0,"_bbp_anonymous_reply_count":0,"_bbp_topic_count_hidden":0,"_bbp_reply_count_hidden":0,"_bbp_forum_subforum_count":0,"footnotes":""},"categories":[1,69,104],"tags":[],"class_list":["post-7275","post","type-post","status-publish","format-standard","has-post-thumbnail","hentry","category-general","category-master-classes","category-uncategorized"],"post_mailing_queue_ids":[],"_links":{"self":[{"href":"https:\/\/agora.xtec.cat\/escolademusicsijpc\/wp-json\/wp\/v2\/posts\/7275","targetHints":{"allow":["GET"]}}],"collection":[{"href":"https:\/\/agora.xtec.cat\/escolademusicsijpc\/wp-json\/wp\/v2\/posts"}],"about":[{"href":"https:\/\/agora.xtec.cat\/escolademusicsijpc\/wp-json\/wp\/v2\/types\/post"}],"author":[{"embeddable":true,"href":"https:\/\/agora.xtec.cat\/escolademusicsijpc\/wp-json\/wp\/v2\/users\/3"}],"replies":[{"embeddable":true,"href":"https:\/\/agora.xtec.cat\/escolademusicsijpc\/wp-json\/wp\/v2\/comments?post=7275"}],"version-history":[{"count":1,"href":"https:\/\/agora.xtec.cat\/escolademusicsijpc\/wp-json\/wp\/v2\/posts\/7275\/revisions"}],"predecessor-version":[{"id":7277,"href":"https:\/\/agora.xtec.cat\/escolademusicsijpc\/wp-json\/wp\/v2\/posts\/7275\/revisions\/7277"}],"wp:featuredmedia":[{"embeddable":true,"href":"https:\/\/agora.xtec.cat\/escolademusicsijpc\/wp-json\/wp\/v2\/media\/7276"}],"wp:attachment":[{"href":"https:\/\/agora.xtec.cat\/escolademusicsijpc\/wp-json\/wp\/v2\/media?parent=7275"}],"wp:term":[{"taxonomy":"category","embeddable":true,"href":"https:\/\/agora.xtec.cat\/escolademusicsijpc\/wp-json\/wp\/v2\/categories?post=7275"},{"taxonomy":"post_tag","embeddable":true,"href":"https:\/\/agora.xtec.cat\/escolademusicsijpc\/wp-json\/wp\/v2\/tags?post=7275"}],"curies":[{"name":"wp","href":"https:\/\/api.w.org\/{rel}","templated":true}]}}