{"id":7262,"date":"2019-01-17T17:40:42","date_gmt":"2019-01-17T16:40:42","guid":{"rendered":"http:\/\/agora.xtec.cat\/escolademusicsijpc\/?p=7262"},"modified":"2019-01-17T18:26:57","modified_gmt":"2019-01-17T17:26:57","slug":"violoncels-amb-pell-de-papallona","status":"publish","type":"post","link":"https:\/\/agora.xtec.cat\/escolademusicsijpc\/general\/violoncels-amb-pell-de-papallona\/","title":{"rendered":"Violoncels amb Pell de Papallona"},"content":{"rendered":"<p>L&#8217;Escola de M\u00fasics col\u00b7labora en el concert solidari Pell de Papallona en mans del grup GRUPCELLO. El pr\u00f2xim 20 de gener a les 12 a l&#8217;auditori de l&#8217;ONCE<\/p>\n<p>L&#8217;entrada \u00e9s gratu\u00efta i els donatius recollits al final del concert seran benvinguts i destinats a l&#8217;Associaci\u00f3 Debra.<\/p>\n<p><a href=\"https:\/\/agora.xtec.cat\/escolademusicsijpc\/wp-content\/uploads\/usu459\/2019\/01\/49949512_2221210491485430_7569712024762974208_n.jpg\"><img loading=\"lazy\" decoding=\"async\" class=\"alignleft wp-image-7263 size-full\" src=\"https:\/\/agora.xtec.cat\/escolademusicsijpc\/wp-content\/uploads\/usu459\/2019\/01\/49949512_2221210491485430_7569712024762974208_n.jpg\" alt=\"\" width=\"960\" height=\"715\" srcset=\"https:\/\/agora.xtec.cat\/escolademusicsijpc\/wp-content\/uploads\/usu459\/2019\/01\/49949512_2221210491485430_7569712024762974208_n.jpg 960w, https:\/\/agora.xtec.cat\/escolademusicsijpc\/wp-content\/uploads\/usu459\/2019\/01\/49949512_2221210491485430_7569712024762974208_n-300x223.jpg 300w, https:\/\/agora.xtec.cat\/escolademusicsijpc\/wp-content\/uploads\/usu459\/2019\/01\/49949512_2221210491485430_7569712024762974208_n-768x572.jpg 768w, https:\/\/agora.xtec.cat\/escolademusicsijpc\/wp-content\/uploads\/usu459\/2019\/01\/49949512_2221210491485430_7569712024762974208_n-200x150.jpg 200w\" sizes=\"auto, (max-width: 960px) 100vw, 960px\" \/><\/a><\/p>\n","protected":false},"excerpt":{"rendered":"<p>L&#8217;Escola de M\u00fasics col\u00b7labora en el concert solidari Pell de Papallona en mans del grup GRUPCELLO. El pr\u00f2xim 20 de gener a les 12 a l&#8217;auditori de l&#8217;ONCE<br \/>\nL&#8217;entrada \u00e9s gratu\u00efta i els donatius recollits al final del concert seran benvinguts i destinats a l&#8217;Associaci\u00f3 Debra.<br \/>\n<a&hellip;  <a href=\"https:\/\/agora.xtec.cat\/escolademusicsijpc\/general\/violoncels-amb-pell-de-papallona\/\" title=\"Read Violoncels amb Pell de Papallona\">Llegeix m\u00e9s\u00bb<\/a><\/p>\n","protected":false},"author":3,"featured_media":7263,"comment_status":"open","ping_status":"closed","sticky":false,"template":"","format":"standard","meta":{"_bbp_topic_count":0,"_bbp_reply_count":0,"_bbp_total_topic_count":0,"_bbp_total_reply_count":0,"_bbp_voice_count":0,"_bbp_anonymous_reply_count":0,"_bbp_topic_count_hidden":0,"_bbp_reply_count_hidden":0,"_bbp_forum_subforum_count":0,"footnotes":""},"categories":[63,1,104],"tags":[],"class_list":["post-7262","post","type-post","status-publish","format-standard","has-post-thumbnail","hentry","category-concerts","category-general","category-uncategorized"],"post_mailing_queue_ids":[],"_links":{"self":[{"href":"https:\/\/agora.xtec.cat\/escolademusicsijpc\/wp-json\/wp\/v2\/posts\/7262","targetHints":{"allow":["GET"]}}],"collection":[{"href":"https:\/\/agora.xtec.cat\/escolademusicsijpc\/wp-json\/wp\/v2\/posts"}],"about":[{"href":"https:\/\/agora.xtec.cat\/escolademusicsijpc\/wp-json\/wp\/v2\/types\/post"}],"author":[{"embeddable":true,"href":"https:\/\/agora.xtec.cat\/escolademusicsijpc\/wp-json\/wp\/v2\/users\/3"}],"replies":[{"embeddable":true,"href":"https:\/\/agora.xtec.cat\/escolademusicsijpc\/wp-json\/wp\/v2\/comments?post=7262"}],"version-history":[{"count":3,"href":"https:\/\/agora.xtec.cat\/escolademusicsijpc\/wp-json\/wp\/v2\/posts\/7262\/revisions"}],"predecessor-version":[{"id":7266,"href":"https:\/\/agora.xtec.cat\/escolademusicsijpc\/wp-json\/wp\/v2\/posts\/7262\/revisions\/7266"}],"wp:featuredmedia":[{"embeddable":true,"href":"https:\/\/agora.xtec.cat\/escolademusicsijpc\/wp-json\/wp\/v2\/media\/7263"}],"wp:attachment":[{"href":"https:\/\/agora.xtec.cat\/escolademusicsijpc\/wp-json\/wp\/v2\/media?parent=7262"}],"wp:term":[{"taxonomy":"category","embeddable":true,"href":"https:\/\/agora.xtec.cat\/escolademusicsijpc\/wp-json\/wp\/v2\/categories?post=7262"},{"taxonomy":"post_tag","embeddable":true,"href":"https:\/\/agora.xtec.cat\/escolademusicsijpc\/wp-json\/wp\/v2\/tags?post=7262"}],"curies":[{"name":"wp","href":"https:\/\/api.w.org\/{rel}","templated":true}]}}