{"id":7239,"date":"2019-01-14T18:47:51","date_gmt":"2019-01-14T17:47:51","guid":{"rendered":"http:\/\/agora.xtec.cat\/escolademusicsijpc\/?p=7239"},"modified":"2019-01-14T18:47:51","modified_gmt":"2019-01-14T17:47:51","slug":"cor-de-cors","status":"publish","type":"post","link":"https:\/\/agora.xtec.cat\/escolademusicsijpc\/general\/cor-de-cors\/","title":{"rendered":"\u201cCor de cors\u201d"},"content":{"rendered":"<p>Dissabte 12 de gener, els cantaires de \u201cCor de cors\u201d de L\u2019Escola de M\u00fasics, van estar preparant el concert de la ONCE per celebrar les festes de Sant Antoni.<\/p>\n<div dir=\"auto\">La coral d\u2019adults de L\u2019Escola prepara un concert amb repertori molt variat, i aquest cop compta amb la col.laboraci\u00f3 de dos alumnes de l\u2019Orquestra, en Lluc Badia, viol\u00ed i la Laia Farr\u00e9s, violoncel. Acompanyats per en Joaquim Tardido al piano, Alan Garc\u00eda al Baix i dirigits per Cristina Colomer.<\/div>\n<div dir=\"auto\">Com a fi de festa del concert cantaran juntament amb el cor de joves Musicals\u2019 Choir i l\u2019Orquestra Raval Simf\u00f2nic, dirigits per Bartolom\u00e9 Garc\u00eda Plata.<\/div>\n<div dir=\"auto\"><a href=\"https:\/\/agora.xtec.cat\/escolademusicsijpc\/wp-content\/uploads\/usu459\/2019\/01\/IMG-20190112-WA0019.jpg\"><img loading=\"lazy\" decoding=\"async\" class=\"size-medium wp-image-7240 alignleft\" src=\"https:\/\/agora.xtec.cat\/escolademusicsijpc\/wp-content\/uploads\/usu459\/2019\/01\/IMG-20190112-WA0019-300x225.jpg\" alt=\"\" width=\"300\" height=\"225\" srcset=\"https:\/\/agora.xtec.cat\/escolademusicsijpc\/wp-content\/uploads\/usu459\/2019\/01\/IMG-20190112-WA0019-300x225.jpg 300w, https:\/\/agora.xtec.cat\/escolademusicsijpc\/wp-content\/uploads\/usu459\/2019\/01\/IMG-20190112-WA0019-768x576.jpg 768w, https:\/\/agora.xtec.cat\/escolademusicsijpc\/wp-content\/uploads\/usu459\/2019\/01\/IMG-20190112-WA0019-1024x768.jpg 1024w, https:\/\/agora.xtec.cat\/escolademusicsijpc\/wp-content\/uploads\/usu459\/2019\/01\/IMG-20190112-WA0019-200x150.jpg 200w, https:\/\/agora.xtec.cat\/escolademusicsijpc\/wp-content\/uploads\/usu459\/2019\/01\/IMG-20190112-WA0019.jpg 1600w\" sizes=\"auto, (max-width: 300px) 100vw, 300px\" \/><\/a> <a href=\"https:\/\/agora.xtec.cat\/escolademusicsijpc\/wp-content\/uploads\/usu459\/2019\/01\/IMG-20190112-WA0021.jpg\"><img loading=\"lazy\" decoding=\"async\" class=\"size-medium wp-image-7241 alignleft\" src=\"https:\/\/agora.xtec.cat\/escolademusicsijpc\/wp-content\/uploads\/usu459\/2019\/01\/IMG-20190112-WA0021-300x225.jpg\" alt=\"\" width=\"300\" height=\"225\" srcset=\"https:\/\/agora.xtec.cat\/escolademusicsijpc\/wp-content\/uploads\/usu459\/2019\/01\/IMG-20190112-WA0021-300x225.jpg 300w, https:\/\/agora.xtec.cat\/escolademusicsijpc\/wp-content\/uploads\/usu459\/2019\/01\/IMG-20190112-WA0021-768x576.jpg 768w, https:\/\/agora.xtec.cat\/escolademusicsijpc\/wp-content\/uploads\/usu459\/2019\/01\/IMG-20190112-WA0021-1024x768.jpg 1024w, https:\/\/agora.xtec.cat\/escolademusicsijpc\/wp-content\/uploads\/usu459\/2019\/01\/IMG-20190112-WA0021-200x150.jpg 200w, https:\/\/agora.xtec.cat\/escolademusicsijpc\/wp-content\/uploads\/usu459\/2019\/01\/IMG-20190112-WA0021.jpg 1600w\" sizes=\"auto, (max-width: 300px) 100vw, 300px\" \/><\/a> <a href=\"https:\/\/agora.xtec.cat\/escolademusicsijpc\/wp-content\/uploads\/usu459\/2019\/01\/IMG-20190112-WA0022.jpg\"><img loading=\"lazy\" decoding=\"async\" class=\"size-medium wp-image-7242 alignleft\" src=\"https:\/\/agora.xtec.cat\/escolademusicsijpc\/wp-content\/uploads\/usu459\/2019\/01\/IMG-20190112-WA0022-300x225.jpg\" alt=\"\" width=\"300\" height=\"225\" srcset=\"https:\/\/agora.xtec.cat\/escolademusicsijpc\/wp-content\/uploads\/usu459\/2019\/01\/IMG-20190112-WA0022-300x225.jpg 300w, https:\/\/agora.xtec.cat\/escolademusicsijpc\/wp-content\/uploads\/usu459\/2019\/01\/IMG-20190112-WA0022-768x576.jpg 768w, https:\/\/agora.xtec.cat\/escolademusicsijpc\/wp-content\/uploads\/usu459\/2019\/01\/IMG-20190112-WA0022-1024x768.jpg 1024w, https:\/\/agora.xtec.cat\/escolademusicsijpc\/wp-content\/uploads\/usu459\/2019\/01\/IMG-20190112-WA0022-200x150.jpg 200w, https:\/\/agora.xtec.cat\/escolademusicsijpc\/wp-content\/uploads\/usu459\/2019\/01\/IMG-20190112-WA0022.jpg 1600w\" sizes=\"auto, (max-width: 300px) 100vw, 300px\" \/><\/a><\/div>\n","protected":false},"excerpt":{"rendered":"<p>Dissabte 12 de gener, els cantaires de \u201cCor de cors\u201d de L\u2019Escola de M\u00fasics, van estar preparant el concert de la ONCE per celebrar les festes de Sant Antoni.<br \/>\nLa coral d\u2019adults de L\u2019Escola prepara un concert amb repertori molt variat, i aquest cop compta amb&hellip;  <a href=\"https:\/\/agora.xtec.cat\/escolademusicsijpc\/general\/cor-de-cors\/\" title=\"Read \u201cCor de cors\u201d\">Llegeix m\u00e9s\u00bb<\/a><\/p>\n","protected":false},"author":3,"featured_media":7242,"comment_status":"open","ping_status":"closed","sticky":false,"template":"","format":"standard","meta":{"_bbp_topic_count":0,"_bbp_reply_count":0,"_bbp_total_topic_count":0,"_bbp_total_reply_count":0,"_bbp_voice_count":0,"_bbp_anonymous_reply_count":0,"_bbp_topic_count_hidden":0,"_bbp_reply_count_hidden":0,"_bbp_forum_subforum_count":0,"footnotes":""},"categories":[66,1,104],"tags":[],"class_list":["post-7239","post","type-post","status-publish","format-standard","has-post-thumbnail","hentry","category-corals","category-general","category-uncategorized"],"post_mailing_queue_ids":[],"_links":{"self":[{"href":"https:\/\/agora.xtec.cat\/escolademusicsijpc\/wp-json\/wp\/v2\/posts\/7239","targetHints":{"allow":["GET"]}}],"collection":[{"href":"https:\/\/agora.xtec.cat\/escolademusicsijpc\/wp-json\/wp\/v2\/posts"}],"about":[{"href":"https:\/\/agora.xtec.cat\/escolademusicsijpc\/wp-json\/wp\/v2\/types\/post"}],"author":[{"embeddable":true,"href":"https:\/\/agora.xtec.cat\/escolademusicsijpc\/wp-json\/wp\/v2\/users\/3"}],"replies":[{"embeddable":true,"href":"https:\/\/agora.xtec.cat\/escolademusicsijpc\/wp-json\/wp\/v2\/comments?post=7239"}],"version-history":[{"count":1,"href":"https:\/\/agora.xtec.cat\/escolademusicsijpc\/wp-json\/wp\/v2\/posts\/7239\/revisions"}],"predecessor-version":[{"id":7243,"href":"https:\/\/agora.xtec.cat\/escolademusicsijpc\/wp-json\/wp\/v2\/posts\/7239\/revisions\/7243"}],"wp:featuredmedia":[{"embeddable":true,"href":"https:\/\/agora.xtec.cat\/escolademusicsijpc\/wp-json\/wp\/v2\/media\/7242"}],"wp:attachment":[{"href":"https:\/\/agora.xtec.cat\/escolademusicsijpc\/wp-json\/wp\/v2\/media?parent=7239"}],"wp:term":[{"taxonomy":"category","embeddable":true,"href":"https:\/\/agora.xtec.cat\/escolademusicsijpc\/wp-json\/wp\/v2\/categories?post=7239"},{"taxonomy":"post_tag","embeddable":true,"href":"https:\/\/agora.xtec.cat\/escolademusicsijpc\/wp-json\/wp\/v2\/tags?post=7239"}],"curies":[{"name":"wp","href":"https:\/\/api.w.org\/{rel}","templated":true}]}}