{"id":7198,"date":"2018-12-14T18:41:00","date_gmt":"2018-12-14T17:41:00","guid":{"rendered":"http:\/\/agora.xtec.cat\/escolademusicsijpc\/?p=7198"},"modified":"2018-12-14T18:41:00","modified_gmt":"2018-12-14T17:41:00","slug":"cantada-de-nadales-al-palau-guell-2","status":"publish","type":"post","link":"https:\/\/agora.xtec.cat\/escolademusicsijpc\/general\/cantada-de-nadales-al-palau-guell-2\/","title":{"rendered":"Cantada de Nadales al Palau G\u00fcell"},"content":{"rendered":"<p>Molt contents d&#8217;haver participat un any m\u00e9s en un mat\u00ed tan especial.<\/p>\n<ul>\n<li>Divendres 14 de desembre de 2018<\/li>\n<li>Cor de l&#8217;escola Labour\u00e9<\/li>\n<li>Direcci\u00f3: Cristina Colomer i T\u00e9rmens<\/li>\n<li>Piano: Joaquim Tardido P\u00e9rez<\/li>\n<\/ul>\n<p><a href=\"https:\/\/agora.xtec.cat\/escolademusicsijpc\/wp-content\/uploads\/usu459\/2018\/12\/48356106_2205461023060377_3532004636909109248_n.jpg\"><img loading=\"lazy\" decoding=\"async\" class=\"size-medium wp-image-7199 alignleft\" src=\"https:\/\/agora.xtec.cat\/escolademusicsijpc\/wp-content\/uploads\/usu459\/2018\/12\/48356106_2205461023060377_3532004636909109248_n-142x300.jpg\" alt=\"\" width=\"142\" height=\"300\" srcset=\"https:\/\/agora.xtec.cat\/escolademusicsijpc\/wp-content\/uploads\/usu459\/2018\/12\/48356106_2205461023060377_3532004636909109248_n-142x300.jpg 142w, https:\/\/agora.xtec.cat\/escolademusicsijpc\/wp-content\/uploads\/usu459\/2018\/12\/48356106_2205461023060377_3532004636909109248_n.jpg 455w\" sizes=\"auto, (max-width: 142px) 100vw, 142px\" \/><\/a><\/p>\n","protected":false},"excerpt":{"rendered":"<p>Molt contents d&#8217;haver participat un any m\u00e9s en un mat\u00ed tan especial.<\/p>\n<ul>\n<li>Divendres 14 de desembre de 2018<\/li>\n<li>Cor de l&#8217;escola Labour\u00e9<\/li>\n<li>Direcci\u00f3: Cristina Colomer i T\u00e9rmens<\/li>\n<li>Piano: Joaquim Tardido P\u00e9rez<\/li>\n<\/ul>\n<p><a href=\"https:\/\/agora.xtec.cat\/escolademusicsijpc\/wp-content\/uploads\/usu459\/2018\/12\/48356106_2205461023060377_3532004636909109248_n.jpg\"><\/a><\/p>\n","protected":false},"author":3,"featured_media":7199,"comment_status":"open","ping_status":"closed","sticky":false,"template":"","format":"standard","meta":{"_bbp_topic_count":0,"_bbp_reply_count":0,"_bbp_total_topic_count":0,"_bbp_total_reply_count":0,"_bbp_voice_count":0,"_bbp_anonymous_reply_count":0,"_bbp_topic_count_hidden":0,"_bbp_reply_count_hidden":0,"_bbp_forum_subforum_count":0,"footnotes":""},"categories":[66,1,104],"tags":[],"class_list":["post-7198","post","type-post","status-publish","format-standard","has-post-thumbnail","hentry","category-corals","category-general","category-uncategorized"],"post_mailing_queue_ids":[],"_links":{"self":[{"href":"https:\/\/agora.xtec.cat\/escolademusicsijpc\/wp-json\/wp\/v2\/posts\/7198","targetHints":{"allow":["GET"]}}],"collection":[{"href":"https:\/\/agora.xtec.cat\/escolademusicsijpc\/wp-json\/wp\/v2\/posts"}],"about":[{"href":"https:\/\/agora.xtec.cat\/escolademusicsijpc\/wp-json\/wp\/v2\/types\/post"}],"author":[{"embeddable":true,"href":"https:\/\/agora.xtec.cat\/escolademusicsijpc\/wp-json\/wp\/v2\/users\/3"}],"replies":[{"embeddable":true,"href":"https:\/\/agora.xtec.cat\/escolademusicsijpc\/wp-json\/wp\/v2\/comments?post=7198"}],"version-history":[{"count":1,"href":"https:\/\/agora.xtec.cat\/escolademusicsijpc\/wp-json\/wp\/v2\/posts\/7198\/revisions"}],"predecessor-version":[{"id":7200,"href":"https:\/\/agora.xtec.cat\/escolademusicsijpc\/wp-json\/wp\/v2\/posts\/7198\/revisions\/7200"}],"wp:featuredmedia":[{"embeddable":true,"href":"https:\/\/agora.xtec.cat\/escolademusicsijpc\/wp-json\/wp\/v2\/media\/7199"}],"wp:attachment":[{"href":"https:\/\/agora.xtec.cat\/escolademusicsijpc\/wp-json\/wp\/v2\/media?parent=7198"}],"wp:term":[{"taxonomy":"category","embeddable":true,"href":"https:\/\/agora.xtec.cat\/escolademusicsijpc\/wp-json\/wp\/v2\/categories?post=7198"},{"taxonomy":"post_tag","embeddable":true,"href":"https:\/\/agora.xtec.cat\/escolademusicsijpc\/wp-json\/wp\/v2\/tags?post=7198"}],"curies":[{"name":"wp","href":"https:\/\/api.w.org\/{rel}","templated":true}]}}