{"id":7175,"date":"2018-12-04T18:15:53","date_gmt":"2018-12-04T17:15:53","guid":{"rendered":"http:\/\/agora.xtec.cat\/escolademusicsijpc\/?p=7175"},"modified":"2018-12-04T18:15:53","modified_gmt":"2018-12-04T17:15:53","slug":"la-cantada-de-nadales-del-palau-guell-2","status":"publish","type":"post","link":"https:\/\/agora.xtec.cat\/escolademusicsijpc\/general\/la-cantada-de-nadales-del-palau-guell-2\/","title":{"rendered":"La cantada de nadales del Palau G\u00fcell"},"content":{"rendered":"<div class=\"content-header\">\n<p class=\"title df1\">El Palau G\u00fcell us desitja unes bones festes de Nadal amb la quarta<a style=\"font-size: 16px;\" href=\"http:\/\/palauguell.cat\/la-cantada-de-nadales-del-palau-guell\"> &#8216;Cantada de Nadales del Palau G\u00fcell&#8217;<\/a><span style=\"font-size: 16px;\"> que anir\u00e0 a c\u00e0rrec del Cor de l&#8217;Escola Labour\u00e9 , amb la direcci\u00f3 musical de Cristina Colomer i Termens i Joaquim Tardido Pe\u0301rez al piano. Les audicions tindran lloc el divendres 14 de desembre al sal\u00f3 central a les 11.30 h i 12 h (30 minuts de duraci\u00f3 aproximadament). Activitat inclosa en el preu de l&#8217;entrada.\u00a0<\/span><\/p>\n<\/div>\n<div id=\"pagina\" class=\"contentGallery\">\n<div class=\"texts\">\n<p>La coral delectar\u00e0 els assistents amb dues audicions a les 11.30h i a les 12h al sal\u00f3 central. Aquest concert de Nadal compta amb una selecci\u00f3 de peces musicals que reviuen els valors m\u00e9s bonics que pot inspirar el millor esperit de pau i felicitat.<\/p>\n<p><span class=\"boto\"><a href=\"http:\/\/entrades.palauguell.cat\/muslink\/venda\/activitats.jsp?lang=1&amp;nom_cache=PALAU&amp;property=PALAU\" target=\"_blank\" rel=\"noopener\">Compra d&#8217;entrades<\/a><\/span><\/p>\n<p>La iniciativa, que t\u00e9 lloc per quarta vegada, forma part dels objectius de la Direcci\u00f3 del Palau G\u00fcell de contribuir a la dinamitzaci\u00f3 del barri del Raval i de la difusi\u00f3 als ve\u00efns i ve\u00efnes d\u2019aquest edifici inscrit a la llista del Patrimoni Mundial de la UNESCO des del 1984 pel seu valor universal excepcional.<\/p>\n<p>La Direcci\u00f3 del Palau G\u00fcell vol agrair la col\u2022laboraci\u00f3 dels petits cantaires que faran possible ambdues audicions.<\/p>\n<p><strong>Cor de l&#8217;escola Labour\u00e9<\/strong><br \/>\nDivendres 14 de desembre de 2018.<br \/>\nSal\u00f3 central del Palau G\u00fcell.<br \/>\n11.30 h i 12 h.<\/p>\n<p><a href=\"https:\/\/agora.xtec.cat\/escolademusicsijpc\/wp-content\/uploads\/usu459\/2018\/12\/cor-laboure.gif\"><img loading=\"lazy\" decoding=\"async\" class=\"size-medium wp-image-7176 alignleft\" src=\"https:\/\/agora.xtec.cat\/escolademusicsijpc\/wp-content\/uploads\/usu459\/2018\/12\/cor-laboure-300x167.gif\" alt=\"\" width=\"300\" height=\"167\" srcset=\"https:\/\/agora.xtec.cat\/escolademusicsijpc\/wp-content\/uploads\/usu459\/2018\/12\/cor-laboure-300x167.gif 300w, https:\/\/agora.xtec.cat\/escolademusicsijpc\/wp-content\/uploads\/usu459\/2018\/12\/cor-laboure-768x427.gif 768w\" sizes=\"auto, (max-width: 300px) 100vw, 300px\" \/><\/a><\/p>\n<\/div>\n<\/div>\n","protected":false},"excerpt":{"rendered":"<p>El Palau G\u00fcell us desitja unes bones festes de Nadal amb la quarta<a style=\"font-size: 16px;\" href=\"http:\/\/palauguell.cat\/la-cantada-de-nadales-del-palau-guell\"> &#8216;Cantada de Nadales del Palau G\u00fcell&#8217;<\/a> que anir\u00e0 a c\u00e0rrec del Cor de l&#8217;Escola Labour\u00e9 , amb la direcci\u00f3 musical de Cristina Colomer i Termens i Joaquim Tardido Pe\u0301rez&hellip;  <a href=\"https:\/\/agora.xtec.cat\/escolademusicsijpc\/general\/la-cantada-de-nadales-del-palau-guell-2\/\" title=\"Read La cantada de nadales del Palau G\u00fcell\">Llegeix m\u00e9s\u00bb<\/a><\/p>\n","protected":false},"author":3,"featured_media":7176,"comment_status":"open","ping_status":"closed","sticky":false,"template":"","format":"standard","meta":{"_bbp_topic_count":0,"_bbp_reply_count":0,"_bbp_total_topic_count":0,"_bbp_total_reply_count":0,"_bbp_voice_count":0,"_bbp_anonymous_reply_count":0,"_bbp_topic_count_hidden":0,"_bbp_reply_count_hidden":0,"_bbp_forum_subforum_count":0,"footnotes":""},"categories":[66,1,104],"tags":[],"class_list":["post-7175","post","type-post","status-publish","format-standard","has-post-thumbnail","hentry","category-corals","category-general","category-uncategorized"],"post_mailing_queue_ids":[],"_links":{"self":[{"href":"https:\/\/agora.xtec.cat\/escolademusicsijpc\/wp-json\/wp\/v2\/posts\/7175","targetHints":{"allow":["GET"]}}],"collection":[{"href":"https:\/\/agora.xtec.cat\/escolademusicsijpc\/wp-json\/wp\/v2\/posts"}],"about":[{"href":"https:\/\/agora.xtec.cat\/escolademusicsijpc\/wp-json\/wp\/v2\/types\/post"}],"author":[{"embeddable":true,"href":"https:\/\/agora.xtec.cat\/escolademusicsijpc\/wp-json\/wp\/v2\/users\/3"}],"replies":[{"embeddable":true,"href":"https:\/\/agora.xtec.cat\/escolademusicsijpc\/wp-json\/wp\/v2\/comments?post=7175"}],"version-history":[{"count":1,"href":"https:\/\/agora.xtec.cat\/escolademusicsijpc\/wp-json\/wp\/v2\/posts\/7175\/revisions"}],"predecessor-version":[{"id":7177,"href":"https:\/\/agora.xtec.cat\/escolademusicsijpc\/wp-json\/wp\/v2\/posts\/7175\/revisions\/7177"}],"wp:featuredmedia":[{"embeddable":true,"href":"https:\/\/agora.xtec.cat\/escolademusicsijpc\/wp-json\/wp\/v2\/media\/7176"}],"wp:attachment":[{"href":"https:\/\/agora.xtec.cat\/escolademusicsijpc\/wp-json\/wp\/v2\/media?parent=7175"}],"wp:term":[{"taxonomy":"category","embeddable":true,"href":"https:\/\/agora.xtec.cat\/escolademusicsijpc\/wp-json\/wp\/v2\/categories?post=7175"},{"taxonomy":"post_tag","embeddable":true,"href":"https:\/\/agora.xtec.cat\/escolademusicsijpc\/wp-json\/wp\/v2\/tags?post=7175"}],"curies":[{"name":"wp","href":"https:\/\/api.w.org\/{rel}","templated":true}]}}