{"id":7156,"date":"2018-11-29T17:32:02","date_gmt":"2018-11-29T16:32:02","guid":{"rendered":"http:\/\/agora.xtec.cat\/escolademusicsijpc\/?p=7156"},"modified":"2018-11-29T17:32:02","modified_gmt":"2018-11-29T16:32:02","slug":"destresa-musical","status":"publish","type":"post","link":"https:\/\/agora.xtec.cat\/escolademusicsijpc\/general\/destresa-musical\/","title":{"rendered":"Destresa musical"},"content":{"rendered":"<p>A L&#8217;Escola de M\u00fasica ens adaptem a les necessitats dels nostres alumnes tamb\u00e9 mitjan\u00e7ant les noves tecnologies.<\/p>\n<p><a href=\"https:\/\/agora.xtec.cat\/escolademusicsijpc\/wp-content\/uploads\/usu459\/2018\/11\/46679495_2192160634390416_5739827765054537728_n.jpg\"><img loading=\"lazy\" decoding=\"async\" class=\"size-medium wp-image-7158 alignleft\" src=\"https:\/\/agora.xtec.cat\/escolademusicsijpc\/wp-content\/uploads\/usu459\/2018\/11\/46679495_2192160634390416_5739827765054537728_n-232x300.jpg\" alt=\"\" width=\"232\" height=\"300\" srcset=\"https:\/\/agora.xtec.cat\/escolademusicsijpc\/wp-content\/uploads\/usu459\/2018\/11\/46679495_2192160634390416_5739827765054537728_n-232x300.jpg 232w, https:\/\/agora.xtec.cat\/escolademusicsijpc\/wp-content\/uploads\/usu459\/2018\/11\/46679495_2192160634390416_5739827765054537728_n.jpg 742w\" sizes=\"auto, (max-width: 232px) 100vw, 232px\" \/>\u00a0<\/a><a href=\"https:\/\/agora.xtec.cat\/escolademusicsijpc\/wp-content\/uploads\/usu459\/2018\/11\/46525333_2192160641057082_4652495607968038912_n.jpg\"><img loading=\"lazy\" decoding=\"async\" class=\"size-medium wp-image-7157 alignleft\" src=\"https:\/\/agora.xtec.cat\/escolademusicsijpc\/wp-content\/uploads\/usu459\/2018\/11\/46525333_2192160641057082_4652495607968038912_n-232x300.jpg\" alt=\"\" width=\"232\" height=\"300\" srcset=\"https:\/\/agora.xtec.cat\/escolademusicsijpc\/wp-content\/uploads\/usu459\/2018\/11\/46525333_2192160641057082_4652495607968038912_n-232x300.jpg 232w, https:\/\/agora.xtec.cat\/escolademusicsijpc\/wp-content\/uploads\/usu459\/2018\/11\/46525333_2192160641057082_4652495607968038912_n.jpg 742w\" sizes=\"auto, (max-width: 232px) 100vw, 232px\" \/><\/a><\/p>\n","protected":false},"excerpt":{"rendered":"<p>A L&#8217;Escola de M\u00fasica ens adaptem a les necessitats dels nostres alumnes tamb\u00e9 mitjan\u00e7ant les noves tecnologies.<br \/>\n<a href=\"https:\/\/agora.xtec.cat\/escolademusicsijpc\/wp-content\/uploads\/usu459\/2018\/11\/46679495_2192160634390416_5739827765054537728_n.jpg\">\u00a0<\/a><a href=\"https:\/\/agora.xtec.cat\/escolademusicsijpc\/wp-content\/uploads\/usu459\/2018\/11\/46525333_2192160641057082_4652495607968038912_n.jpg\"><\/a><\/p>\n","protected":false},"author":3,"featured_media":7160,"comment_status":"open","ping_status":"closed","sticky":false,"template":"","format":"standard","meta":{"_bbp_topic_count":0,"_bbp_reply_count":0,"_bbp_total_topic_count":0,"_bbp_total_reply_count":0,"_bbp_voice_count":0,"_bbp_anonymous_reply_count":0,"_bbp_topic_count_hidden":0,"_bbp_reply_count_hidden":0,"_bbp_forum_subforum_count":0,"footnotes":""},"categories":[1,69,104],"tags":[],"class_list":["post-7156","post","type-post","status-publish","format-standard","has-post-thumbnail","hentry","category-general","category-master-classes","category-uncategorized"],"post_mailing_queue_ids":[],"_links":{"self":[{"href":"https:\/\/agora.xtec.cat\/escolademusicsijpc\/wp-json\/wp\/v2\/posts\/7156","targetHints":{"allow":["GET"]}}],"collection":[{"href":"https:\/\/agora.xtec.cat\/escolademusicsijpc\/wp-json\/wp\/v2\/posts"}],"about":[{"href":"https:\/\/agora.xtec.cat\/escolademusicsijpc\/wp-json\/wp\/v2\/types\/post"}],"author":[{"embeddable":true,"href":"https:\/\/agora.xtec.cat\/escolademusicsijpc\/wp-json\/wp\/v2\/users\/3"}],"replies":[{"embeddable":true,"href":"https:\/\/agora.xtec.cat\/escolademusicsijpc\/wp-json\/wp\/v2\/comments?post=7156"}],"version-history":[{"count":1,"href":"https:\/\/agora.xtec.cat\/escolademusicsijpc\/wp-json\/wp\/v2\/posts\/7156\/revisions"}],"predecessor-version":[{"id":7159,"href":"https:\/\/agora.xtec.cat\/escolademusicsijpc\/wp-json\/wp\/v2\/posts\/7156\/revisions\/7159"}],"wp:featuredmedia":[{"embeddable":true,"href":"https:\/\/agora.xtec.cat\/escolademusicsijpc\/wp-json\/wp\/v2\/media\/7160"}],"wp:attachment":[{"href":"https:\/\/agora.xtec.cat\/escolademusicsijpc\/wp-json\/wp\/v2\/media?parent=7156"}],"wp:term":[{"taxonomy":"category","embeddable":true,"href":"https:\/\/agora.xtec.cat\/escolademusicsijpc\/wp-json\/wp\/v2\/categories?post=7156"},{"taxonomy":"post_tag","embeddable":true,"href":"https:\/\/agora.xtec.cat\/escolademusicsijpc\/wp-json\/wp\/v2\/tags?post=7156"}],"curies":[{"name":"wp","href":"https:\/\/api.w.org\/{rel}","templated":true}]}}