{"id":7153,"date":"2018-11-28T17:18:29","date_gmt":"2018-11-28T16:18:29","guid":{"rendered":"http:\/\/agora.xtec.cat\/escolademusicsijpc\/?p=7153"},"modified":"2018-11-28T17:18:29","modified_gmt":"2018-11-28T16:18:29","slug":"ajuts-lem-i-jpc","status":"publish","type":"post","link":"https:\/\/agora.xtec.cat\/escolademusicsijpc\/general\/ajuts-lem-i-jpc\/","title":{"rendered":"Ajuts L&#8217;EM i JPC"},"content":{"rendered":"<p>Aquest curs, L\u2019Escola de M\u00fasics i JPC, pot oferir una nova l\u00ednia d\u2019ajuts per estudiar baix el\u00e8ctric, contrabaix i tromb\u00f3 de bares i que en aquest moment no estiguin cursant aquests instruments.<br \/>\nAdre\u00e7at a totes aquelles fam\u00edlies amb dificultats econ\u00f2miques.<\/p>\n<p><a href=\"https:\/\/agora.xtec.cat\/escolademusicsijpc\/wp-content\/uploads\/usu459\/2018\/11\/47022421_2195223737417439_2400750520756076544_n.jpg\"><img loading=\"lazy\" decoding=\"async\" class=\"size-medium wp-image-7154 aligncenter\" src=\"https:\/\/agora.xtec.cat\/escolademusicsijpc\/wp-content\/uploads\/usu459\/2018\/11\/47022421_2195223737417439_2400750520756076544_n-225x300.jpg\" alt=\"\" width=\"225\" height=\"300\" srcset=\"https:\/\/agora.xtec.cat\/escolademusicsijpc\/wp-content\/uploads\/usu459\/2018\/11\/47022421_2195223737417439_2400750520756076544_n-225x300.jpg 225w, https:\/\/agora.xtec.cat\/escolademusicsijpc\/wp-content\/uploads\/usu459\/2018\/11\/47022421_2195223737417439_2400750520756076544_n.jpg 720w\" sizes=\"auto, (max-width: 225px) 100vw, 225px\" \/><\/a><\/p>\n","protected":false},"excerpt":{"rendered":"<p>Aquest curs, L\u2019Escola de M\u00fasics i JPC, pot oferir una nova l\u00ednia d\u2019ajuts per estudiar baix el\u00e8ctric, contrabaix i tromb\u00f3 de bares i que en aquest moment no estiguin cursant aquests instruments.<br \/>\nAdre\u00e7at a totes aquelles fam\u00edlies amb dificultats econ\u00f2miques.<br \/>\n<a href=\"https:\/\/agora.xtec.cat\/escolademusicsijpc\/wp-content\/uploads\/usu459\/2018\/11\/47022421_2195223737417439_2400750520756076544_n.jpg\"><\/a><\/p>\n","protected":false},"author":3,"featured_media":7154,"comment_status":"open","ping_status":"closed","sticky":false,"template":"","format":"standard","meta":{"_bbp_topic_count":0,"_bbp_reply_count":0,"_bbp_total_topic_count":0,"_bbp_total_reply_count":0,"_bbp_voice_count":0,"_bbp_anonymous_reply_count":0,"_bbp_topic_count_hidden":0,"_bbp_reply_count_hidden":0,"_bbp_forum_subforum_count":0,"footnotes":""},"categories":[1,104],"tags":[],"class_list":["post-7153","post","type-post","status-publish","format-standard","has-post-thumbnail","hentry","category-general","category-uncategorized"],"post_mailing_queue_ids":[],"_links":{"self":[{"href":"https:\/\/agora.xtec.cat\/escolademusicsijpc\/wp-json\/wp\/v2\/posts\/7153","targetHints":{"allow":["GET"]}}],"collection":[{"href":"https:\/\/agora.xtec.cat\/escolademusicsijpc\/wp-json\/wp\/v2\/posts"}],"about":[{"href":"https:\/\/agora.xtec.cat\/escolademusicsijpc\/wp-json\/wp\/v2\/types\/post"}],"author":[{"embeddable":true,"href":"https:\/\/agora.xtec.cat\/escolademusicsijpc\/wp-json\/wp\/v2\/users\/3"}],"replies":[{"embeddable":true,"href":"https:\/\/agora.xtec.cat\/escolademusicsijpc\/wp-json\/wp\/v2\/comments?post=7153"}],"version-history":[{"count":1,"href":"https:\/\/agora.xtec.cat\/escolademusicsijpc\/wp-json\/wp\/v2\/posts\/7153\/revisions"}],"predecessor-version":[{"id":7155,"href":"https:\/\/agora.xtec.cat\/escolademusicsijpc\/wp-json\/wp\/v2\/posts\/7153\/revisions\/7155"}],"wp:featuredmedia":[{"embeddable":true,"href":"https:\/\/agora.xtec.cat\/escolademusicsijpc\/wp-json\/wp\/v2\/media\/7154"}],"wp:attachment":[{"href":"https:\/\/agora.xtec.cat\/escolademusicsijpc\/wp-json\/wp\/v2\/media?parent=7153"}],"wp:term":[{"taxonomy":"category","embeddable":true,"href":"https:\/\/agora.xtec.cat\/escolademusicsijpc\/wp-json\/wp\/v2\/categories?post=7153"},{"taxonomy":"post_tag","embeddable":true,"href":"https:\/\/agora.xtec.cat\/escolademusicsijpc\/wp-json\/wp\/v2\/tags?post=7153"}],"curies":[{"name":"wp","href":"https:\/\/api.w.org\/{rel}","templated":true}]}}