{"id":7065,"date":"2018-11-08T19:54:15","date_gmt":"2018-11-08T18:54:15","guid":{"rendered":"http:\/\/agora.xtec.cat\/escolademusicsijpc\/?p=7065"},"modified":"2018-11-08T19:54:34","modified_gmt":"2018-11-08T18:54:34","slug":"lescola-de-musics-a-les-festes-del-raval","status":"publish","type":"post","link":"https:\/\/agora.xtec.cat\/escolademusicsijpc\/general\/lescola-de-musics-a-les-festes-del-raval\/","title":{"rendered":"L&#8217;escola de M\u00fasics a les festes del Raval!"},"content":{"rendered":"<p><span style=\"color: #f23113;\"><strong><a href=\"https:\/\/lescolademusicsijpc.files.wordpress.com\/2018\/11\/festival_de_cultura_ravals_2018_xarxes_0.jpg\"><img loading=\"lazy\" decoding=\"async\" class=\"size-medium wp-image-6809 alignright\" src=\"https:\/\/lescolademusicsijpc.files.wordpress.com\/2018\/11\/festival_de_cultura_ravals_2018_xarxes_0.jpg?w=146\" alt=\"\" width=\"146\" height=\"300\" \/><\/a>DIVENDRES 9\/11<\/strong><\/span><\/p>\n<ul>\n<li><strong><span style=\"color: #f23113;\">Concert Coral de les escoles al Mar\u00edtim<\/span> <\/strong><\/li>\n<li>11,00h \/ Museu Mar\u00edtim de Barcelona (Av. de les Drassanes, s\/n)<br \/>\nGrups corals de diferents centres educatius del barri i alguns convidats, ens ofereixen les seves\u00a0 interpretacions en aquest emblem\u00e0tic equipament de la ciutat.<br \/>\nOrg: L\u2019Escola de M\u00fasics i JPC i Museu Mar\u00edtim de Barcelona \/ Col: Escoles Drassanes, Mil\u00e0 i Fontanals, Labour\u00e9, Vedruna, Rub\u00e9n Dar\u00edo, Parc de la Ciutadella, Mediterr\u00e0nia, Alexandre Gal\u00ed, Cervantes, Baixeras, INS Pau Claris<\/li>\n<li><strong><span style=\"color: #f23113;\">Concert \u2018Sons del Raval\u2019\/\/ Concierto \u2018Sonidos del Raval\u2019<\/span><\/strong><\/li>\n<li>El Raval sempre ha estat un territori creatiu, amb una traject\u00f2ria musical important i reconeguda a<br \/>\ntot arreu. Les joves promeses i les escoles de m\u00fasica del barri ens mostren tot el seu potencial<br \/>\ncreatiu.<\/li>\n<li>20,30h Combos de l\u2019Escola de M\u00fasics i JPC\/ Pl. dels \u00c0ngels<\/li>\n<\/ul>\n<p><span style=\"color: #008000;\"><strong>DISSABTE 10\/11<\/strong><\/span><\/p>\n<ul>\n<li><strong><span style=\"color: #008000;\">Concert de les corals del barri\u00a0<\/span><\/strong><br \/>\n12,00h \/ Teatre Romea (c. Hospital, 51)<br \/>\nConcert dedicat a Maria Casas Mira, ve\u00efna que va dedicar part de la seva vida a la recuperaci\u00f3 de la mem\u00f2ria hist\u00f2rica del Raval.<\/li>\n<li><strong><span style=\"color: #008000;\">&#8211; Sons de veu i Smiling. Coral de nens de L\u2019Escola de M\u00fasics i JPC<\/span><\/strong><br \/>\n&#8211; Coro Infantil Kudyapi<br \/>\n&#8211; Coral infantil de Xamfr\u00e0<br \/>\n&#8211; Gospel Raval<br \/>\n<span style=\"color: #008000;\"><strong>&#8211; JPC Musicals\u2019 Choir. Coral de Joves de L\u2019Escola de M\u00fasics i JPC<\/strong><\/span><br \/>\n&#8211; Cor Turull<br \/>\n&#8211; Coral Les Flors de Maig<br \/>\n&#8211; Grup Cantaires Mon Raval<br \/>\n&#8211; Grup del taller de M\u00fasica, Cos i Ment del CMGG Josep Tarradellas i Josep Trueta<\/li>\n<\/ul>\n<p><span style=\"color: #008000;\"><strong>A la Pla\u00e7a dels \u00c0ngels:<\/strong><\/span><\/p>\n<ul>\n<li><span style=\"color: #008000;\"><strong>17,00h Raval\u2019s Band, de l&#8217;Escola de M\u00fasics i JPC<\/strong><\/span><\/li>\n<\/ul>\n<p><a href=\"https:\/\/www.totraval.org\/sites\/default\/files\/programa_ravals_per_pag_2.pdf\">Festival de Cultura Raval(s)Programa<\/a><br \/>\nFet per la gent del barri<br \/>\nDel 8 a l\u201911 de novembre de 2018<\/p>\n","protected":false},"excerpt":{"rendered":"<p><a href=\"https:\/\/lescolademusicsijpc.files.wordpress.com\/2018\/11\/festival_de_cultura_ravals_2018_xarxes_0.jpg\"><\/a>DIVENDRES 9\/11<\/p>\n<ul>\n<li>Concert Coral de les escoles al Mar\u00edtim <\/li>\n<li>11,00h \/ Museu Mar\u00edtim de Barcelona (Av. de les Drassanes, s\/n)<br \/>\nGrups corals de diferents centres educatius del barri i alguns convidats, ens ofereixen les seves\u00a0 interpretacions en aquest emblem\u00e0tic equipament de la ciutat.<br \/>\nOrg: L\u2019Escola de M\u00fasics&hellip;  <a href=\"https:\/\/agora.xtec.cat\/escolademusicsijpc\/general\/lescola-de-musics-a-les-festes-del-raval\/\" title=\"Read L&#8217;escola de M\u00fasics a les festes del Raval!\">Llegeix m\u00e9s\u00bb<\/a><\/p>\n","protected":false},"author":3,"featured_media":7067,"comment_status":"open","ping_status":"closed","sticky":false,"template":"","format":"standard","meta":{"_bbp_topic_count":0,"_bbp_reply_count":0,"_bbp_total_topic_count":0,"_bbp_total_reply_count":0,"_bbp_voice_count":0,"_bbp_anonymous_reply_count":0,"_bbp_topic_count_hidden":0,"_bbp_reply_count_hidden":0,"_bbp_forum_subforum_count":0,"footnotes":""},"categories":[62,63,66,1,105,75,104],"tags":[],"class_list":["post-7065","post","type-post","status-publish","format-standard","has-post-thumbnail","hentry","category-combos","category-concerts","category-corals","category-general","category-musicals-choir","category-ravals-band","category-uncategorized"],"post_mailing_queue_ids":[],"_links":{"self":[{"href":"https:\/\/agora.xtec.cat\/escolademusicsijpc\/wp-json\/wp\/v2\/posts\/7065","targetHints":{"allow":["GET"]}}],"collection":[{"href":"https:\/\/agora.xtec.cat\/escolademusicsijpc\/wp-json\/wp\/v2\/posts"}],"about":[{"href":"https:\/\/agora.xtec.cat\/escolademusicsijpc\/wp-json\/wp\/v2\/types\/post"}],"author":[{"embeddable":true,"href":"https:\/\/agora.xtec.cat\/escolademusicsijpc\/wp-json\/wp\/v2\/users\/3"}],"replies":[{"embeddable":true,"href":"https:\/\/agora.xtec.cat\/escolademusicsijpc\/wp-json\/wp\/v2\/comments?post=7065"}],"version-history":[{"count":1,"href":"https:\/\/agora.xtec.cat\/escolademusicsijpc\/wp-json\/wp\/v2\/posts\/7065\/revisions"}],"predecessor-version":[{"id":7066,"href":"https:\/\/agora.xtec.cat\/escolademusicsijpc\/wp-json\/wp\/v2\/posts\/7065\/revisions\/7066"}],"wp:featuredmedia":[{"embeddable":true,"href":"https:\/\/agora.xtec.cat\/escolademusicsijpc\/wp-json\/wp\/v2\/media\/7067"}],"wp:attachment":[{"href":"https:\/\/agora.xtec.cat\/escolademusicsijpc\/wp-json\/wp\/v2\/media?parent=7065"}],"wp:term":[{"taxonomy":"category","embeddable":true,"href":"https:\/\/agora.xtec.cat\/escolademusicsijpc\/wp-json\/wp\/v2\/categories?post=7065"},{"taxonomy":"post_tag","embeddable":true,"href":"https:\/\/agora.xtec.cat\/escolademusicsijpc\/wp-json\/wp\/v2\/tags?post=7065"}],"curies":[{"name":"wp","href":"https:\/\/api.w.org\/{rel}","templated":true}]}}