{"id":6996,"date":"2018-10-17T16:21:31","date_gmt":"2018-10-17T14:21:31","guid":{"rendered":"http:\/\/agora.xtec.cat\/escolademusicsijpc\/?p=6996"},"modified":"2018-10-17T16:21:31","modified_gmt":"2018-10-17T14:21:31","slug":"aniversari-de-calabria-66","status":"publish","type":"post","link":"https:\/\/agora.xtec.cat\/escolademusicsijpc\/general\/aniversari-de-calabria-66\/","title":{"rendered":"Aniversari de Cal\u00e0bria 66"},"content":{"rendered":"<p><a href=\"https:\/\/agora.xtec.cat\/escolademusicsijpc\/wp-content\/uploads\/usu459\/2018\/10\/44319820_2170410086565471_2459584176777592832_n.jpg\"><img loading=\"lazy\" decoding=\"async\" class=\"alignright size-medium wp-image-6997\" src=\"https:\/\/agora.xtec.cat\/escolademusicsijpc\/wp-content\/uploads\/usu459\/2018\/10\/44319820_2170410086565471_2459584176777592832_n-212x300.jpg\" alt=\"\" width=\"212\" height=\"300\" srcset=\"https:\/\/agora.xtec.cat\/escolademusicsijpc\/wp-content\/uploads\/usu459\/2018\/10\/44319820_2170410086565471_2459584176777592832_n-212x300.jpg 212w, https:\/\/agora.xtec.cat\/escolademusicsijpc\/wp-content\/uploads\/usu459\/2018\/10\/44319820_2170410086565471_2459584176777592832_n.jpg 679w\" sizes=\"auto, (max-width: 212px) 100vw, 212px\" \/><\/a>Aquest dissabte l&#8217;Escola de M\u00fasics i JPC participar\u00e0 a l&#8217;aniversari de Cal\u00e0bria 66 amb actuacions de:<\/p>\n<ul>\n<li>a les 11h &#8220;Musicals &#8216;Choir&#8221;<\/li>\n<li>a la 13 h &#8220;Ravals Band&#8221;<\/li>\n<li>a les 21:15 &#8220;the Basement&#8221;<\/li>\n<\/ul>\n<p>&nbsp;<\/p>\n","protected":false},"excerpt":{"rendered":"<p><a href=\"https:\/\/agora.xtec.cat\/escolademusicsijpc\/wp-content\/uploads\/usu459\/2018\/10\/44319820_2170410086565471_2459584176777592832_n.jpg\"><\/a>Aquest dissabte l&#8217;Escola de M\u00fasics i JPC participar\u00e0 a l&#8217;aniversari de Cal\u00e0bria 66 amb actuacions de:<\/p>\n<ul>\n<li>a les 11h &#8220;Musicals &#8216;Choir&#8221;<\/li>\n<li>a la 13 h &#8220;Ravals Band&#8221;<\/li>\n<li>a les 21:15 &#8220;the Basement&#8221;<\/li>\n<\/ul>\n<p>&nbsp;<\/p>\n","protected":false},"author":3,"featured_media":6997,"comment_status":"open","ping_status":"closed","sticky":false,"template":"","format":"standard","meta":{"_bbp_topic_count":0,"_bbp_reply_count":0,"_bbp_total_topic_count":0,"_bbp_total_reply_count":0,"_bbp_voice_count":0,"_bbp_anonymous_reply_count":0,"_bbp_topic_count_hidden":0,"_bbp_reply_count_hidden":0,"_bbp_forum_subforum_count":0,"footnotes":""},"categories":[62,1,105,75,104],"tags":[],"class_list":["post-6996","post","type-post","status-publish","format-standard","has-post-thumbnail","hentry","category-combos","category-general","category-musicals-choir","category-ravals-band","category-uncategorized"],"post_mailing_queue_ids":[],"_links":{"self":[{"href":"https:\/\/agora.xtec.cat\/escolademusicsijpc\/wp-json\/wp\/v2\/posts\/6996","targetHints":{"allow":["GET"]}}],"collection":[{"href":"https:\/\/agora.xtec.cat\/escolademusicsijpc\/wp-json\/wp\/v2\/posts"}],"about":[{"href":"https:\/\/agora.xtec.cat\/escolademusicsijpc\/wp-json\/wp\/v2\/types\/post"}],"author":[{"embeddable":true,"href":"https:\/\/agora.xtec.cat\/escolademusicsijpc\/wp-json\/wp\/v2\/users\/3"}],"replies":[{"embeddable":true,"href":"https:\/\/agora.xtec.cat\/escolademusicsijpc\/wp-json\/wp\/v2\/comments?post=6996"}],"version-history":[{"count":2,"href":"https:\/\/agora.xtec.cat\/escolademusicsijpc\/wp-json\/wp\/v2\/posts\/6996\/revisions"}],"predecessor-version":[{"id":6999,"href":"https:\/\/agora.xtec.cat\/escolademusicsijpc\/wp-json\/wp\/v2\/posts\/6996\/revisions\/6999"}],"wp:featuredmedia":[{"embeddable":true,"href":"https:\/\/agora.xtec.cat\/escolademusicsijpc\/wp-json\/wp\/v2\/media\/6997"}],"wp:attachment":[{"href":"https:\/\/agora.xtec.cat\/escolademusicsijpc\/wp-json\/wp\/v2\/media?parent=6996"}],"wp:term":[{"taxonomy":"category","embeddable":true,"href":"https:\/\/agora.xtec.cat\/escolademusicsijpc\/wp-json\/wp\/v2\/categories?post=6996"},{"taxonomy":"post_tag","embeddable":true,"href":"https:\/\/agora.xtec.cat\/escolademusicsijpc\/wp-json\/wp\/v2\/tags?post=6996"}],"curies":[{"name":"wp","href":"https:\/\/api.w.org\/{rel}","templated":true}]}}